{"id":110617,"date":"2025-05-19T01:15:14","date_gmt":"2025-05-19T01:15:14","guid":{"rendered":"https:\/\/www.europesays.com\/fr\/110617\/"},"modified":"2025-05-19T01:15:14","modified_gmt":"2025-05-19T01:15:14","slug":"des-investisseurs-du-monde-entier-reunis-autour-demmanuel-macron-pour-une-edition-historique","status":"publish","type":"post","link":"https:\/\/www.europesays.com\/fr\/110617\/","title":{"rendered":"des investisseurs du monde entier r\u00e9unis autour d\u2019Emmanuel Macron pour une \u00e9dition \u00abhistorique\u00bb"},"content":{"rendered":"<p><strong>D\u00c9CRYPTAGE <\/strong>&#8211; Apr\u00e8s le pr\u00e9c\u00e9dent record de 15\u00a0milliards d\u2019euros d\u2019investissements annonc\u00e9s en 2024, Emmanuel Macron compte d\u00e9passer la barre des 20\u00a0milliards lors du d\u00e9sormais traditionnel sommet \u00e0 Versailles.<\/p>\n<p class=\"fig-paragraph\">Le\u00a0<a href=\"http:\/\/www.lefigaro.fr\/culture\/chateau-de-versailles-une-enveloppe-de-14-millions-d-euros-pour-la-securite-incendie-20250130\" data-fig-type=\"Article\" data-gtm-custom-categorie=\"navigation\" data-gtm-custom-action=\"crossclick\" data-gtm-custom-label=\"Contextuel\" data-gtm-event=\"customEventSPE\" data-fig-domain=\"LEFIGARO\" target=\"_blank\" rel=\"noopener\">ch\u00e2teau de Versailles<\/a>\u00a0a beau t\u00e9moigner d\u2019une puissance r\u00e9volue, il demeure un \u00e9crin de choix pour le rayonnement de la France. Emmanuel Macron l\u2019a bien compris, lui qui, pour la huiti\u00e8me ann\u00e9e, y re\u00e7oit ce lundi des grands dirigeants d\u2019entreprise du monde entier pour le sommet Choose France.\u00a0<a href=\"http:\/\/www.lefigaro.fr\/societes\/nous-voyageons-tous-en-classe-eco-les-secrets-du-pdg-d-ikea-pour-maintenir-des-prix-bas-20240913\" data-fig-type=\"Article\" data-gtm-custom-categorie=\"navigation\" data-gtm-custom-action=\"crossclick\" data-gtm-custom-label=\"Contextuel\" data-gtm-event=\"customEventSPE\" data-fig-domain=\"LEFIGARO\" target=\"_blank\" rel=\"noopener\">Ikea<\/a>, Envision, Siemens, BASF, BYD, Hyundai, Barclays\u2026 Comme l\u2019an dernier, environ 200\u00a0d\u00e9cideurs s\u2019y presseront. Certains auront m\u00eame l\u2019heur de discuter quelques minutes avec le pr\u00e9sident de la R\u00e9publique. Cette \u00e9dition sera \u00ab\u00a0historique\u00a0\u00bb, a pr\u00e9venu l\u2019\u00c9lys\u00e9e. Dans un entretien accord\u00e9 \u00e0 la presse r\u00e9gionale vendredi, Emmanuel Macron a en effet d\u00e9clar\u00e9 que \u00ab\u00a0plus d\u2019une cinquantaine\u00a0\u00bb de projets serait annonc\u00e9e et que \u00ab\u00a0le cap des 20\u00a0milliards d\u2019euros\u00a0\u00bb serait d\u00e9pass\u00e9.<\/p>\n<p class=\"fig-paragraph\">Apr\u00e8s les 15\u00a0milliards d\u2019euros de 2024 et les 13\u00a0milliards de 2023, cette mont\u00e9e en puissance est attribu\u00e9e au \u00ab\u00a0leadership\u00a0\u00bb et \u00e0 la m\u00e9thode d\u2019Emmanuel Macron, qui, lors de chacun de ses d\u00e9placements internationaux\u2026<\/p>\n<p class=\"fig-premium-paywall__infos\">\n        Cet article est r\u00e9serv\u00e9 aux abonn\u00e9s.        Il vous reste 83% \u00e0 d\u00e9couvrir.\n    <\/p>\n<p>                <img  data- alt=\"Le Figaro\" class=\"fig-img--complete fig-img\"\/><\/p>\n<p class=\"fig-premium-paywall__title\">Vente Flash<\/p>\n<p class=\"fig-premium-paywall__subtitle\">4,99\u20ac par mois pendant 12 mois. Sans engagement.<\/p>\n<p class=\"fig-premium-paywall__connect\">\n                D\u00e9j\u00e0 abonn\u00e9\u00a0?                <a class=\"fig-premium-paywall__connect-link\" href=\"https:\/\/connect.lefigaro.fr\/login?client=horizon_web&amp;type=main&amp;redirect_uri=https%3A%2F%2Fwww.lefigaro.fr%2Fconjoncture%2Fchoose-france-des-investisseurs-du-monde-entier-reunis-autour-d-emmanuel-macron-pour-une-edition-historique-20250518\" data-js-gtm=\"{&quot;customCategorie&quot;: &quot;conversion&quot;, &quot;customAction&quot;: &quot;before_Landing_Connexion_paywall_auto&quot;, &quot;customLabel&quot;: &quot;bGVmaWdhcm8uZnJfXzFmMDMxOTZkLWY1YmItNjljNC1iNGIzLTVkNDgyNmNkYzk2MV9fQXJ0aWNsZQ==_Choose France\u00a0: des investisseurs du monde entier r\u00e9unis autour d\u2019Emmanuel Macron pour une \u00e9dition \u00abhistorique\u00bb_218&quot;, &quot;customIDSPE&quot;: &quot;bGVmaWdhcm8uZnJfXzFmMDMxOTZkLWY1YmItNjljNC1iNGIzLTVkNDgyNmNkYzk2MV9fQXJ0aWNsZQ==&quot;, &quot;event&quot;: &quot;customEventSPE&quot;}\" target=\"_blank\" rel=\"noopener\"><br \/>\n                    Connectez-vous<br \/>\n                <\/a>\n            <\/p>\n","protected":false},"excerpt":{"rendered":"D\u00c9CRYPTAGE &#8211; Apr\u00e8s le pr\u00e9c\u00e9dent record de 15\u00a0milliards d\u2019euros d\u2019investissements annonc\u00e9s en 2024, Emmanuel Macron compte d\u00e9passer la&hellip;\n","protected":false},"author":2,"featured_media":110618,"comment_status":"","ping_status":"","sticky":false,"template":"","format":"standard","meta":{"footnotes":""},"categories":[6],"tags":[339,340,35,343,345,21601,350,130,344,352,349,33,34,1073,341,313,1011,27,346,342,353,351,347,348,354,20423],"class_list":{"0":"post-110617","1":"post","2":"type-post","3":"status-publish","4":"format-standard","5":"has-post-thumbnail","7":"category-economie","8":"tag-actualite-economique","9":"tag-bourse","10":"tag-business","11":"tag-cac-40","12":"tag-chef-dentreprise","13":"tag-choose-france","14":"tag-concurrence","15":"tag-consommation","16":"tag-creation-dentreprise","17":"tag-crise","18":"tag-delocalisations","19":"tag-economie","20":"tag-economy","21":"tag-emmanuel-macron","22":"tag-emploi","23":"tag-entreprises","24":"tag-fr","25":"tag-france","26":"tag-grands-patrons","27":"tag-impots","28":"tag-licenciements","29":"tag-monopole","30":"tag-multinationales","31":"tag-privatisation","32":"tag-unio","33":"tag-versailles"},"share_on_mastodon":{"url":"https:\/\/pubeurope.com\/@fr\/114531855468988454","error":""},"_links":{"self":[{"href":"https:\/\/www.europesays.com\/fr\/wp-json\/wp\/v2\/posts\/110617","targetHints":{"allow":["GET"]}}],"collection":[{"href":"https:\/\/www.europesays.com\/fr\/wp-json\/wp\/v2\/posts"}],"about":[{"href":"https:\/\/www.europesays.com\/fr\/wp-json\/wp\/v2\/types\/post"}],"author":[{"embeddable":true,"href":"https:\/\/www.europesays.com\/fr\/wp-json\/wp\/v2\/users\/2"}],"replies":[{"embeddable":true,"href":"https:\/\/www.europesays.com\/fr\/wp-json\/wp\/v2\/comments?post=110617"}],"version-history":[{"count":0,"href":"https:\/\/www.europesays.com\/fr\/wp-json\/wp\/v2\/posts\/110617\/revisions"}],"wp:featuredmedia":[{"embeddable":true,"href":"https:\/\/www.europesays.com\/fr\/wp-json\/wp\/v2\/media\/110618"}],"wp:attachment":[{"href":"https:\/\/www.europesays.com\/fr\/wp-json\/wp\/v2\/media?parent=110617"}],"wp:term":[{"taxonomy":"category","embeddable":true,"href":"https:\/\/www.europesays.com\/fr\/wp-json\/wp\/v2\/categories?post=110617"},{"taxonomy":"post_tag","embeddable":true,"href":"https:\/\/www.europesays.com\/fr\/wp-json\/wp\/v2\/tags?post=110617"}],"curies":[{"name":"wp","href":"https:\/\/api.w.org\/{rel}","templated":true}]}}