{"id":110619,"date":"2025-05-19T01:16:15","date_gmt":"2025-05-19T01:16:15","guid":{"rendered":"https:\/\/www.europesays.com\/fr\/110619\/"},"modified":"2025-05-19T01:16:15","modified_gmt":"2025-05-19T01:16:15","slug":"giorgia-meloni-tente-de-revenir-dans-le-jeu-diplomatique","status":"publish","type":"post","link":"https:\/\/www.europesays.com\/fr\/110619\/","title":{"rendered":"Giorgia Meloni tente de revenir dans le jeu diplomatique"},"content":{"rendered":"<p>Sa rupture avec les Europ\u00e9ens sur l\u2019Ukraine et son rapprochement avec Donald Trump ont marginalis\u00e9 la pr\u00e9sidente du Conseil italien.<\/p>\n<p class=\"fig-paragraph\">La rencontre surprise organis\u00e9e hier apr\u00e8s-midi par\u00a0<a href=\"http:\/\/www.lefigaro.fr\/international\/guerre-en-ukraine-entre-l-europe-et-les-etats-unis-le-jeu-d-equilibriste-de-giorgia-meloni-20250225\" data-fig-type=\"Article\" data-gtm-custom-categorie=\"navigation\" data-gtm-custom-action=\"crossclick\" data-gtm-custom-label=\"Contextuel\" data-gtm-event=\"customEventSPE\" data-fig-domain=\"LEFIGARO\" rel=\"nofollow noopener\" target=\"_blank\">Giorgia Meloni<\/a>\u00a0entre le vice-pr\u00e9sident am\u00e9ricain,\u00a0<a href=\"http:\/\/www.lefigaro.fr\/flash-eco\/jd-vance-et-ursula-von-der-leyen-discutent-des-droits-de-douane-a-rome-20250518\" data-fig-type=\"NewsFlash\" data-gtm-custom-categorie=\"navigation\" data-gtm-custom-action=\"crossclick\" data-gtm-custom-label=\"Contextuel\" data-gtm-event=\"customEventSPE\" data-fig-domain=\"LEFIGARO\" rel=\"nofollow noopener\" target=\"_blank\">JD Vance, et la pr\u00e9sidente de l\u2019Union europ\u00e9enne, Ursula von der Leyen<\/a>, apr\u00e8s la messe d\u2019intronisation du pape L\u00e9on\u00a0XIV suffira-t-elle \u00e0 faire revenir l\u2019Italie dans le jeu diplomatique\u00a0? \u00ab\u00a0Comme je l\u2019avais propos\u00e9 il y a un mois \u00e0 Washington, expliquait tout sourire la pr\u00e9sidente du Conseil italien, je suis fi\u00e8re d\u2019accueillir les deux leaders pour relancer un dialogue.\u00a0\u00bb Ce n\u2019est pas le sommet de r\u00e9conciliation \u00e0 Rome qu\u2019elle esp\u00e9rait organiser. Mais \u00ab\u00a0c\u2019est un d\u00e9but\u00a0\u00bb, dit-elle. La veille, elle recevait le nouveau chancelier allemand,\u00a0<a href=\"http:\/\/www.lefigaro.fr\/international\/eclats-du-monde-n061-friedrich-merz-le-chancelier-mal-elu-deja-affaibli-sur-la-scene-internationale-20250515\" data-fig-type=\"Article\" data-gtm-custom-categorie=\"navigation\" data-gtm-custom-action=\"crossclick\" data-gtm-custom-label=\"Contextuel\" data-gtm-event=\"customEventSPE\" data-fig-domain=\"LEFIGARO\" rel=\"nofollow noopener\" target=\"_blank\">Friedrich Merz<\/a>, qui, pour mettre un terme aux mauvaises rumeurs, affirmait que l\u2019Italie restait bien un \u00ab\u00a0partenaire strat\u00e9gique de l\u2019Allemagne\u00a0\u00bb.<\/p>\n<p class=\"fig-paragraph\">Car depuis le succ\u00e8s m\u00e9diatique de sa visite \u00e0 Washington, Giorgia Meloni a \u00e9t\u00e9 comme \u00e9clips\u00e9e de la sc\u00e8ne. Le \u00ab\u00a0pont\u00a0\u00bb qu\u2019elle pr\u00e9tend \u00eatre entre l\u2019Europe et Donald Trump a \u00e9t\u00e9 rel\u00e9gu\u00e9\u2026<\/p>\n<p class=\"fig-premium-paywall__infos\">\n        Cet article est r\u00e9serv\u00e9 aux abonn\u00e9s.        Il vous reste 81% \u00e0 d\u00e9couvrir.\n    <\/p>\n<p>                <img  data- alt=\"Le Figaro\" class=\"fig-img--complete fig-img\"\/><\/p>\n<p class=\"fig-premium-paywall__title\">Vente Flash<\/p>\n<p class=\"fig-premium-paywall__subtitle\">4,99\u20ac par mois pendant 12 mois. Sans engagement.<\/p>\n<p class=\"fig-premium-paywall__connect\">\n                D\u00e9j\u00e0 abonn\u00e9\u00a0?                <a class=\"fig-premium-paywall__connect-link\" href=\"https:\/\/connect.lefigaro.fr\/login?client=horizon_web&amp;type=main&amp;redirect_uri=https%3A%2F%2Fwww.lefigaro.fr%2Finternational%2Fgiorgia-meloni-tente-de-revenir-dans-le-jeu-diplomatique-20250518\" data-js-gtm=\"{&quot;customCategorie&quot;: &quot;conversion&quot;, &quot;customAction&quot;: &quot;before_Landing_Connexion_paywall_auto&quot;, &quot;customLabel&quot;: &quot;bGVmaWdhcm8uZnJfXzFmMDMzZmNlLWUwZjQtNjZlNC1iMGU3LWQxYjI3ZTE0ZDIyOV9fQXJ0aWNsZQ==_Giorgia Meloni tente de revenir dans le jeu diplomatique_190&quot;, &quot;customIDSPE&quot;: &quot;bGVmaWdhcm8uZnJfXzFmMDMzZmNlLWUwZjQtNjZlNC1iMGU3LWQxYjI3ZTE0ZDIyOV9fQXJ0aWNsZQ==&quot;, &quot;event&quot;: &quot;customEventSPE&quot;}\" rel=\"nofollow noopener\" target=\"_blank\"><br \/>\n                    Connectez-vous<br \/>\n                <\/a>\n            <\/p>\n","protected":false},"excerpt":{"rendered":"Sa rupture avec les Europ\u00e9ens sur l\u2019Ukraine et son rapprochement avec Donald Trump ont marginalis\u00e9 la pr\u00e9sidente du&hellip;\n","protected":false},"author":2,"featured_media":110620,"comment_status":"","ping_status":"","sticky":false,"template":"","format":"standard","meta":{"footnotes":""},"categories":[5],"tags":[259,11,260,1011,27,3044,14,452,261,12,262,28],"class_list":{"0":"post-110619","1":"post","2":"type-post","3":"status-publish","4":"format-standard","5":"has-post-thumbnail","7":"category-international","8":"tag-actualite-internationale","9":"tag-actualites","10":"tag-affaires-etrangeres","11":"tag-fr","12":"tag-france","13":"tag-giorgia-meloni","14":"tag-international","15":"tag-italie","16":"tag-ministere-des-affaires-etrangeres","17":"tag-news","18":"tag-politique-etrangere","19":"tag-world"},"share_on_mastodon":{"url":"https:\/\/pubeurope.com\/@fr\/114531859429374681","error":""},"_links":{"self":[{"href":"https:\/\/www.europesays.com\/fr\/wp-json\/wp\/v2\/posts\/110619","targetHints":{"allow":["GET"]}}],"collection":[{"href":"https:\/\/www.europesays.com\/fr\/wp-json\/wp\/v2\/posts"}],"about":[{"href":"https:\/\/www.europesays.com\/fr\/wp-json\/wp\/v2\/types\/post"}],"author":[{"embeddable":true,"href":"https:\/\/www.europesays.com\/fr\/wp-json\/wp\/v2\/users\/2"}],"replies":[{"embeddable":true,"href":"https:\/\/www.europesays.com\/fr\/wp-json\/wp\/v2\/comments?post=110619"}],"version-history":[{"count":0,"href":"https:\/\/www.europesays.com\/fr\/wp-json\/wp\/v2\/posts\/110619\/revisions"}],"wp:featuredmedia":[{"embeddable":true,"href":"https:\/\/www.europesays.com\/fr\/wp-json\/wp\/v2\/media\/110620"}],"wp:attachment":[{"href":"https:\/\/www.europesays.com\/fr\/wp-json\/wp\/v2\/media?parent=110619"}],"wp:term":[{"taxonomy":"category","embeddable":true,"href":"https:\/\/www.europesays.com\/fr\/wp-json\/wp\/v2\/categories?post=110619"},{"taxonomy":"post_tag","embeddable":true,"href":"https:\/\/www.europesays.com\/fr\/wp-json\/wp\/v2\/tags?post=110619"}],"curies":[{"name":"wp","href":"https:\/\/api.w.org\/{rel}","templated":true}]}}