{"id":110625,"date":"2025-05-19T01:20:13","date_gmt":"2025-05-19T01:20:13","guid":{"rendered":"https:\/\/www.europesays.com\/fr\/110625\/"},"modified":"2025-05-19T01:20:13","modified_gmt":"2025-05-19T01:20:13","slug":"riolo-fracasse-les-dirigeants","status":"publish","type":"post","link":"https:\/\/www.europesays.com\/fr\/110625\/","title":{"rendered":"Riolo fracasse les dirigeants !"},"content":{"rendered":"<p class=\"\" data-start=\"254\" data-end=\"599\"><strong>Le retour de l\u2019AS Saint-\u00c9tienne en Ligue 2, officialis\u00e9 apr\u00e8s une d\u00e9faite \u00e0 domicile contre Toulouse (2-3), n\u2019a pas surpris les voix de l\u2019After Foot sur RMC Sport. Entre d\u00e9sillusion, gestion incoh\u00e9rente et faillite sportive, Daniel Riolo et Florent Gautreau n\u2019ont \u00e9pargn\u00e9 personne, de l\u2019\u00e9quipe sur le terrain aux nouveaux dirigeants.<\/strong><\/p>\n<p class=\"\" data-start=\"679\" data-end=\"810\">Daniel Riolo, tout en reconnaissant les progr\u00e8s r\u00e9cents des Verts, ne comprend pas comment une telle opportunit\u00e9 a pu \u00eatre g\u00e2ch\u00e9e : \u00ab Sur la saison, on peut parler d&rsquo;une forme de logique dans la continuit\u00e9. Mais Saint-\u00c9tienne, parfois, dans cette fin de saison, a sorti de bons matchs. Battre Toulouse sur le dernier match \u00e0 domicile, c\u2019\u00e9tait envisageable. \u00bb<\/p>\n<p class=\"\" data-start=\"1042\" data-end=\"1221\">Il insiste sur le contexte favorable de ce barrage retour, avec un Chaudron \u00e0 guichets ferm\u00e9s, une \u00e9quipe de Toulouse d\u00e9mobilis\u00e9e, et une dynamique encourageante c\u00f4t\u00e9 st\u00e9phanois : \u00ab Il y avait une dynamique\u2026 Tu te dis : Toulouse, vous venez, vous ne jouez plus rien, on va vous prendre comme il faut, on va gagner. \u00bb<\/p>\n<p class=\"\" data-start=\"1363\" data-end=\"1430\">Mais \u00e0 ses yeux, l\u2019ASSE est pass\u00e9e totalement \u00e0 c\u00f4t\u00e9 de son sujet : \u00ab M\u00eame si t&rsquo;as pas \u00e9t\u00e9 bon, m\u00eame si t&rsquo;as pris du retard, si la saison doit se terminer sur une sorte de finale, tu dois la jouer comme une finale. L\u00e0, ils l&rsquo;ont pas fait. Ils n&rsquo;ont jamais r\u00e9ussi \u00e0 mettre la folie que moi j&rsquo;attendais. \u00bb<\/p>\n<p class=\"\" data-start=\"1671\" data-end=\"1769\">Et de souligner les occasions toulousaines \u00e0 r\u00e9p\u00e9tition, symboles du naufrage d\u00e9fensif des Verts : \u00ab Toulouse a eu \u00e9norm\u00e9ment d&rsquo;occasions d\u2019ailleurs. C\u2019est la folie. Larsonneur il a fait deux-trois arr\u00eats de fou. \u00bb<\/p>\n<p>Une d\u00e9fense \u00e0 la d\u00e9rive, un effectif limit\u00e9<\/p>\n<p class=\"\" data-start=\"1944\" data-end=\"2071\">Florent Gautreau a, de son c\u00f4t\u00e9, point\u00e9 du doigt une donn\u00e9e implacable : les 77 buts encaiss\u00e9s par Saint-\u00c9tienne sur la saison. \u00ab Il y a un truc flagrant quand tu regardes le classement depuis des semaines : la d\u00e9fense de Saint-\u00c9tienne. Ils ont pris 77 buts ! Il n&rsquo;y a que Montpellier qui en a pris plus, et encore, ils \u00e9taient en roue libre depuis cinq-six matchs. Tu peux pas te maintenir en prenant 77 buts. C\u2019est pas possible. \u00bb<\/p>\n<p class=\"\" data-start=\"2388\" data-end=\"2597\">Et cette faillite d\u00e9fensive, pour lui, n\u2019est pas le fruit du hasard : c\u2019est aussi le r\u00e9sultat d\u2019un effectif mal construit, notamment en d\u00e9fense, et d\u2019un <strong data-start=\"2541\" data-end=\"2570\">manque d\u2019exigence globale<\/strong> dans la gestion du groupe. \u00ab J\u2019en ai parl\u00e9 souvent, notamment de Larsonneur. Ce n\u2019est pas le pire, mais il y a plein de joueurs comme lui qui n\u2019ont pas tout \u00e0 fait le niveau Ligue 1. \u00bb<\/p>\n<p>Riolo : \u00ab\u00a0On ne comprend rien \u00e0 ce qu\u2019ils veulent faire\u00a0\u00bb<\/p>\n<p class=\"\" data-start=\"2818\" data-end=\"2977\">Les deux journalistes s\u2019accordent sur un point majeur : le <strong data-start=\"2877\" data-end=\"2930\">manque de cap affich\u00e9 par les nouveaux dirigeants<\/strong>, arriv\u00e9s cette saison. Riolo ne d\u00e9col\u00e8re pas : \u00ab Saint-\u00c9tienne a attendu des ann\u00e9es que le duo Romeyer-Ca\u00efazzo vende. C\u2019\u00e9tait interminable. Et quand enfin les nouveaux arrivent, on s\u2019attend \u00e0 du changement. \u00c0 une vision. \u00c0 quelque chose. Mais non. Rien. On ne comprend rien \u00e0 ce qu\u2019ils veulent faire. Ils sont absents ou incompr\u00e9hensibles. C\u2019est pas possible ce qui se passe \u00e0 Saint\u00e9. C\u2019est pas vrai. \u00bb<\/p>\n<p class=\"\" data-start=\"3345\" data-end=\"3431\">Florent Gautreau, lui, insiste sur l\u2019\u00e9cart entre les moyens du club et les r\u00e9sultats : \u00ab C\u2019est le 13e budget de Ligue 1. Tu as cinq clubs derri\u00e8re toi en termes de finances. Et malgr\u00e9 \u00e7a, t\u2019as une \u00e9quipe pas renforc\u00e9e. \u00bb<\/p>\n<p class=\"\" data-start=\"3570\" data-end=\"3680\">Il cite l\u2019exemple de clubs comme Le Havre ou Angers, qui, avec des moyens plus limit\u00e9s, ont r\u00e9ussi \u00e0 exister : \u00ab Tu regardes Le Havre et Angers. Les deux plus petits budgets, mais avec un directeur sportif qui bosse, ils s\u2019en sortent. Saint-\u00c9tienne, ils ont du bl\u00e9, mais ils ne recrutent pas. Ils ne construisent pas. \u00bb<\/p>\n<p>Saint-Etienne : Une descente et des regrets, mais pas une surprise<\/p>\n<p class=\"\" data-start=\"3955\" data-end=\"4153\">La conclusion de l\u2019After Foot est sans appel : la rel\u00e9gation n\u2019est pas une injustice, mais la cons\u00e9quence d\u2019une s\u00e9rie de manquements \u00e0 tous les niveaux. Riolo r\u00e9sume parfaitement cette d\u00e9sillusion : \u00ab Les supporters doivent se dire : pourquoi on a chang\u00e9 ? Si c\u2019est pour recommencer en Ligue 2 ? Quand tu sais combien c\u2019est dur de remonter\u2026 c\u2019est p\u00e9nible. \u00bb<\/p>\n<blockquote class=\"twitter-tweet\" data-media-max-width=\"800\">\n<p dir=\"ltr\" lang=\"fr\">\ud83d\udde3\ufe0f\ud83d\udfe2 <a href=\"https:\/\/twitter.com\/FlorentGautreau?ref_src=twsrc%5Etfw\" target=\"_blank\" rel=\"noopener\">@FlorentGautreau<\/a> : \u00ab\u00a0Tu ne peux pas te maintenir en encaissant 77 buts en une saison. Saint-Etienne est le 13\u00e8me budget de Ligue 1, ils auraient d\u00fb faire mieux.\u00a0\u00bb <a href=\"https:\/\/t.co\/0wzafVS6pT\">pic.twitter.com\/0wzafVS6pT<\/a><\/p>\n<p>\u2014 After Foot RMC (@AfterRMC) <a href=\"https:\/\/twitter.com\/AfterRMC\/status\/1923858281300214076?ref_src=twsrc%5Etfw\" target=\"_blank\" rel=\"noopener\">May 17, 2025<\/a><\/p>\n<\/blockquote>\n<p>\t\t\t\t\t\t\t\t\t\t\t\t\t\t\t\t\t<script async src=\"https:\/\/platform.twitter.com\/widgets.js\" charset=\"utf-8\"><\/script><\/p>\n","protected":false},"excerpt":{"rendered":"Le retour de l\u2019AS Saint-\u00c9tienne en Ligue 2, officialis\u00e9 apr\u00e8s une d\u00e9faite \u00e0 domicile contre Toulouse (2-3), n\u2019a&hellip;\n","protected":false},"author":2,"featured_media":110626,"comment_status":"","ping_status":"","sticky":false,"template":"","format":"standard","meta":{"footnotes":""},"categories":[9653],"tags":[1111,11,22926,22927,461,19259,2430,22928,22929,22930,1777,674,22931,1011,27,446,22932,12,22933,25,22934,22935,4001],"class_list":{"0":"post-110625","1":"post","2":"type-post","3":"status-publish","4":"format-standard","5":"has-post-thumbnail","7":"category-saint-etienne","8":"tag-actu","9":"tag-actualites","10":"tag-after-foot","11":"tag-analyse-rmc-asse","12":"tag-asse","13":"tag-asse-toulouse","14":"tag-auvergne-rhone-alpes","15":"tag-daniel-riolo-asse","16":"tag-defense-saint-etienne","17":"tag-dirigeants-asse","18":"tag-eu","19":"tag-europe","20":"tag-florent-gautreau","21":"tag-fr","22":"tag-france","23":"tag-ligue-2","24":"tag-mercato-asse","25":"tag-news","26":"tag-relegation-asse","27":"tag-republique-francaise","28":"tag-riolo","29":"tag-rmc-sport","30":"tag-saint-etienne"},"share_on_mastodon":{"url":"https:\/\/pubeurope.com\/@fr\/114531875165271868","error":""},"_links":{"self":[{"href":"https:\/\/www.europesays.com\/fr\/wp-json\/wp\/v2\/posts\/110625","targetHints":{"allow":["GET"]}}],"collection":[{"href":"https:\/\/www.europesays.com\/fr\/wp-json\/wp\/v2\/posts"}],"about":[{"href":"https:\/\/www.europesays.com\/fr\/wp-json\/wp\/v2\/types\/post"}],"author":[{"embeddable":true,"href":"https:\/\/www.europesays.com\/fr\/wp-json\/wp\/v2\/users\/2"}],"replies":[{"embeddable":true,"href":"https:\/\/www.europesays.com\/fr\/wp-json\/wp\/v2\/comments?post=110625"}],"version-history":[{"count":0,"href":"https:\/\/www.europesays.com\/fr\/wp-json\/wp\/v2\/posts\/110625\/revisions"}],"wp:featuredmedia":[{"embeddable":true,"href":"https:\/\/www.europesays.com\/fr\/wp-json\/wp\/v2\/media\/110626"}],"wp:attachment":[{"href":"https:\/\/www.europesays.com\/fr\/wp-json\/wp\/v2\/media?parent=110625"}],"wp:term":[{"taxonomy":"category","embeddable":true,"href":"https:\/\/www.europesays.com\/fr\/wp-json\/wp\/v2\/categories?post=110625"},{"taxonomy":"post_tag","embeddable":true,"href":"https:\/\/www.europesays.com\/fr\/wp-json\/wp\/v2\/tags?post=110625"}],"curies":[{"name":"wp","href":"https:\/\/api.w.org\/{rel}","templated":true}]}}