{"id":110627,"date":"2025-05-19T01:21:41","date_gmt":"2025-05-19T01:21:41","guid":{"rendered":"https:\/\/www.europesays.com\/fr\/110627\/"},"modified":"2025-05-19T01:21:41","modified_gmt":"2025-05-19T01:21:41","slug":"pour-la-fete-des-meres-offrez-un-cadeau-original-chez-iloa","status":"publish","type":"post","link":"https:\/\/www.europesays.com\/fr\/110627\/","title":{"rendered":"Pour la F\u00eate des M\u00e8res, offrez un cadeau original chez Iloa"},"content":{"rendered":"<p>\u00c0 seulement 15 minutes de la place Stanislas, le restaurant cabaret Iloa est situ\u00e9 sur le Plateau de Malz\u00e9ville, au c\u0153ur d\u2019une nature pr\u00e9serv\u00e9e. Avec l\u2019arriv\u00e9e des beaux jours, sa vaste terrasse ombrag\u00e9e s\u2019impose comme un lieu de rendez-vous incontournable pour vos d\u00e9jeuners ou vos d\u00eeners. Iloa concocte une cuisine faite maison qui fait la part belle aux saveurs estivales avec des plats aux accents ensoleill\u00e9s. Les sp\u00e9cialit\u00e9s tha\u00eflandaises, espagnoles ou proven\u00e7ales raviront autant les gourmets que les gourmands. Quant \u00e0 la formule barbecue, avec grillades \u00e0 volont\u00e9 et buffet de crudit\u00e9s, elle promet de partager un moment r\u00e9solument convivial.<\/p>\n<p>  <strong>Des \u00e9v\u00e9nements tout au long de l\u2019ann\u00e9e<\/strong><\/p>\n<p>Vous recherchez un cadeau original\u00a0? Pour la f\u00eate des m\u00e8res, pourquoi ne pas offrir un d\u00eener spectacle et vivre un pur moment de divertissement\u00a0? Les bons cadeaux Iloa proposent diff\u00e9rentes formules selon le menu choisi. Apr\u00e8s un repas raffin\u00e9, place au show \u00ab\u00a0Atypique\u00a0\u00bb m\u00ealant danse, chant, humour, transformisme\u2026 Avec deux heures de show, pr\u00e9parez-vous \u00e0 vivre une parenth\u00e8se hors du temps, o\u00f9 chaque d\u00e9tail est pens\u00e9 pour vous en mettre plein les yeux\u00a0! \u00c0 l\u2019issue du spectacle, animation dansante et piste de danse prolongent la soir\u00e9e dans la bonne humeur.<\/p>\n<p>Ce contenu est bloqu\u00e9 car vous n&rsquo;avez pas accept\u00e9 les cookies et autres traceurs.<\/p>\n<p>En cliquant sur \u00ab J\u2019accepte \u00bb, les cookies et autres traceurs seront d\u00e9pos\u00e9s et vous pourrez visualiser les contenus  (<a href=\"\" class=\"consentModule_policy\" target=\"_blank\" title=\"Consulter la politique de protection des donn\u00e9es du fournisseur\">plus d&rsquo;informations<\/a>).<\/p>\n<p>En cliquant sur \u00ab J\u2019accepte tous les cookies \u00bb, vous autorisez des d\u00e9p\u00f4ts de cookies et autres traceurs pour le stockage de vos donn\u00e9es sur nos sites et applications \u00e0 des fins de personnalisation et de ciblage publicitaire.<\/p>\n<p class=\"consentModule_secondaryText\">Vous gardez la possibilit\u00e9 de retirer votre consentement \u00e0 tout moment en consultant notre <a href=\"https:\/\/www.estrepublicain.fr\/protection-des-donnees\" target=\"_blank\" title=\"Consulter notre politique de protection des donn\u00e9es\" rel=\"noopener\">politique de protection des donn\u00e9es<\/a>. <br \/>&#13;<br \/>\n            <a href=\"https:\/\/www.estrepublicain.fr\/paroles-de-partenaires\/2025\/05\/19\/javascript:Didomi.notice.show()\" class=\"consentModule_cmp\" target=\"_blank\" rel=\"noopener\">G\u00e9rer mes choix<\/a>&#13;\n        <\/p>\n<p>&#13;<br \/>\n                        J&rsquo;accepte&#13;<br \/>\n            J&rsquo;accepte tous les cookies&#13;\n        <\/p>\n","protected":false},"excerpt":{"rendered":"\u00c0 seulement 15 minutes de la place Stanislas, le restaurant cabaret Iloa est situ\u00e9 sur le Plateau de&hellip;\n","protected":false},"author":2,"featured_media":110628,"comment_status":"","ping_status":"","sticky":false,"template":"","format":"standard","meta":{"footnotes":""},"categories":[9635],"tags":[1111,11,7884,1777,674,1011,27,775,1702,12,25],"class_list":{"0":"post-110627","1":"post","2":"type-post","3":"status-publish","4":"format-standard","5":"has-post-thumbnail","7":"category-nancy","8":"tag-actu","9":"tag-actualites","10":"tag-articles-partenaires","11":"tag-eu","12":"tag-europe","13":"tag-fr","14":"tag-france","15":"tag-grand-est","16":"tag-nancy","17":"tag-news","18":"tag-republique-francaise"},"share_on_mastodon":{"url":"https:\/\/pubeurope.com\/@fr\/114531879067176639","error":""},"_links":{"self":[{"href":"https:\/\/www.europesays.com\/fr\/wp-json\/wp\/v2\/posts\/110627","targetHints":{"allow":["GET"]}}],"collection":[{"href":"https:\/\/www.europesays.com\/fr\/wp-json\/wp\/v2\/posts"}],"about":[{"href":"https:\/\/www.europesays.com\/fr\/wp-json\/wp\/v2\/types\/post"}],"author":[{"embeddable":true,"href":"https:\/\/www.europesays.com\/fr\/wp-json\/wp\/v2\/users\/2"}],"replies":[{"embeddable":true,"href":"https:\/\/www.europesays.com\/fr\/wp-json\/wp\/v2\/comments?post=110627"}],"version-history":[{"count":0,"href":"https:\/\/www.europesays.com\/fr\/wp-json\/wp\/v2\/posts\/110627\/revisions"}],"wp:featuredmedia":[{"embeddable":true,"href":"https:\/\/www.europesays.com\/fr\/wp-json\/wp\/v2\/media\/110628"}],"wp:attachment":[{"href":"https:\/\/www.europesays.com\/fr\/wp-json\/wp\/v2\/media?parent=110627"}],"wp:term":[{"taxonomy":"category","embeddable":true,"href":"https:\/\/www.europesays.com\/fr\/wp-json\/wp\/v2\/categories?post=110627"},{"taxonomy":"post_tag","embeddable":true,"href":"https:\/\/www.europesays.com\/fr\/wp-json\/wp\/v2\/tags?post=110627"}],"curies":[{"name":"wp","href":"https:\/\/api.w.org\/{rel}","templated":true}]}}