{"id":110629,"date":"2025-05-19T01:22:31","date_gmt":"2025-05-19T01:22:31","guid":{"rendered":"https:\/\/www.europesays.com\/fr\/110629\/"},"modified":"2025-05-19T01:22:31","modified_gmt":"2025-05-19T01:22:31","slug":"gendarme-percute-par-un-motard-lors-dun-rodeo-urbain-a-nancy-deux-suspects-en-garde-a-vue-4","status":"publish","type":"post","link":"https:\/\/www.europesays.com\/fr\/110629\/","title":{"rendered":"Gendarme percut\u00e9 par un motard lors d\u2019un rod\u00e9o urbain \u00e0 Nancy\u00a0: deux suspects en garde \u00e0 vue"},"content":{"rendered":"<p>Deux suspects ont \u00e9t\u00e9 plac\u00e9s en garde \u00e0 vue samedi 17\u00a0mai 2025 apr\u00e8s qu\u2019<a href=\"https:\/\/maubeuge.maville.com\/actu\/actudet_-rodeo-urbain-volontairement-percute-par-un-motard-un-gendarme-a-ete-blesse-pres-de-nancy-_54135-6811836_actu.Htm\" target=\"_self\" rel=\"noopener\">un gendarme a \u00e9t\u00e9 bless\u00e9 par un motard qui effectuait seul un rod\u00e9o urbain<\/a> et l\u2019a <strong>\u00ab\u00a0percut\u00e9 volontairement\u00a0\u00bb<\/strong> pr\u00e8s de Nancy, a annonc\u00e9 le parquet. Une information relay\u00e9e par l\u2019AFP.<\/p>\n<p>L\u2019incident s\u2019est produit lorsque le jeune gendarme, \u00e2g\u00e9 de 24\u00a0ans, a fait signe au motard de s\u2019arr\u00eater, vendredi vers 21\u00a0h\u00a030 \u00e0 Neuves-Maisons, une commune de 6\u00a0500\u00a0habitants, a indiqu\u00e9 \u00e0 l\u2019AFP l\u2019officier de permanence \u00e0 la gendarmerie de Meurthe-et-Moselle.<\/p>\n<p>En r\u00e9action, <strong>\u00ab\u00a0le motard a percut\u00e9 volontairement le gendarme\u00a0\u00bb<\/strong> avant de quitter les lieux. Souffrant de <strong>\u00ab\u00a0fractures assez importantes\u00a0\u00bb<\/strong> \u00e0 la jambe, la victime a \u00e9t\u00e9 op\u00e9r\u00e9e pendant la nuit \u00e0 l\u2019h\u00f4pital de Nancy, a ajout\u00e9 l\u2019officier.<\/p>\n<p>Un homme de 20\u00a0ans s\u2019est rendu<\/p>\n<p>Un suspect, \u00e2g\u00e9 de 20\u00a0ans, s\u2019est rendu de lui-m\u00eame en fin de matin\u00e9e au commissariat central de police de Nancy, o\u00f9 il a \u00e9t\u00e9 plac\u00e9 en garde \u00e0 vue, a annonc\u00e9 dans un communiqu\u00e9 le procureur de la R\u00e9publique Fran\u00e7ois Capin-Dulhoste. Il est suspect\u00e9 de \u00ab\u00a0tentative de meurtre sur un militaire de la gendarmerie nationale\u00a0\u00bb.<\/p>\n<p>Par ailleurs, un gar\u00e7on de 16\u00a0ans qui avait r\u00e9cup\u00e9r\u00e9 la moto juste apr\u00e8s la fuite du pilote a \u00e9t\u00e9 interpell\u00e9 et plac\u00e9 \u00e9galement en garde \u00e0 vue.<\/p>\n<p>Le principal suspect avait fait l\u2019objet, l\u2019an dernier, apr\u00e8s une mesure \u00e9ducative, d\u2019un \u00ab\u00a0avertissement judiciaire\u00a0\u00bb pour blessures involontaires par conducteur d\u2019un v\u00e9hicule \u00e0 moteur, a pr\u00e9cis\u00e9 le procureur.<\/p>\n<p>Bruno Retailleau a \u00e9chang\u00e9 avec le gendarme<\/p>\n<p>Le ministre de l\u2019Int\u00e9rieur Bruno Retailleau a annonc\u00e9 sur X avoir parl\u00e9 avec le gendarme bless\u00e9.<\/p>\n<p>\n                Nous avons bloqu\u00e9 l\u2019affichage de ce contenu pour respecter vos choix en mati\u00e8re de cookies.<br \/>En cliquant sur \u00abConsulter\u00bb, vous acceptez le d\u00e9p\u00f4t de cookies par des services de r\u00e9seaux sociaux tels que Twitter.<br \/>\n                Consulter\n            <\/p>\n<blockquote class=\"twitter-tweet\" wp_automatic_readability=\"8.6860465116279\">\n<p lang=\"fr\" dir=\"ltr\">J&rsquo;ai pu m&rsquo;entretenir avec le gendarme de Meurthe-et-Moselle l\u00e2chement percut\u00e9 et s\u00e9rieusement bless\u00e9 suite \u00e0 un refus d&rsquo;obtemp\u00e9rer. L&rsquo;auteur s&rsquo;est rendu et a \u00e9t\u00e9 plac\u00e9 en garde \u00e0 vue. Il devra r\u00e9pondre de cet acte odieux. <\/p>\n<p>Je veux redire mon soutien \u00e0 tous ceux qui sont cibl\u00e9s\u2026<\/p>\n<p>\u2014 Bruno Retailleau (@BrunoRetailleau) <a href=\"https:\/\/twitter.com\/BrunoRetailleau\/status\/1923747232685158584?ref_src=twsrc%5Etfw\" target=\"_blank\" rel=\"noopener\">May 17, 2025<\/a><\/p><\/blockquote>\n<p><strong>\u00ab\u00a0Je veux redire mon soutien \u00e0 tous ceux qui sont cibl\u00e9s parce qu\u2019ils portent l\u2019uniforme et ma d\u00e9termination \u00e0 enrayer cette sauvagerie qui gagne du terrain dans notre soci\u00e9t\u00e9\u00a0\u00bb,<\/strong> a comment\u00e9 le ministre.<\/p>\n<p>\u00a0<\/p>\n<p>\t\t<script async src=\"https:\/\/platform.twitter.com\/widgets.js\" charset=\"utf-8\"><\/script><\/p>\n","protected":false},"excerpt":{"rendered":"Deux suspects ont \u00e9t\u00e9 plac\u00e9s en garde \u00e0 vue samedi 17\u00a0mai 2025 apr\u00e8s qu\u2019un gendarme a \u00e9t\u00e9 bless\u00e9&hellip;\n","protected":false},"author":2,"featured_media":108181,"comment_status":"","ping_status":"","sticky":false,"template":"","format":"standard","meta":{"footnotes":""},"categories":[9635],"tags":[1111,11,1777,674,1011,27,8712,19911,775,1781,7826,3914,1702,12,22602,25,19974,16069,4889,13373],"class_list":{"0":"post-110629","1":"post","2":"type-post","3":"status-publish","4":"format-standard","5":"has-post-thumbnail","7":"category-nancy","8":"tag-actu","9":"tag-actualites","10":"tag-eu","11":"tag-europe","12":"tag-fr","13":"tag-france","14":"tag-garde","15":"tag-gendarme","16":"tag-grand-est","17":"tag-lorient","18":"tag-lors","19":"tag-motard","20":"tag-nancy","21":"tag-news","22":"tag-percute","23":"tag-republique-francaise","24":"tag-rodeo","25":"tag-suspects","26":"tag-urbain","27":"tag-vue"},"share_on_mastodon":{"url":"https:\/\/pubeurope.com\/@fr\/114531882949386021","error":""},"_links":{"self":[{"href":"https:\/\/www.europesays.com\/fr\/wp-json\/wp\/v2\/posts\/110629","targetHints":{"allow":["GET"]}}],"collection":[{"href":"https:\/\/www.europesays.com\/fr\/wp-json\/wp\/v2\/posts"}],"about":[{"href":"https:\/\/www.europesays.com\/fr\/wp-json\/wp\/v2\/types\/post"}],"author":[{"embeddable":true,"href":"https:\/\/www.europesays.com\/fr\/wp-json\/wp\/v2\/users\/2"}],"replies":[{"embeddable":true,"href":"https:\/\/www.europesays.com\/fr\/wp-json\/wp\/v2\/comments?post=110629"}],"version-history":[{"count":0,"href":"https:\/\/www.europesays.com\/fr\/wp-json\/wp\/v2\/posts\/110629\/revisions"}],"wp:featuredmedia":[{"embeddable":true,"href":"https:\/\/www.europesays.com\/fr\/wp-json\/wp\/v2\/media\/108181"}],"wp:attachment":[{"href":"https:\/\/www.europesays.com\/fr\/wp-json\/wp\/v2\/media?parent=110629"}],"wp:term":[{"taxonomy":"category","embeddable":true,"href":"https:\/\/www.europesays.com\/fr\/wp-json\/wp\/v2\/categories?post=110629"},{"taxonomy":"post_tag","embeddable":true,"href":"https:\/\/www.europesays.com\/fr\/wp-json\/wp\/v2\/tags?post=110629"}],"curies":[{"name":"wp","href":"https:\/\/api.w.org\/{rel}","templated":true}]}}