{"id":110642,"date":"2025-05-19T01:35:07","date_gmt":"2025-05-19T01:35:07","guid":{"rendered":"https:\/\/www.europesays.com\/fr\/110642\/"},"modified":"2025-05-19T01:35:07","modified_gmt":"2025-05-19T01:35:07","slug":"strasbourg-les-forains-manifestent-lundi-pour-defendre-la-foire-saint-jean-voici-a-quoi-sattendre-2","status":"publish","type":"post","link":"https:\/\/www.europesays.com\/fr\/110642\/","title":{"rendered":"Strasbourg. Les forains manifestent lundi pour d\u00e9fendre la Foire Saint-Jean : voici \u00e0 quoi s&rsquo;attendre"},"content":{"rendered":"<p>\u00ab La mairie nous prend pour des imb\u00e9ciles \u00bb. \u00c9ric Cic\u00e9ron, forain et pr\u00e9sident de l&rsquo;Union d\u00e9fense active foraine (Udaf) ne dig\u00e8re toujours pas l\u2019annulation pour deux saisons suppl\u00e9mentaires de la foire Saint-Jean de Strasbourg, faute d\u2019emplacement.<\/p>\n<p>Depuis le d\u00e9part de la f\u00eate foraine du Wacken, <a href=\"https:\/\/www.dna.fr\/culture-loisirs\/2024\/12\/03\/la-foire-saint-jean-ne-reviendra-pas-avant-2027\" target=\"_blank\" rel=\"nofollow noopener\">la mairie a propos\u00e9 aux forains un site dans le secteur du port du Rhin<\/a>, jug\u00e9 trop petit, et <a href=\"https:\/\/www.dna.fr\/culture-loisirs\/2022\/03\/28\/foire-saint-jean-une-esplanade-festive-en-projet-a-la-plaine-des-bouchers\" target=\"_blank\" rel=\"nofollow noopener\">un autre \u00e0 la plaine des Bouchers<\/a>. Site qui n\u00e9cessite des travaux d\u2019am\u00e9nagement. \u00ab D\u00e8s que la ville s\u2019am\u00e9nage, on met les forains dehors \u00bb, d\u00e9plore le pr\u00e9sident de l\u2019Udaf. \u00ab Notre culture a pourtant \u00e9t\u00e9 class\u00e9e au patrimoine mondial immat\u00e9riel de l\u2019Unesco. \u00bb<\/p>\n<p>Actuellement install\u00e9s \u00e0 Metz pour la Foire de Mai, les forains vont prendre la route vers 5 h du matin pour gagner Strasbourg via l\u2019A4 et la M35 (ex-A35). On parle de 70 camions, repr\u00e9sentant 150 familles. On ne sait pas pour le moment s\u2019il y aura ou non d&rsquo;op\u00e9ration escargot sur l&rsquo;autoroute, mais des difficult\u00e9s sont sans doute \u00e0 pr\u00e9voir. \u00ab On sera place de l\u2019\u00c9toile pour le conseil municipal [Le conseil municipal d\u00e9bute \u00e0 10 h au centre administratif de la place de l\u2019\u00c9toile], pour d\u00e9fendre un \u00e9v\u00e9nement qui se d\u00e9roule depuis 600 ans \u00bb, promet \u00c9ric Cic\u00e9ron.<\/p>\n<p>Des situations similaires, \u00c9ric Cic\u00e9ron conc\u00e8de en conna\u00eetre dans plusieurs villes. \u00ab Mais ici, nous ne pouvons d\u00e9sormais \u00e9changer qu\u2019avec la pr\u00e9fecture \u00bb. <a href=\"https:\/\/www.dna.fr\/culture-loisirs\/2025\/03\/06\/l-annulation-de-la-foire-saint-jean-suscite-toujours-la-colere-des-forains\" target=\"_blank\" rel=\"nofollow noopener\">Les forains avaient \u00e9t\u00e9 re\u00e7us le 6 mars dernier<\/a> pour une r\u00e9union de m\u00e9diation, lors de laquelle la mairie avait rappel\u00e9 \u00ab le bon avancement du projet \u00bb de la plaine des Bouchers, avec une livraison \u00ab pour 2027 \u00bb. Pas de quoi convaincre la profession : \u00ab La municipalit\u00e9 ne se rend pas compte des cons\u00e9quences, \u00e9conomiques et sociales, d\u2019une telle d\u00e9cision \u00bb, conclut \u00c9ric Cic\u00e9ron.<\/p>\n","protected":false},"excerpt":{"rendered":"\u00ab La mairie nous prend pour des imb\u00e9ciles \u00bb. \u00c9ric Cic\u00e9ron, forain et pr\u00e9sident de l&rsquo;Union d\u00e9fense active&hellip;\n","protected":false},"author":2,"featured_media":110050,"comment_status":"","ping_status":"","sticky":false,"template":"","format":"standard","meta":{"footnotes":""},"categories":[2820],"tags":[1111,11,2389,2649,2880,1777,674,274,107,1011,27,775,12,25,640],"class_list":{"0":"post-110642","1":"post","2":"type-post","3":"status-publish","4":"format-standard","5":"has-post-thumbnail","7":"category-strasbourg","8":"tag-actu","9":"tag-actualites","10":"tag-alsace","11":"tag-bas-rhin","12":"tag-edition-strasbourg","13":"tag-eu","14":"tag-europe","15":"tag-faits-divers-justice","16":"tag-fil-info","17":"tag-fr","18":"tag-france","19":"tag-grand-est","20":"tag-news","21":"tag-republique-francaise","22":"tag-strasbourg"},"share_on_mastodon":{"url":"https:\/\/pubeurope.com\/@fr\/114531934082306354","error":""},"_links":{"self":[{"href":"https:\/\/www.europesays.com\/fr\/wp-json\/wp\/v2\/posts\/110642","targetHints":{"allow":["GET"]}}],"collection":[{"href":"https:\/\/www.europesays.com\/fr\/wp-json\/wp\/v2\/posts"}],"about":[{"href":"https:\/\/www.europesays.com\/fr\/wp-json\/wp\/v2\/types\/post"}],"author":[{"embeddable":true,"href":"https:\/\/www.europesays.com\/fr\/wp-json\/wp\/v2\/users\/2"}],"replies":[{"embeddable":true,"href":"https:\/\/www.europesays.com\/fr\/wp-json\/wp\/v2\/comments?post=110642"}],"version-history":[{"count":0,"href":"https:\/\/www.europesays.com\/fr\/wp-json\/wp\/v2\/posts\/110642\/revisions"}],"wp:featuredmedia":[{"embeddable":true,"href":"https:\/\/www.europesays.com\/fr\/wp-json\/wp\/v2\/media\/110050"}],"wp:attachment":[{"href":"https:\/\/www.europesays.com\/fr\/wp-json\/wp\/v2\/media?parent=110642"}],"wp:term":[{"taxonomy":"category","embeddable":true,"href":"https:\/\/www.europesays.com\/fr\/wp-json\/wp\/v2\/categories?post=110642"},{"taxonomy":"post_tag","embeddable":true,"href":"https:\/\/www.europesays.com\/fr\/wp-json\/wp\/v2\/tags?post=110642"}],"curies":[{"name":"wp","href":"https:\/\/api.w.org\/{rel}","templated":true}]}}