{"id":110645,"date":"2025-05-19T01:38:18","date_gmt":"2025-05-19T01:38:18","guid":{"rendered":"https:\/\/www.europesays.com\/fr\/110645\/"},"modified":"2025-05-19T01:38:18","modified_gmt":"2025-05-19T01:38:18","slug":"nice-galatasaray-discute-pour-bulka-football","status":"publish","type":"post","link":"https:\/\/www.europesays.com\/fr\/110645\/","title":{"rendered":"Nice : Galatasaray discute pour Bulka &#8211; Football"},"content":{"rendered":"<p class=\"par1\">\u00c0 un an de la fin de son contrat avec l&rsquo;OGC Nice, le gardien Marcin Bulka (25 ans, 34 matchs en L1 cette saison) se montre ouvert \u00e0 un d\u00e9part, malgr\u00e9 la qualification des Aiglons pour le troisi\u00e8me tour pr\u00e9liminaire de la Ligue des Champions. Selon Foot Mercato ce dimanche, Galatasaray va essayer de profiter de la situation du Polonais et a d\u00e9j\u00e0 entam\u00e9 des n\u00e9gociations avec le Gym.<\/p>\n<p>Le club d&rsquo;Istanbul cherche un successeur \u00e0 l&rsquo;historique Fernando Muslera (38 ans, 41 matchs toutes comp\u00e9titions cette saison), dont le bail expire en juin. Arriv\u00e9 en 2011, l&rsquo;Uruguayen a disput\u00e9 550 matchs avec Galatasaray, toutes comp\u00e9titions confondues.<b id=\"momo\"\/><\/p>\n","protected":false},"excerpt":{"rendered":"\u00c0 un an de la fin de son contrat avec l&rsquo;OGC Nice, le gardien Marcin Bulka (25 ans,&hellip;\n","protected":false},"author":2,"featured_media":110646,"comment_status":"","ping_status":"","sticky":false,"template":"","format":"standard","meta":{"footnotes":""},"categories":[2819],"tags":[1111,11,2266,2262,2261,1981,83,2260,451,2263,1777,674,462,2269,2257,63,1011,27,2265,1441,453,66,447,2267,955,12,2401,2268,241,149,70,1817,882,93,2264,25,2258,2259,969,455],"class_list":{"0":"post-110645","1":"post","2":"type-post","3":"status-publish","4":"format-standard","5":"has-post-thumbnail","7":"category-nice","8":"tag-actu","9":"tag-actualites","10":"tag-as-monaco","11":"tag-bundesligua","12":"tag-calcio","13":"tag-classement","14":"tag-coupe-de-france","15":"tag-coupe-de-la-ligue","16":"tag-coupe-du-monde","17":"tag-equipe","18":"tag-eu","19":"tag-europe","20":"tag-fc-nantes","21":"tag-fifa","22":"tag-foot","23":"tag-football","24":"tag-fr","25":"tag-france","26":"tag-girondins-bordeaux","27":"tag-joueur","28":"tag-liga","29":"tag-ligue-1","30":"tag-ligue-des-champions","31":"tag-losc","32":"tag-match","33":"tag-news","34":"tag-nice","35":"tag-ogc-nice","36":"tag-ol","37":"tag-om","38":"tag-premier-league","39":"tag-pronostic","40":"tag-provence-alpes-cote-dazur","41":"tag-psg","42":"tag-rc-lens","43":"tag-republique-francaise","44":"tag-resultat","45":"tag-score","46":"tag-transfert","47":"tag-uefa"},"share_on_mastodon":{"url":"https:\/\/pubeurope.com\/@fr\/114531945846485045","error":""},"_links":{"self":[{"href":"https:\/\/www.europesays.com\/fr\/wp-json\/wp\/v2\/posts\/110645","targetHints":{"allow":["GET"]}}],"collection":[{"href":"https:\/\/www.europesays.com\/fr\/wp-json\/wp\/v2\/posts"}],"about":[{"href":"https:\/\/www.europesays.com\/fr\/wp-json\/wp\/v2\/types\/post"}],"author":[{"embeddable":true,"href":"https:\/\/www.europesays.com\/fr\/wp-json\/wp\/v2\/users\/2"}],"replies":[{"embeddable":true,"href":"https:\/\/www.europesays.com\/fr\/wp-json\/wp\/v2\/comments?post=110645"}],"version-history":[{"count":0,"href":"https:\/\/www.europesays.com\/fr\/wp-json\/wp\/v2\/posts\/110645\/revisions"}],"wp:featuredmedia":[{"embeddable":true,"href":"https:\/\/www.europesays.com\/fr\/wp-json\/wp\/v2\/media\/110646"}],"wp:attachment":[{"href":"https:\/\/www.europesays.com\/fr\/wp-json\/wp\/v2\/media?parent=110645"}],"wp:term":[{"taxonomy":"category","embeddable":true,"href":"https:\/\/www.europesays.com\/fr\/wp-json\/wp\/v2\/categories?post=110645"},{"taxonomy":"post_tag","embeddable":true,"href":"https:\/\/www.europesays.com\/fr\/wp-json\/wp\/v2\/tags?post=110645"}],"curies":[{"name":"wp","href":"https:\/\/api.w.org\/{rel}","templated":true}]}}