{"id":110676,"date":"2025-05-19T01:58:09","date_gmt":"2025-05-19T01:58:09","guid":{"rendered":"https:\/\/www.europesays.com\/fr\/110676\/"},"modified":"2025-05-19T01:58:09","modified_gmt":"2025-05-19T01:58:09","slug":"meloni-accueille-les-discussions-entre-lue-et-les-etats-unis-sur-le-commerce-la-defense-et-lukraine-2","status":"publish","type":"post","link":"https:\/\/www.europesays.com\/fr\/110676\/","title":{"rendered":"Meloni accueille les discussions entre l&rsquo;UE et les \u00c9tats-Unis sur le commerce, la d\u00e9fense et l&rsquo;Ukraine"},"content":{"rendered":"<p>AFP Videos &#8211; France<\/p>\n<p><a class=\"Td(n) C($inherit) LineClamp(2,45px) D(f) rapidnofollow\" data-uuid=\"c361350a-a75c-3abb-882f-847d05b7ef04\" href=\"https:\/\/fr.news.yahoo.com\/pologne-candidat-pro-europ%C3%A9en-nationaliste-001600936.html\" data-ylk=\"elm:hdln;itc:0;pos:1;sec:strm;subsec:moreforyou;cpos:12;ct:video;g:c361350a-a75c-3abb-882f-847d05b7ef04\" data-hosted-type=\"HOSTED\" target=\"_blank\" rel=\"noopener\">Pologne: le candidat pro-europ\u00e9en et nationaliste s&rsquo;affronteront au 2e tour de la pr\u00e9sidentielle<\/a><\/p>\n<p class=\"M(0) C($summaryColor) Fz(14px) Lh(1.43em) LineClamp(3,60px)\">Le candidat pro-europ\u00e9en Rafal Trzaskowski et l&rsquo;historien nationaliste Karol Nawrocki s&rsquo;affronteront au deuxi\u00e8me tour de l&rsquo;\u00e9lection pr\u00e9sidentielle polonaise le 1er juin, selon un sondage \u00e0 la sortie des urnes r\u00e9alis\u00e9 \u00e0 l&rsquo;issue du premier tour du scrutin dimanche, marqu\u00e9 par une perc\u00e9e record de l&rsquo;extr\u00eame droite.Maire de Varsovie, M. Trzaskowski serait soutenu par 30,8% des \u00e9lecteurs. Il affrontera le 1er juin Karol Nawrocki, cr\u00e9dit\u00e9 de 29,1% des suffrages, d&rsquo;apr\u00e8s l&rsquo;Institut IPSOS.Le scrutin a d\u00e9montr\u00e9 une mont\u00e9e en puissance de l&rsquo;extr\u00eame droite dont deux repr\u00e9sentants, le d\u00e9put\u00e9 libertarien Slawomir Mentzen et l&rsquo;eurod\u00e9put\u00e9 antis\u00e9mite Grzegorz Braun, ont obtenu ensemble pr\u00e8s de 22% des voix.\u00a0Le scrutin est d\u00e9cisif pour l&rsquo;avenir du gouvernement pro-europ\u00e9en en place, ainsi que de ceux du droit \u00e0 l&rsquo;avortement et des droits des minorit\u00e9s sexuelles, \u00e0 un moment d\u00e9licat pour l&rsquo;Europe en raison de la poursuite de la guerre en Ukraine, de la mont\u00e9e en puissance des partis d&rsquo;extr\u00eame droite et des liens tendus avec Washington.\u00a0\u00ab\u00a0Ce r\u00e9sultat montre \u00e0 quel point nous devons \u00eatre forts, \u00e0 quel point nous devons \u00eatre d\u00e9termin\u00e9s\u00a0\u00bb, a d\u00e9clar\u00e9 M. Trzaskowski \u00e0 ses partisans dans un stade de la ville historique de Sandomierz, dans l&rsquo;est de la Pologne.Le candidat nationaliste a quant \u00e0 lui remerci\u00e9 ses \u00e9lecteurs, disant que sa victoire au deuxi\u00e8me tour emp\u00eachera la coalition en place de \u00ab\u00a0monopoliser\u00a0\u00bb l&rsquo;ensemble du pouvoir en Pologne.\u00a0\u00ab\u00a0Je n&rsquo;accepterai pas que de nouveaux trait\u00e9s de l&rsquo;Union europ\u00e9enne soient sign\u00e9s et que la Pologne perde sa souverainet\u00e9 dans de nombreux secteurs de la vie sociale\u00a0\u00bb, a-t-il assur\u00e9, tout en promettant d&#8217;emp\u00eacher \u00ab\u00a0que la s\u00e9curit\u00e9 des femmes et des hommes polonais soit menac\u00e9e par des migrants ill\u00e9gaux\u00a0\u00bb.- Paralys\u00e9 -Le taux de participation a \u00e9t\u00e9 de 66,8%, selon le sondage.Le chef de l&rsquo;Etat polonais a des pouvoirs limit\u00e9s mais dispose d&rsquo;un droit de veto sur les initiatives l\u00e9gislatives, une pr\u00e9rogative fr\u00e9quemment utilis\u00e9e par le pr\u00e9sident sortant Andrzej Duda depuis l&rsquo;arriv\u00e9 au pouvoir, en 2023 de la coalition de l&rsquo;ancien dirigeant europ\u00e9en Donald Tusk.\u00a0Une victoire de M. Trzaskowski permettrait au gouvernement de tenir ses engagements les plus importants qui n&rsquo;ont pas \u00e9t\u00e9 honor\u00e9s. La coalition en place \u00e0 Varsovie a en effet fait bien des d\u00e9\u00e7us, en particulier parmi les d\u00e9fenseurs des droits des femmes &#8211; dont celui \u00e0 l&rsquo;avortement.Elle lui donnerait aussi la possibilit\u00e9 de r\u00e9aliser des progr\u00e8s dans le r\u00e9tablissement de l&rsquo;Etat de droit, mis \u00e0 mal par le pr\u00e9c\u00e9dent gouvernement populiste et le pr\u00e9sident sortant.\u00a0\u00bbAvec Nawrocki, le gouvernement sera de fait paralys\u00e9 et cela peut mener \u00e0 terme \u00e0 la chute de la coalition au pouvoir\u00a0\u00bb, juge la politologue Anna\u00a0Materska-Sosnowska.Son succ\u00e8s signifierait \u00ab\u00a0en r\u00e9alit\u00e9 le retour des populistes, avec une force d\u00e9cupl\u00e9e, au plus tard dans deux ans\u00a0\u00bb, aux prochaines l\u00e9gislatives, selon elle.La politique internationale a largement domin\u00e9 la campagne \u00e9lectorale, notamment la question de la place de la Pologne entre l&rsquo;UE et les Etats-Unis, et mis en lumi\u00e8re un affrontement entre deux conceptions distinctes.Les questions sociales ont \u00e9galement jou\u00e9 un r\u00f4le important dans les d\u00e9bats.\u00a0Rafal Trzaskowski, \u00e2g\u00e9 de 53 ans, a promis de soutenir les droits \u00e0 l&rsquo;avortement dans un pays o\u00f9 il est quasiment interdit et ceux de la communaut\u00e9 LGBTQ.Le parti Droit et Justice (PiS), qui soutient le nationaliste Karol Nawrocki, a souvent \u00e9t\u00e9 en d\u00e9saccord avec les alli\u00e9s occidentaux de la Pologne et Bruxelles sur les questions du respect de l&rsquo;Etat de droit, jusqu&rsquo;\u00e0 ce qu&rsquo;il perde le pouvoir en 2023.\u00a0M. Nawrocki, 42 ans, qui dit admirer Donald Trump, affirme que le pr\u00e9sident am\u00e9ricain lui a dit \u00ab\u00a0Vous allez gagner\u00a0\u00bb lorsqu&rsquo;ils se sont rencontr\u00e9s \u00e0 la Maison Blanche d\u00e9but mai.\u00a0&#8211; \u00ab\u00a0Tout ou rien\u00a0\u00bb -\u00ab\u00a0La partie pour tout ou rien ne fait que commencer. Une lutte acharn\u00e9e pour chaque vote. Ces deux semaines d\u00e9cideront de l&rsquo;avenir de notre patrie. C&rsquo;est pourquoi il ne faut reculer m\u00eame d&rsquo;un pas\u00a0\u00bb, a d\u00e9clar\u00e9 Donald Tusk sur la plateforme X, apr\u00e8s la publication du sondage \u00e0 la sortie des urnes.Selon Ewa Marciniak, sociologue et directrice de l&rsquo;institut des sondages CBOS, la campagne pour le deuxi\u00e8me tour \u00ab\u00a0sera tr\u00e8s brutale: chacun des candidats cherchera \u00e0 tout prix \u00e0 discr\u00e9diter son rival, par tous les moyens possibles\u00a0\u00bb.\u00a0Le r\u00e9sultat du scrutin d\u00e9pendra en grande partie des \u00e9lecteurs de l&rsquo;extr\u00eame droite et notamment de M. Mentzen qui aurait obtenu 15,4% de voix.\u00a0\u00bbC&rsquo;est le plus grand succ\u00e8s dans l&rsquo;histoire de notre camp\u00a0\u00bb, a clam\u00e9 ce libertarien eurosceptique, fermement oppos\u00e9 \u00e0 l&rsquo;avortement et aux migrants, dont aux r\u00e9fugi\u00e9s ukrainiens.Selon Wojciech Przybylski de la fondation Res Publica, \u00ab\u00a0plus de 20% des voix pour l&rsquo;extr\u00eame droite signifie que Trzaskowski ne peut absolument \u00eatre s\u00fbr de remporter\u00a0\u00bb.\u00a0\u00ab\u00a0Le r\u00e9sultat du deuxi\u00e8me tour d\u00e9pend du taux de participation et de la mobilisation des jeunes qui ont vot\u00e9 pour M. Mentzen, et le candidat de gauche radicale Adrian Zandberg\u00a0\u00bb qui est cr\u00e9dit\u00e9 de 5,2% de voix, a-t-il ajout\u00e9.\u00a0Wojciech Kura\u015b, un entrepreneur de 44 ans de Sandomierz (sud) n&rsquo;a pas vot\u00e9 pour M. Trzaskowski mais n&rsquo;a pas exclu de le faire au second tour.\u00a0\u00bbCe sera difficile pour Rafal Trzaskowski. C&rsquo;est un r\u00e9sultat tellement difficile parce que si d&rsquo;autres s&rsquo;unissent, cela peut \u00eatre \u00e9gal. (&#8230;) Ce sera un d\u00e9fi\u00a0\u00bb, a-t-il d\u00e9clar\u00e9 \u00e0 l&rsquo;AFP.bur-bo\/liu<\/p>\n","protected":false},"excerpt":{"rendered":"AFP Videos &#8211; France Pologne: le candidat pro-europ\u00e9en et nationaliste s&rsquo;affronteront au 2e tour de la pr\u00e9sidentielle Le&hellip;\n","protected":false},"author":2,"featured_media":110677,"comment_status":"","ping_status":"","sticky":false,"template":"","format":"standard","meta":{"footnotes":""},"categories":[1590],"tags":[11,10511,75,73,1777,674,3044,12,220,2544,13672],"class_list":{"0":"post-110676","1":"post","2":"type-post","3":"status-publish","4":"format-standard","5":"has-post-thumbnail","7":"category-ukraine","8":"tag-actualites","9":"tag-discussions","10":"tag-donald-trump","11":"tag-etats-unis","12":"tag-eu","13":"tag-europe","14":"tag-giorgia-meloni","15":"tag-news","16":"tag-ukraine","17":"tag-ursula-von-der-leyen","18":"tag-vice-president-americain"},"share_on_mastodon":{"url":"https:\/\/pubeurope.com\/@fr\/114532024583920055","error":""},"_links":{"self":[{"href":"https:\/\/www.europesays.com\/fr\/wp-json\/wp\/v2\/posts\/110676","targetHints":{"allow":["GET"]}}],"collection":[{"href":"https:\/\/www.europesays.com\/fr\/wp-json\/wp\/v2\/posts"}],"about":[{"href":"https:\/\/www.europesays.com\/fr\/wp-json\/wp\/v2\/types\/post"}],"author":[{"embeddable":true,"href":"https:\/\/www.europesays.com\/fr\/wp-json\/wp\/v2\/users\/2"}],"replies":[{"embeddable":true,"href":"https:\/\/www.europesays.com\/fr\/wp-json\/wp\/v2\/comments?post=110676"}],"version-history":[{"count":0,"href":"https:\/\/www.europesays.com\/fr\/wp-json\/wp\/v2\/posts\/110676\/revisions"}],"wp:featuredmedia":[{"embeddable":true,"href":"https:\/\/www.europesays.com\/fr\/wp-json\/wp\/v2\/media\/110677"}],"wp:attachment":[{"href":"https:\/\/www.europesays.com\/fr\/wp-json\/wp\/v2\/media?parent=110676"}],"wp:term":[{"taxonomy":"category","embeddable":true,"href":"https:\/\/www.europesays.com\/fr\/wp-json\/wp\/v2\/categories?post=110676"},{"taxonomy":"post_tag","embeddable":true,"href":"https:\/\/www.europesays.com\/fr\/wp-json\/wp\/v2\/tags?post=110676"}],"curies":[{"name":"wp","href":"https:\/\/api.w.org\/{rel}","templated":true}]}}