{"id":110691,"date":"2025-05-19T02:06:16","date_gmt":"2025-05-19T02:06:16","guid":{"rendered":"https:\/\/www.europesays.com\/fr\/110691\/"},"modified":"2025-05-19T02:06:16","modified_gmt":"2025-05-19T02:06:16","slug":"choose-france-plus-de-e35-mds-dinvestissements-en-france-seront-annonces-elysee-19-05-2025-a-0227","status":"publish","type":"post","link":"https:\/\/www.europesays.com\/fr\/110691\/","title":{"rendered":"\u00ab\u00a0Choose France\u00a0\u00bb-Plus de \u20ac35 mds d&rsquo;investissements en France seront annonc\u00e9s-Elys\u00e9e &#8211; 19\/05\/2025 \u00e0 02:27"},"content":{"rendered":"<p>        <img fetchpriority=\"high\" decoding=\"async\" src=\"https:\/\/www.europesays.com\/fr\/wp-content\/uploads\/2025\/05\/631170ee2133230290d118592a7934d5-760x508.jpg\" alt=\"Sommet d'investissement Choose France \u00e0 Versailles\" loading=\"eager\" width=\"760\" height=\"508\" style=\"max-width: 100%!important; height: auto;\"\/><\/p>\n<p class=\"c-image-news__legend\">Sommet d&rsquo;investissement Choose France \u00e0 Versailles<\/p>\n<p>\n Plus de 35 milliards d&rsquo;euros d&rsquo;investissements dans des projets en France seront annonc\u00e9s lundi \u00e0 l&rsquo;occasion du 8e sommet \u00ab\u00a0Choose France\u00a0\u00bb, a fait savoir dimanche soir l&rsquo;Elys\u00e9e.\n<\/p>\n<p>\n La pr\u00e9sidence fran\u00e7aise a indiqu\u00e9 dans un communiqu\u00e9 que ces investissements, d&rsquo;une valeur totale de 37 milliards d&rsquo;euros, seraient d\u00e9compos\u00e9s entre deux types de projets.\n<\/p>\n<p>\n Vingt milliards d&rsquo;euros seront investis dans des projets totalement nouveaux qui se r\u00e9partissent dans tous les secteurs: de l&rsquo;\u00e9conomie circulaire aux terres rares en passant par la mobilit\u00e9, le num\u00e9rique ou encore la logistique et le tourisme.\n<\/p>\n<p>\n Cette somme constitue un nouveau record, apr\u00e8s les 15 milliards d&rsquo;euros annonc\u00e9s l&rsquo;an dernier, pr\u00e9cise l&rsquo;Elys\u00e9e.\n<\/p>\n<p>\n Dix-sept milliards d&rsquo;euros seront investis dans des \u00ab\u00a0projets localis\u00e9s dont l&rsquo;enveloppe globale avait \u00e9t\u00e9 pr\u00e9sent\u00e9e lors du sommet sur l&rsquo;intelligence artificielle de Paris en f\u00e9vrier dernier\u00a0\u00bb, est-il ajout\u00e9.\n<\/p>\n<p>\n L&rsquo;\u00e9v\u00e9nement rassemblera \u00e0 Versailles quelque 200 patrons du monde entier.\n<\/p>\n<p>\n (R\u00e9dig\u00e9 par Camille Raynaud)<\/p>\n","protected":false},"excerpt":{"rendered":"Sommet d&rsquo;investissement Choose France \u00e0 Versailles Plus de 35 milliards d&rsquo;euros d&rsquo;investissements dans des projets en France seront&hellip;\n","protected":false},"author":2,"featured_media":110692,"comment_status":"","ping_status":"","sticky":false,"template":"","format":"standard","meta":{"footnotes":""},"categories":[4],"tags":[400,11,398,408,405,1011,27,403,402,399,404,12,25,401,406,407],"class_list":{"0":"post-110691","1":"post","2":"type-post","3":"status-publish","4":"format-standard","5":"has-post-thumbnail","7":"category-france","8":"tag-action-cac-40","9":"tag-actualites","10":"tag-bourse-de-paris","11":"tag-boursorama","12":"tag-cotations","13":"tag-fr","14":"tag-france","15":"tag-indices-devises","16":"tag-investir","17":"tag-investissement","18":"tag-marche-boursier","19":"tag-news","20":"tag-republique-francaise","21":"tag-sicav","22":"tag-trackers","23":"tag-warrants"},"share_on_mastodon":{"url":"https:\/\/pubeurope.com\/@fr\/114532056274712284","error":""},"_links":{"self":[{"href":"https:\/\/www.europesays.com\/fr\/wp-json\/wp\/v2\/posts\/110691","targetHints":{"allow":["GET"]}}],"collection":[{"href":"https:\/\/www.europesays.com\/fr\/wp-json\/wp\/v2\/posts"}],"about":[{"href":"https:\/\/www.europesays.com\/fr\/wp-json\/wp\/v2\/types\/post"}],"author":[{"embeddable":true,"href":"https:\/\/www.europesays.com\/fr\/wp-json\/wp\/v2\/users\/2"}],"replies":[{"embeddable":true,"href":"https:\/\/www.europesays.com\/fr\/wp-json\/wp\/v2\/comments?post=110691"}],"version-history":[{"count":0,"href":"https:\/\/www.europesays.com\/fr\/wp-json\/wp\/v2\/posts\/110691\/revisions"}],"wp:featuredmedia":[{"embeddable":true,"href":"https:\/\/www.europesays.com\/fr\/wp-json\/wp\/v2\/media\/110692"}],"wp:attachment":[{"href":"https:\/\/www.europesays.com\/fr\/wp-json\/wp\/v2\/media?parent=110691"}],"wp:term":[{"taxonomy":"category","embeddable":true,"href":"https:\/\/www.europesays.com\/fr\/wp-json\/wp\/v2\/categories?post=110691"},{"taxonomy":"post_tag","embeddable":true,"href":"https:\/\/www.europesays.com\/fr\/wp-json\/wp\/v2\/tags?post=110691"}],"curies":[{"name":"wp","href":"https:\/\/api.w.org\/{rel}","templated":true}]}}