{"id":110727,"date":"2025-05-19T02:29:12","date_gmt":"2025-05-19T02:29:12","guid":{"rendered":"https:\/\/www.europesays.com\/fr\/110727\/"},"modified":"2025-05-19T02:29:12","modified_gmt":"2025-05-19T02:29:12","slug":"second-degre-et-remerciements-louane-reagit-au-lendemain-de-sa-7e-place-a-leurovision","status":"publish","type":"post","link":"https:\/\/www.europesays.com\/fr\/110727\/","title":{"rendered":"Second degr\u00e9 et remerciements\u2026 Louane r\u00e9agit au lendemain de sa 7e place \u00e0 l\u2019Eurovision"},"content":{"rendered":"<p>Louane avait d\u00e9cid\u00e9 de ne pas r\u00e9agir \u00e0 chaud apr\u00e8s <a href=\"https:\/\/www.20minutes.fr\/arts-stars\/culture\/eurovision\/4154076-20250518-eurovision-2025-louane-delegation-preferent-reagir-chaud-septieme-place-france\" class=\"color-ultramarine c-link\" target=\"_blank\" rel=\"noopener\">sa 7e place d\u00e9ceptive <\/a>au concours de l\u2019<a href=\"https:\/\/www.20minutes.fr\/arts-stars\/culture\/eurovision\/\" class=\"color-ultramarine c-link\" target=\"_blank\" rel=\"noopener\">Eurovision<\/a> samedi soir. Apr\u00e8s avoir s\u00e9ch\u00e9 la traditionnelle conf\u00e9rence de presse post-concours, la chanteuse de 28 ans s\u2019est exprim\u00e9e dimanche sur son compte Instagram. \u00ab\u00a0Je ressens profond\u00e9ment votre appui. J\u2019aurais aim\u00e9 vous offrir davantage. Mais une chose est certaine\u00a0: je suis fi\u00e8re, tellement fi\u00e8re et honor\u00e9e d\u2019avoir port\u00e9 nos couleurs et de vous avoir repr\u00e9sent\u00e9s\u00a0\u00bb, \u00e9crit-elle en story Instagram.<\/p>\n<p>Elle ajoute\u00a0: \u00ab\u00a0Jamais, jamais de ma vie je n\u2019ai r\u00eav\u00e9 de vivre une exp\u00e9rience aussi incroyable. Cette aventure a fait de moi une nouvelle femme, et j\u2019ai tellement appris.\u00a0\u00bb Dans son post, elle remercie le public, ses proches, les \u00e9quipes de l\u2019Eurovision ainsi que la d\u00e9l\u00e9gation fran\u00e7aise.<\/p>\n<\/p>\n<p>\u00ab\u00a0Moi quand j\u2019ai entendu 50 points\u00a0\u00bb<\/p>\n<p>Mais dans une seconde story, <a href=\"https:\/\/www.20minutes.fr\/dossier\/louane\" class=\"color-ultramarine c-link\" target=\"_blank\" rel=\"noopener\">Louane <\/a>a d\u00e9cid\u00e9 de faire preuve de second degr\u00e9 en postant un selfie, filtre sourire blas\u00e9, avec \u00e9crit \u00ab\u00a0moi quand j\u2019ai entendu 50 points\u00a0\u00bb. En fond musical\u00a0: Sound of Silence de Simon &amp; Garfunkel et son fameux \u00ab\u00a0Hello darkness, my old friend\u00a0\u00bb. Le public<a href=\"https:\/\/www.20minutes.fr\/arts-stars\/culture\/eurovision\/4154099-20250518-eurovision-2025-vote-france-vote-louane\" class=\"color-ultramarine c-link\" target=\"_blank\" rel=\"noopener\"> n\u2019a en effet offert que 50 petits points \u00e0 la France<\/a> lors de la comp\u00e9tition.<\/p>\n<p>La jeune femme a aussi adress\u00e9 un mot aux autres artistes de la comp\u00e9tition. \u00ab\u00a0J\u2019avais tellement peur de venir ici, peur de la comp\u00e9tition, d\u2019\u00eatre seule dans ce grand inconnu. Mais au fond, je sais que j\u2019ai trouv\u00e9 des amis pour la vie. Vous \u00eates les personnes les plus talentueuses que j\u2019ai jamais rencontr\u00e9es, et j\u2019ai h\u00e2te de partager davantage avec vous.\u00a0\u00bb<\/p>\n","protected":false},"excerpt":{"rendered":"Louane avait d\u00e9cid\u00e9 de ne pas r\u00e9agir \u00e0 chaud apr\u00e8s sa 7e place d\u00e9ceptive au concours de l\u2019Eurovision&hellip;\n","protected":false},"author":2,"featured_media":110728,"comment_status":"","ping_status":"","sticky":false,"template":"","format":"standard","meta":{"footnotes":""},"categories":[2],"tags":[11,1695,5551,903,251,58,4500,1011,27,2440,4501,12],"class_list":{"0":"post-110727","1":"post","2":"type-post","3":"status-publish","4":"format-standard","5":"has-post-thumbnail","7":"category-actualites","8":"tag-actualites","9":"tag-chanson","10":"tag-chanson-francaise","11":"tag-concours","12":"tag-culture","13":"tag-divertissement","14":"tag-eurovision-2025","15":"tag-fr","16":"tag-france","17":"tag-instagram","18":"tag-louane","19":"tag-news"},"share_on_mastodon":{"url":"https:\/\/pubeurope.com\/@fr\/114532146401005359","error":""},"_links":{"self":[{"href":"https:\/\/www.europesays.com\/fr\/wp-json\/wp\/v2\/posts\/110727","targetHints":{"allow":["GET"]}}],"collection":[{"href":"https:\/\/www.europesays.com\/fr\/wp-json\/wp\/v2\/posts"}],"about":[{"href":"https:\/\/www.europesays.com\/fr\/wp-json\/wp\/v2\/types\/post"}],"author":[{"embeddable":true,"href":"https:\/\/www.europesays.com\/fr\/wp-json\/wp\/v2\/users\/2"}],"replies":[{"embeddable":true,"href":"https:\/\/www.europesays.com\/fr\/wp-json\/wp\/v2\/comments?post=110727"}],"version-history":[{"count":0,"href":"https:\/\/www.europesays.com\/fr\/wp-json\/wp\/v2\/posts\/110727\/revisions"}],"wp:featuredmedia":[{"embeddable":true,"href":"https:\/\/www.europesays.com\/fr\/wp-json\/wp\/v2\/media\/110728"}],"wp:attachment":[{"href":"https:\/\/www.europesays.com\/fr\/wp-json\/wp\/v2\/media?parent=110727"}],"wp:term":[{"taxonomy":"category","embeddable":true,"href":"https:\/\/www.europesays.com\/fr\/wp-json\/wp\/v2\/categories?post=110727"},{"taxonomy":"post_tag","embeddable":true,"href":"https:\/\/www.europesays.com\/fr\/wp-json\/wp\/v2\/tags?post=110727"}],"curies":[{"name":"wp","href":"https:\/\/api.w.org\/{rel}","templated":true}]}}