{"id":110732,"date":"2025-05-19T02:33:55","date_gmt":"2025-05-19T02:33:55","guid":{"rendered":"https:\/\/www.europesays.com\/fr\/110732\/"},"modified":"2025-05-19T02:33:55","modified_gmt":"2025-05-19T02:33:55","slug":"meurthe-et-moselle-un-gendarme-percute-par-un-motard-lors-dun-rodeo-urbain-en-solitaire-pres-de-nancy","status":"publish","type":"post","link":"https:\/\/www.europesays.com\/fr\/110732\/","title":{"rendered":"Meurthe-et-Moselle. Un gendarme percut\u00e9 par un motard lors d&rsquo;un rod\u00e9o urbain en solitaire pr\u00e8s de Nancy"},"content":{"rendered":"<p>Un gendarme de 24 ans a \u00e9t\u00e9 bless\u00e9 apr\u00e8s avoir \u00e9t\u00e9 \u00ab percut\u00e9 volontairement \u00bb par un motard lors d&rsquo;un <a href=\"https:\/\/www.vosgesmatin.fr\/faits-divers-justice\/2025\/05\/10\/confiscation-courses-poursuites-drones-la-lutte-contre-les-rodeos-urbains-s-intensifie\" target=\"_blank\" rel=\"nofollow noopener\">rod\u00e9o urbain<\/a>, vendredi, pr\u00e8s de Nancy, a-t-on appris ce samedi aupr\u00e8s de la gendarmerie de Meurthe-et-Moselle. De son c\u00f4t\u00e9, le maire de Neuves-Maisons a plut\u00f4t indiqu\u00e9 que l&rsquo;homme \u00ab faisait l&rsquo;imb\u00e9cile, seul, devant la mairie \u00bb.<\/p>\n<p>  \u00ab Fractures assez importantes \u00bb<\/p>\n<p>Souffrant de \u00ab fractures assez importantes \u00bb \u00e0 la jambe, la victime a \u00e9t\u00e9 op\u00e9r\u00e9e pendant la nuit \u00e0 l&rsquo;h\u00f4pital de Nancy, a indiqu\u00e9 l&rsquo;officier de permanence. L&rsquo;incident s&rsquo;est produit lorsque le jeune gendarme a fait signe au motard de s&rsquo;arr\u00eater, vendredi vers 21h30 \u00e0 Neuves-Maisons, une commune de 6 500 habitants situ\u00e9e au sud de Nancy.<\/p>\n<p>En r\u00e9action, \u00ab le motard a percut\u00e9 volontairement le gendarme \u00bb avant de quitter les lieux avec son v\u00e9hicule, a d\u00e9clar\u00e9 son coll\u00e8gue. Une enqu\u00eate a \u00e9t\u00e9 confi\u00e9e \u00e0 la brigade de recherche de Nancy. \u00ab On va certainement parvenir \u00e0 l&rsquo;identifier \u00bb, a assur\u00e9 l&rsquo;officier de permanence.<\/p>\n<p>Deux suspect en garde \u00e0 vue<\/p>\n<p>Un suspect, \u00e2g\u00e9 de 20 ans, s&rsquo;est rendu de lui-m\u00eame en fin de matin\u00e9e au commissariat central de police de Nancy, o\u00f9 il a \u00e9t\u00e9 plac\u00e9 en garde \u00e0 vue, a annonc\u00e9 dans un communiqu\u00e9 le procureur de la R\u00e9publique Fran\u00e7ois Capin-Dulhoste. Il est suspect\u00e9 de \u00ab tentative de meurtre sur un militaire de la gendarmerie nationale \u00bb. Par ailleurs, un gar\u00e7on de 16 ans qui avait r\u00e9cup\u00e9r\u00e9 la moto juste apr\u00e8s la fuite du pilote a \u00e9t\u00e9 interpell\u00e9 et plac\u00e9 \u00e9galement en garde \u00e0 vue. Le principal suspect avait fait l&rsquo;objet, l&rsquo;an dernier, apr\u00e8s une mesure \u00e9ducative, d&rsquo;un \u00ab avertissement judiciaire \u00bb pour blessures involontaires par conducteur d&rsquo;un v\u00e9hicule \u00e0 moteur, a pr\u00e9cis\u00e9 le procureur.<\/p>\n<p>Le ministre de l&rsquo;Int\u00e9rieur <a href=\"https:\/\/www.vosgesmatin.fr\/p\/bruno-retailleau\" target=\"_blank\" rel=\"nofollow noopener\">Bruno Retailleau<\/a> a annonc\u00e9 sur X avoir parl\u00e9 avec le gendarme bless\u00e9. \u00ab Je veux redire mon soutien \u00e0 tous ceux qui sont cibl\u00e9s parce qu&rsquo;ils portent l&rsquo;uniforme et ma d\u00e9termination \u00e0 enrayer cette sauvagerie qui gagne du terrain dans notre soci\u00e9t\u00e9 \u00bb, a comment\u00e9 le ministre.<\/p>\n","protected":false},"excerpt":{"rendered":"Un gendarme de 24 ans a \u00e9t\u00e9 bless\u00e9 apr\u00e8s avoir \u00e9t\u00e9 \u00ab percut\u00e9 volontairement \u00bb par un motard&hellip;\n","protected":false},"author":2,"featured_media":106597,"comment_status":"","ping_status":"","sticky":false,"template":"","format":"standard","meta":{"footnotes":""},"categories":[9635],"tags":[1111,11,271,272,1777,674,274,107,1011,27,329,775,1702,12,25,104],"class_list":{"0":"post-110732","1":"post","2":"type-post","3":"status-publish","4":"format-standard","5":"has-post-thumbnail","7":"category-nancy","8":"tag-actu","9":"tag-actualites","10":"tag-crime","11":"tag-delit-et-contravention","12":"tag-eu","13":"tag-europe","14":"tag-faits-divers-justice","15":"tag-fil-info","16":"tag-fr","17":"tag-france","18":"tag-france-monde","19":"tag-grand-est","20":"tag-nancy","21":"tag-news","22":"tag-republique-francaise","23":"tag-societe"},"share_on_mastodon":{"url":"https:\/\/pubeurope.com\/@fr\/114532166096451465","error":""},"_links":{"self":[{"href":"https:\/\/www.europesays.com\/fr\/wp-json\/wp\/v2\/posts\/110732","targetHints":{"allow":["GET"]}}],"collection":[{"href":"https:\/\/www.europesays.com\/fr\/wp-json\/wp\/v2\/posts"}],"about":[{"href":"https:\/\/www.europesays.com\/fr\/wp-json\/wp\/v2\/types\/post"}],"author":[{"embeddable":true,"href":"https:\/\/www.europesays.com\/fr\/wp-json\/wp\/v2\/users\/2"}],"replies":[{"embeddable":true,"href":"https:\/\/www.europesays.com\/fr\/wp-json\/wp\/v2\/comments?post=110732"}],"version-history":[{"count":0,"href":"https:\/\/www.europesays.com\/fr\/wp-json\/wp\/v2\/posts\/110732\/revisions"}],"wp:featuredmedia":[{"embeddable":true,"href":"https:\/\/www.europesays.com\/fr\/wp-json\/wp\/v2\/media\/106597"}],"wp:attachment":[{"href":"https:\/\/www.europesays.com\/fr\/wp-json\/wp\/v2\/media?parent=110732"}],"wp:term":[{"taxonomy":"category","embeddable":true,"href":"https:\/\/www.europesays.com\/fr\/wp-json\/wp\/v2\/categories?post=110732"},{"taxonomy":"post_tag","embeddable":true,"href":"https:\/\/www.europesays.com\/fr\/wp-json\/wp\/v2\/tags?post=110732"}],"curies":[{"name":"wp","href":"https:\/\/api.w.org\/{rel}","templated":true}]}}