{"id":1107323,"date":"2026-08-04T13:22:15","date_gmt":"2026-08-04T13:22:15","guid":{"rendered":"https:\/\/www.europesays.com\/fr\/1107323\/"},"modified":"2026-08-04T13:22:15","modified_gmt":"2026-08-04T13:22:15","slug":"le-premier-ministre-espagnol-critique-par-lue-sur-sa-politique-migratoire","status":"publish","type":"post","link":"https:\/\/www.europesays.com\/fr\/1107323\/","title":{"rendered":"Le premier ministre espagnol critiqu\u00e9 par l&rsquo;UE sur sa politique migratoire"},"content":{"rendered":"<p>Les politiques migratoires du premier ministre espagnol Pedro S\u00e1nchez font l\u2019objet de critiques cinglantes alors que les dirigeants de l\u2019Union europ\u00e9enne (UE) se r\u00e9unissent ce mardi, \u00e0 la suite de l\u2019afflux de migrants survenu la semaine derni\u00e8re sur le territoire espagnol de Ceuta, en Afrique du Nord.<\/p>\n<p>L\u2019arriv\u00e9e soudaine de 72\u00a0000\u00a0migrants jeudi et vendredi a d\u00e9clench\u00e9 une crise humanitaire \u00e0 Ceuta et raviv\u00e9 le d\u00e9bat sur l\u2019immigration au sein du bloc de 27\u00a0pays, m\u00eame si la plupart des migrants sont rapidement repartis. <\/p>\n<p>Plus de 80\u00a0migrants ont trouv\u00e9 la mort, dont certains se sont noy\u00e9s ou ont \u00e9t\u00e9 pi\u00e9tin\u00e9s lors d\u2019une bousculade pour franchir une barri\u00e8re de protection, selon les autorit\u00e9s espagnoles et marocaines.<\/p>\n<p>Des lettres ouvertes sign\u00e9es par 22\u00a0dirigeants de l\u2019UE, ainsi qu\u2019une r\u00e9plique cinglante de M.\u00a0S\u00e1nchez, ont mis en lumi\u00e8re un d\u00e9bat houleux au sein de l\u2019UE opposant les partisans d\u2019une ligne dure en mati\u00e8re d\u2019immigration au dirigeant espagnol progressiste, qui a remis en cause le consensus au sein de l\u2019Union sur l\u2019immigration, mais aussi sur les d\u00e9penses de l\u2019OTAN, Gaza et Isra\u00ebl.<\/p>\n<p>Le gouvernement S\u00e1nchez a rejet\u00e9 ces critiques, les qualifiant de motiv\u00e9es par des consid\u00e9rations politiques, affirmant que la plupart des migrants avaient \u00e9t\u00e9 refoul\u00e9s de Ceuta en quelques heures, \u00aben \u00e9troite coordination avec les autorit\u00e9s marocaines et avec tr\u00e8s peu de soutien de la part des autres \u00c9tats europ\u00e9ens\u00bb.<\/p>\n<p>Quelle que soit l\u2019issue de la r\u00e9union de mardi, l\u2019Europe fait preuve d\u2019une d\u00e9sunion profond\u00e9ment pr\u00e9judiciable alors qu\u2019elle est confront\u00e9e aux menaces s\u00e9curitaires de Moscou, \u00e0 l\u2019instabilit\u00e9 avec Washington et aux tensions \u00e9conomiques avec P\u00e9kin, a indiqu\u00e9 Alicia Garc\u00eda-Herrero, \u00e9conomiste en chef pour l\u2019Asie-Pacifique et le Moyen-Orient au sein de la soci\u00e9t\u00e9 financi\u00e8re Natixis.<\/p>\n<p>\u00abL\u2019Europe a une nouvelle fois fait preuve de faiblesse, a-t-elle affirm\u00e9. Une faiblesse consid\u00e9rable.\u00bb<\/p>\n<p><b>Des critiques virulentes de l\u2019Italie<\/b><\/p>\n<p>Les dirigeants de l\u2019UE se sont empress\u00e9s de s\u2019en prendre \u00e0 M.\u00a0S\u00e1nchez d\u00e8s que les vid\u00e9os tourn\u00e9es \u00e0 Ceuta sont devenues virales. Beaucoup ont imput\u00e9 cet incident aux politiques progressistes de son gouvernement et se sont publiquement prononc\u00e9s en faveur de nouveaux contr\u00f4les aux fronti\u00e8res, que ce soit aux points d\u2019entr\u00e9e maritimes, a\u00e9riens ou terrestres.<\/p>\n<p>La premi\u00e8re ministre italienne, Giorgia Meloni, a formul\u00e9 les critiques les plus virulentes \u00e0 l\u2019encontre du premier ministre S\u00e1nchez, tout en annon\u00e7ant que l\u2019Italie allait renforcer les contr\u00f4les aux fronti\u00e8res a\u00e9riennes et maritimes avec l\u2019Espagne.<\/p>\n<p>Pourtant, la situation g\u00e9ographique isol\u00e9e de Ceuta signifiait qu\u2019\u00abil n\u2019y avait pratiquement aucun risque que ces personnes arrivent r\u00e9ellement en Espagne puis se rendent en Italie\u00bb, a soutenu Matteo Villa, analyste \u00e0 l\u2019Institut italien d\u2019\u00e9tudes politiques de Milan. Il a pr\u00e9cis\u00e9 que seuls 2\u00a0% des migrants arrivant en Europe parviennent jusqu\u2019en Italie.<\/p>\n<p>Nando Sigona, professeur \u00e0 l\u2019Universit\u00e9 de Birmingham, a expliqu\u00e9 que Mme\u00a0Meloni d\u00e9testait une mesure prise sous la pr\u00e9sidence de M.\u00a0S\u00e1nchez en juillet visant \u00e0 accorder un statut l\u00e9gal \u00e0 environ un million de r\u00e9sidents de longue date, et qu\u2019elle tenait \u00e0 pr\u00e9senter cette approche comme un \u00e9chec.<\/p>\n<p>M.\u00a0S\u00e1nchez a ripost\u00e9 dans un message publi\u00e9 en ligne, qualifiant la position de Mme\u00a0Meloni sur Ceuta de \u00abcontraire au droit europ\u00e9en, au droit humanitaire et aux principes de solidarit\u00e9 qui nous unissent\u00bb. Il a soulign\u00e9 que l\u2019Italie avait accueilli deux fois plus de migrants que l\u2019Espagne depuis 2021, l\u2019Espagne en ayant accueilli 234\u00a0000\u00a0contre 478\u00a0000\u00a0pour l\u2019Italie.<\/p>\n<p>Toutefois, les critiques se sont fait entendre \u00e0 l\u2019\u00e9chelle de l\u2019UE,  Mme\u00a0Meloni ayant sign\u00e9 une lettre commune avec 21\u00a0autres dirigeants, de la Finlande \u00e0 Malte, qui d\u00e9signait une d\u00e9cision rendue en juillet par un tribunal espagnol comme le \u00abd\u00e9clencheur\u00bb de \u00abcette attaque contre notre syst\u00e8me d\u2019immigration et d\u2019asile\u00bb.<\/p>\n<p>La Cour supr\u00eame espagnole avait en effet statu\u00e9 que les migrants arrivant par la mer ne pouvaient pas \u00eatre expuls\u00e9s sommairement sans proc\u00e9dure r\u00e9guli\u00e8re \u2014 contrairement \u00e0 ceux qui traversent par voie terrestre ou escaladent la barri\u00e8re frontali\u00e8re de Ceuta \u2014, car ils n\u2019avaient pas franchi de barri\u00e8re physique.<\/p>\n<p>M.\u00a0S\u00e1nchez a dit que cette d\u00e9cision avait \u00e9t\u00e9 d\u00e9lib\u00e9r\u00e9ment d\u00e9tourn\u00e9e de son sens par les passeurs afin de persuader des milliers de personnes de contourner \u00e0 la nage la barri\u00e8re frontali\u00e8re.<\/p>\n<p>Le dirigeant socialiste a r\u00e9pondu dans sa propre lettre en rappelant que l\u2019Espagne avait accueilli des migrants arriv\u00e9s dans des pays d\u2019Europe de l\u2019Est en provenance du B\u00e9larus en 2021 et sur l\u2019\u00eele de Lampedusa, au sud de l\u2019Italie, en 2023.<\/p>\n<p>Le gouvernement marocain consid\u00e8re cette situation comme une cons\u00e9quence pr\u00e9visible de la d\u00e9cision de justice, a soutenu un diplomate de haut rang, s\u2019exprimant sous couvert d\u2019anonymat pour aborder un sujet extr\u00eamement sensible.<\/p>\n<p>Il a ajout\u00e9 que cela \u00abenvoyait un message clair aux migrants: \u201cVenez. Si vous arrivez, vous serez prot\u00e9g\u00e9s.\u201d\u00bb Il a ajout\u00e9 que \u00abce r\u00e9sultat aurait d\u00fb \u00eatre anticip\u00e9 par les autorit\u00e9s de Ceuta\u00bb. <\/p>\n<p>Des reproches ont toutefois aussi \u00e9t\u00e9 adress\u00e9s dans l\u2019autre sens. Lundi, la ministre espagnole de la D\u00e9fense, Margarita Robles, a exig\u00e9 que Rabat m\u00e8ne une enqu\u00eate sur l\u2019incapacit\u00e9 locale \u00e0 emp\u00eacher des dizaines de milliers de migrants de quitter le royaume.<\/p>\n","protected":false},"excerpt":{"rendered":"Les politiques migratoires du premier ministre espagnol Pedro S\u00e1nchez font l\u2019objet de critiques cinglantes alors que les dirigeants&hellip;\n","protected":false},"author":2,"featured_media":972678,"comment_status":"","ping_status":"","sticky":false,"template":"","format":"standard","meta":{"footnotes":"","_share_on_mastodon":"0"},"categories":[1586],"tags":[11,1777,674,1779,1011,27,1854,4576,15225,12,25,1778,364],"class_list":["post-1107323","post","type-post","status-publish","format-standard","has-post-thumbnail","category-europe","tag-actualites","tag-eu","tag-europe","tag-european-union","tag-fr","tag-france","tag-https-lactualite-com-sujet-international","tag-https-lactualite-com-sujet-politique","tag-https-lactualite-com-sujet-social","tag-news","tag-republique-francaise","tag-ue","tag-union-europeenne"],"share_on_mastodon":{"url":"https:\/\/pubeurope.com\/@fr\/117037455677393130","error":""},"_links":{"self":[{"href":"https:\/\/www.europesays.com\/fr\/wp-json\/wp\/v2\/posts\/1107323","targetHints":{"allow":["GET"]}}],"collection":[{"href":"https:\/\/www.europesays.com\/fr\/wp-json\/wp\/v2\/posts"}],"about":[{"href":"https:\/\/www.europesays.com\/fr\/wp-json\/wp\/v2\/types\/post"}],"author":[{"embeddable":true,"href":"https:\/\/www.europesays.com\/fr\/wp-json\/wp\/v2\/users\/2"}],"replies":[{"embeddable":true,"href":"https:\/\/www.europesays.com\/fr\/wp-json\/wp\/v2\/comments?post=1107323"}],"version-history":[{"count":0,"href":"https:\/\/www.europesays.com\/fr\/wp-json\/wp\/v2\/posts\/1107323\/revisions"}],"wp:featuredmedia":[{"embeddable":true,"href":"https:\/\/www.europesays.com\/fr\/wp-json\/wp\/v2\/media\/972678"}],"wp:attachment":[{"href":"https:\/\/www.europesays.com\/fr\/wp-json\/wp\/v2\/media?parent=1107323"}],"wp:term":[{"taxonomy":"category","embeddable":true,"href":"https:\/\/www.europesays.com\/fr\/wp-json\/wp\/v2\/categories?post=1107323"},{"taxonomy":"post_tag","embeddable":true,"href":"https:\/\/www.europesays.com\/fr\/wp-json\/wp\/v2\/tags?post=1107323"}],"curies":[{"name":"wp","href":"https:\/\/api.w.org\/{rel}","templated":true}]}}