{"id":110739,"date":"2025-05-19T02:45:37","date_gmt":"2025-05-19T02:45:37","guid":{"rendered":"https:\/\/www.europesays.com\/fr\/110739\/"},"modified":"2025-05-19T02:45:37","modified_gmt":"2025-05-19T02:45:37","slug":"carole-santamaria-presque-a-reculons-au-conseil-municipal","status":"publish","type":"post","link":"https:\/\/www.europesays.com\/fr\/110739\/","title":{"rendered":"Carole Santamaria (presque) \u00e0 reculons au conseil municipal"},"content":{"rendered":"<p>Avant <a href=\"https:\/\/www.dna.fr\/politique\/2025\/03\/29\/affaire-polesi-la-maire-saisit-la-justice-l-opposition-denonce-un-systeme-defaillant\" target=\"_blank\" rel=\"nofollow noopener\">l\u2019affaire Polesi<\/a> , en d\u00e9but de mandat, \u00ab\u00a0il y en avait cinq devant elle dans la liste\u00a0\u00bb, se souvient Carole Santamaria. \u00ab\u00a0Je n\u2019\u00e9tais pas en position \u00e9ligible et c\u2019\u00e9tait mon choix\u00a0\u00bb, avance la future conseill\u00e8re. \u00ab\u00a0J\u2019ai particip\u00e9 activement \u00e0 la construction du projet, \u00e0 la constitution de la liste. Mais je ne me voyais pas \u00e9lue. Pour moi, il fallait \u00eatre \u00e0 la fois plus aguerrie et plus disponible.\u00a0\u00bb<\/p>\n<p>Une militante prudente et tiraill\u00e9e<\/p>\n<p>Ce mardi 13 mai, \u00e0 quelques heures d\u2019un entretien avec la maire <a href=\"https:\/\/www.dna.fr\/p\/jeanne-barseghian\" target=\"_blank\" rel=\"nofollow noopener\">Jeanne Barseghian<\/a> pour discuter des derniers d\u00e9tails, on sent l\u2019\u00e9lue partag\u00e9e sur ce qu\u2019elle ressent \u00e0 l\u2019id\u00e9e d\u2019entrer le lundi suivant au conseil municipal.<\/p>\n<p>\u00c0 46 ans, cette militante f\u00e9ministe, conseill\u00e8re p\u00e9nitentiaire d\u2019insertion et de probation, responsable syndicale CGT insertion probation 67, a pourtant un peu de bouteille. Active depuis plus de deux ans au sein du piquet f\u00e9ministe, elle a auparavant particip\u00e9 \u00e0 la cr\u00e9ation de l\u2019 <a href=\"https:\/\/www.dna.fr\/politique\/2021\/02\/19\/l-assemblee-citoyenne-des-ecologistes-devient-association\" target=\"_blank\" rel=\"nofollow noopener\">Assembl\u00e9e \u00e9cologique et citoyenne<\/a>. Mais cette&#8230;<\/p>\n","protected":false},"excerpt":{"rendered":"Avant l\u2019affaire Polesi , en d\u00e9but de mandat, \u00ab\u00a0il y en avait cinq devant elle dans la liste\u00a0\u00bb,&hellip;\n","protected":false},"author":2,"featured_media":110740,"comment_status":"","ping_status":"","sticky":false,"template":"","format":"standard","meta":{"footnotes":""},"categories":[2820],"tags":[1111,11,2389,2649,1984,2880,1777,674,107,1011,27,775,12,316,25,104,640,2879],"class_list":{"0":"post-110739","1":"post","2":"type-post","3":"status-publish","4":"format-standard","5":"has-post-thumbnail","7":"category-strasbourg","8":"tag-actu","9":"tag-actualites","10":"tag-alsace","11":"tag-bas-rhin","12":"tag-conseil-municipal","13":"tag-edition-strasbourg","14":"tag-eu","15":"tag-europe","16":"tag-fil-info","17":"tag-fr","18":"tag-france","19":"tag-grand-est","20":"tag-news","21":"tag-politique","22":"tag-republique-francaise","23":"tag-societe","24":"tag-strasbourg","25":"tag-strasbourg-ville"},"share_on_mastodon":{"url":"https:\/\/pubeurope.com\/@fr\/114532209379350388","error":""},"_links":{"self":[{"href":"https:\/\/www.europesays.com\/fr\/wp-json\/wp\/v2\/posts\/110739","targetHints":{"allow":["GET"]}}],"collection":[{"href":"https:\/\/www.europesays.com\/fr\/wp-json\/wp\/v2\/posts"}],"about":[{"href":"https:\/\/www.europesays.com\/fr\/wp-json\/wp\/v2\/types\/post"}],"author":[{"embeddable":true,"href":"https:\/\/www.europesays.com\/fr\/wp-json\/wp\/v2\/users\/2"}],"replies":[{"embeddable":true,"href":"https:\/\/www.europesays.com\/fr\/wp-json\/wp\/v2\/comments?post=110739"}],"version-history":[{"count":0,"href":"https:\/\/www.europesays.com\/fr\/wp-json\/wp\/v2\/posts\/110739\/revisions"}],"wp:featuredmedia":[{"embeddable":true,"href":"https:\/\/www.europesays.com\/fr\/wp-json\/wp\/v2\/media\/110740"}],"wp:attachment":[{"href":"https:\/\/www.europesays.com\/fr\/wp-json\/wp\/v2\/media?parent=110739"}],"wp:term":[{"taxonomy":"category","embeddable":true,"href":"https:\/\/www.europesays.com\/fr\/wp-json\/wp\/v2\/categories?post=110739"},{"taxonomy":"post_tag","embeddable":true,"href":"https:\/\/www.europesays.com\/fr\/wp-json\/wp\/v2\/tags?post=110739"}],"curies":[{"name":"wp","href":"https:\/\/api.w.org\/{rel}","templated":true}]}}