{"id":1107485,"date":"2026-08-04T15:11:16","date_gmt":"2026-08-04T15:11:16","guid":{"rendered":"https:\/\/www.europesays.com\/fr\/1107485\/"},"modified":"2026-08-04T15:11:16","modified_gmt":"2026-08-04T15:11:16","slug":"neuves-maisons-les-restos-du-coeur-ferment-cet-ete-mais-restent-mobilises","status":"publish","type":"post","link":"https:\/\/www.europesays.com\/fr\/1107485\/","title":{"rendered":"Neuves-Maisons. Les Restos du C\u0153ur ferment cet \u00e9t\u00e9 mais restent mobilis\u00e9s"},"content":{"rendered":"<p>\u00ab\u00a0Nous sommes oblig\u00e9s de fermer trois semaines, en m\u00eame temps que notre entrep\u00f4t de Vandoeuvre dont l\u2019unique salari\u00e9e sera en vacances. On n\u2019aura plus de livraisons. Mais si les gens ont besoin d\u2019un colis de d\u00e9pannage, ils peuvent m\u2019appeler, je serai toujours l\u00e0, j\u2019habite \u00e0 deux minutes d\u2019ici. On fera m\u00eame les inscriptions. La mis\u00e8re ne s\u2019arr\u00eate pas en \u00e9t\u00e9.\u00a0\u00bb<\/p>\n<p>Responsable des Restos du C\u0153ur de Neuves-Maisons, Liliane Charri\u00e8re souhaite rassurer les b\u00e9n\u00e9ficiaires. Actuellement,&#8230;<\/p>\n","protected":false},"excerpt":{"rendered":"\u00ab\u00a0Nous sommes oblig\u00e9s de fermer trois semaines, en m\u00eame temps que notre entrep\u00f4t de Vandoeuvre dont l\u2019unique salari\u00e9e&hellip;\n","protected":false},"author":2,"featured_media":1107486,"comment_status":"","ping_status":"","sticky":false,"template":"","format":"standard","meta":{"footnotes":"","_share_on_mastodon":"0"},"categories":[9635],"tags":[1111,11,9848,1704,1777,674,1011,27,775,1702,9847,12,25,801,104,1631],"class_list":["post-1107485","post","type-post","status-publish","format-standard","has-post-thumbnail","category-nancy","tag-actu","tag-actualites","tag-cc-moselle-et-madon-54b","tag-edition-nancy-et-agglomeration","tag-eu","tag-europe","tag-fr","tag-france","tag-grand-est","tag-nancy","tag-neuves-maisons","tag-news","tag-republique-francaise","tag-social","tag-societe","tag-vie-associative"],"share_on_mastodon":{"url":"https:\/\/pubeurope.com\/@fr\/117037884222004529","error":""},"_links":{"self":[{"href":"https:\/\/www.europesays.com\/fr\/wp-json\/wp\/v2\/posts\/1107485","targetHints":{"allow":["GET"]}}],"collection":[{"href":"https:\/\/www.europesays.com\/fr\/wp-json\/wp\/v2\/posts"}],"about":[{"href":"https:\/\/www.europesays.com\/fr\/wp-json\/wp\/v2\/types\/post"}],"author":[{"embeddable":true,"href":"https:\/\/www.europesays.com\/fr\/wp-json\/wp\/v2\/users\/2"}],"replies":[{"embeddable":true,"href":"https:\/\/www.europesays.com\/fr\/wp-json\/wp\/v2\/comments?post=1107485"}],"version-history":[{"count":0,"href":"https:\/\/www.europesays.com\/fr\/wp-json\/wp\/v2\/posts\/1107485\/revisions"}],"wp:featuredmedia":[{"embeddable":true,"href":"https:\/\/www.europesays.com\/fr\/wp-json\/wp\/v2\/media\/1107486"}],"wp:attachment":[{"href":"https:\/\/www.europesays.com\/fr\/wp-json\/wp\/v2\/media?parent=1107485"}],"wp:term":[{"taxonomy":"category","embeddable":true,"href":"https:\/\/www.europesays.com\/fr\/wp-json\/wp\/v2\/categories?post=1107485"},{"taxonomy":"post_tag","embeddable":true,"href":"https:\/\/www.europesays.com\/fr\/wp-json\/wp\/v2\/tags?post=1107485"}],"curies":[{"name":"wp","href":"https:\/\/api.w.org\/{rel}","templated":true}]}}