{"id":1107499,"date":"2026-08-04T15:19:14","date_gmt":"2026-08-04T15:19:14","guid":{"rendered":"https:\/\/www.europesays.com\/fr\/1107499\/"},"modified":"2026-08-04T15:19:14","modified_gmt":"2026-08-04T15:19:14","slug":"la-ville-de-grenoble-ferme-en-urgence-ses-parcs-et-annule-des-animations-voici-pourquoi","status":"publish","type":"post","link":"https:\/\/www.europesays.com\/fr\/1107499\/","title":{"rendered":"La Ville de Grenoble ferme en urgence ses parcs et annule des animations : voici pourquoi"},"content":{"rendered":"<p>                    Par<br \/>\n        <strong><br \/>\n            <a href=\"https:\/\/actu.fr\/auteur\/lisa-rodrigues\" title=\"Consulter tous les articles de Lisa Rodrigues\" rel=\"nofollow noopener\" target=\"_blank\">Lisa Rodrigues<\/a><br \/>\n                    <\/strong><\/p>\n<p>        Publi\u00e9 le<\/p>\n<p>            4 ao\u00fbt 2026 \u00e0 15h59        <\/p>\n<p>Les derni\u00e8res pr\u00e9visions m\u00e9t\u00e9orologiques ne pr\u00e9voient pas vraiment une fin de journ\u00e9e tranquille, mardi 4 ao\u00fbt, en <a href=\"https:\/\/actu.fr\/auvergne-rhone-alpes\/isere_38\" rel=\"nofollow noopener\" target=\"_blank\">Is\u00e8re<\/a>. Des <a href=\"https:\/\/actu.fr\/auvergne-rhone-alpes\/grenoble_38185\/des-orages-annonces-avant-une-baisse-des-temperatures-en-isere-les-secteurs-ou-ils-vont-frapper_64618394.html\" rel=\"nofollow noopener\" target=\"_blank\">orages sont en effet annonc\u00e9s<\/a> depuis plusieurs jours, accompagn\u00e9s de vents violents.\u00a0<\/p>\n<p class=\" wall-content\">Une perturbation qui doit arriver sur <a href=\"https:\/\/actu.fr\/auvergne-rhone-alpes\/grenoble_38185\" rel=\"nofollow noopener\" target=\"_blank\">Grenoble<\/a>, alors qu\u2019une masse potentiellement orageuse est d\u00e9j\u00e0 pr\u00e9sente sur les massifs alpins en d\u00e9but d\u2019apr\u00e8s-midi, selon la carte de l\u2019observatoire Keraunos.<\/p>\n<p>Fermeture d\u00e8s 17h<\/p>\n<p class=\" wall-content\">En cons\u00e9quence, et m\u00eame si \u00ab\u00a0les orages n\u2019\u00e9clatent pas toujours au-dessus de Grenoble\u00a0\u00bb, la Ville a tout de m\u00eame ordonn\u00e9 par pr\u00e9caution <strong>la fermeture des parcs et jardins de la municipalit\u00e9 d\u00e8s 17h<\/strong>, et au moins jusqu\u2019\u00e0 mercredi matin, l\u2019Is\u00e8re ayant \u00e9t\u00e9 plac\u00e9e en vigilance jaune pour les orages par <a href=\"https:\/\/actu.fr\/tag\/meteo-france\" rel=\"nofollow noopener\" target=\"_blank\">M\u00e9t\u00e9o-France<\/a>.<\/p>\n<p class=\" wall-content\">Les services de la mairie parlent \u00e9galement d\u2019un risque de vents violents, avec <strong>plus de 60 km\/h<\/strong> possibles sur l\u2019agglom\u00e9ration, selon les pr\u00e9visions du service public de m\u00e9t\u00e9orologie. \u00ab\u00a0Les rafales de vent entra\u00eenent des chutes de branches d\u2019arbres, <a href=\"https:\/\/actu.fr\/auvergne-rhone-alpes\/grenoble_38185\/secheresse-et-risque-d-incendies-pres-de-grenoble-de-nombreux-secteurs-fermes-au-public_64619413.html\" rel=\"nofollow noopener\" target=\"_blank\">ceux-ci \u00e9tant d\u00e9j\u00e0 fragilis\u00e9s par la s\u00e9cheresse<\/a>.\u00a0\u00bb\u00a0<\/p>\n<p>    <a href=\"https:\/\/www.facebook.com\/plugins\/post.php?href=https%3A%2F%2Fwww.facebook.com%2FVilledeGrenoble%2Fposts%2Fpfbid02ZKK3z1ASYV58cL3gfyoN2M7pW7VfS5meZHtYRwuhscKN56NbfUPtRepBYGXJA8Nil&amp;show_text=true&amp;width=350\" title=\"Ouvrie le lien\" rel=\"nofollow noopener\" target=\"_blank\">Cliquez ici pour visualiser le contenu<\/a><\/p>\n<p class=\" wall-content\">De plus, les animations \u00ab\u00a0L\u2019\u00c9t\u00e9 Oh! Parcs\u00a0\u00bb pr\u00e9vues dans la soir\u00e9e sont aussi annul\u00e9es. En revanche, <a href=\"https:\/\/actu.fr\/https:\/actu.fr\/auvergne-rhone-alpes\/grenoble_38185\/il-etait-interdit-d-acces-depuis-plus-de-60-ans-ce-monument-historique-de-grenoble-rouvre-enfin-ses-portes_64532991.html\" rel=\"nofollow noopener\" target=\"_blank\">la Tour Perret<\/a> reste ouverte avec un acc\u00e8s \u00ab\u00a0via l\u2019all\u00e9e de la vasque olympique\u00a0\u00bb.\u00a0<\/p>\n<p>De la gr\u00eale possible<\/p>\n<p class=\" wall-content\">Selon le dernier bulletin de M\u00e9t\u00e9o-France, \u00ab\u00a0des ph\u00e9nom\u00e8nes intenses\u00a0\u00bb sont possibles localement, avec de \u00ab\u00a0fortes quantit\u00e9s de pluie de l\u2019ordre de 40 \u00e0 60 mm\u00a0\u00bb, ainsi que de la gr\u00eale.\u00a0<\/p>\n<p class=\" wall-content\">Concernant l\u2019Is\u00e8re, \u00ab\u00a0il faudra surveiller la situation entre 16h et 22h\u00a0\u00bb, pr\u00e9vient <a href=\"https:\/\/www.facebook.com\/meteocentreisere\" rel=\"nofollow noopener\" target=\"_blank\">M\u00e9t\u00e9o Centre-Is\u00e8re<\/a>, avec une activit\u00e9 orageuse particuli\u00e8rement attendue \u00ab\u00a0sur un axe s\u2019\u00e9tirant entre le Vercors, la cuvette grenobloise, la Chartreuse, le Voironnais, la Valdaine, les Terres-Froides, la Bi\u00e8vre et l\u2019Avant Pays Savoyard\u00a0\u00bb.<\/p>\n<p class=\" wall-content\">L\u00e0 aussi, <strong>des gr\u00ealons de \u00ab\u00a03 \u00e0 5 cm de diam\u00e8tre\u00a0\u00bb<\/strong> sont possibles localement, selon le m\u00e9t\u00e9orologue.\u00a0<\/p>\n<p class=\" wall-content\">Personnalisez votre actualit\u00e9 en ajoutant vos villes et m\u00e9dias en favori avec <a href=\"https:\/\/moncompte.actu.fr\" title=\"D\u00e9couvez Mon Actu\" rel=\"nofollow noopener\" data-trk=\"{&quot;cta&quot;:{&quot;action&quot;:&quot;https:\\\/\\\/moncompte.actu.fr&quot;,&quot;category&quot;:&quot;mon compte&quot;,&quot;from&quot;:&quot;article footer&quot;,&quot;name&quot;:&quot;Mon actu&quot;,&quot;type&quot;:&quot;cta&quot;}}\" target=\"_blank\">Mon Actu<\/a>.<\/p>\n","protected":false},"excerpt":{"rendered":"Par Lisa Rodrigues Publi\u00e9 le 4 ao\u00fbt 2026 \u00e0 15h59 Les derni\u00e8res pr\u00e9visions m\u00e9t\u00e9orologiques ne pr\u00e9voient pas vraiment&hellip;\n","protected":false},"author":2,"featured_media":59651,"comment_status":"","ping_status":"","sticky":false,"template":"","format":"standard","meta":{"footnotes":"","_share_on_mastodon":"0"},"categories":[9566],"tags":[1111,11,2430,1777,674,1011,27,2731,12,4594,25,104,7919],"class_list":["post-1107499","post","type-post","status-publish","format-standard","has-post-thumbnail","category-grenoble","tag-actu","tag-actualites","tag-auvergne-rhone-alpes","tag-eu","tag-europe","tag-fr","tag-france","tag-grenoble","tag-news","tag-orages","tag-republique-francaise","tag-societe","tag-vent"],"share_on_mastodon":{"url":"https:\/\/pubeurope.com\/@fr\/117037915635807229","error":""},"_links":{"self":[{"href":"https:\/\/www.europesays.com\/fr\/wp-json\/wp\/v2\/posts\/1107499","targetHints":{"allow":["GET"]}}],"collection":[{"href":"https:\/\/www.europesays.com\/fr\/wp-json\/wp\/v2\/posts"}],"about":[{"href":"https:\/\/www.europesays.com\/fr\/wp-json\/wp\/v2\/types\/post"}],"author":[{"embeddable":true,"href":"https:\/\/www.europesays.com\/fr\/wp-json\/wp\/v2\/users\/2"}],"replies":[{"embeddable":true,"href":"https:\/\/www.europesays.com\/fr\/wp-json\/wp\/v2\/comments?post=1107499"}],"version-history":[{"count":0,"href":"https:\/\/www.europesays.com\/fr\/wp-json\/wp\/v2\/posts\/1107499\/revisions"}],"wp:featuredmedia":[{"embeddable":true,"href":"https:\/\/www.europesays.com\/fr\/wp-json\/wp\/v2\/media\/59651"}],"wp:attachment":[{"href":"https:\/\/www.europesays.com\/fr\/wp-json\/wp\/v2\/media?parent=1107499"}],"wp:term":[{"taxonomy":"category","embeddable":true,"href":"https:\/\/www.europesays.com\/fr\/wp-json\/wp\/v2\/categories?post=1107499"},{"taxonomy":"post_tag","embeddable":true,"href":"https:\/\/www.europesays.com\/fr\/wp-json\/wp\/v2\/tags?post=1107499"}],"curies":[{"name":"wp","href":"https:\/\/api.w.org\/{rel}","templated":true}]}}