{"id":1107532,"date":"2026-08-04T15:39:15","date_gmt":"2026-08-04T15:39:15","guid":{"rendered":"https:\/\/www.europesays.com\/fr\/1107532\/"},"modified":"2026-08-04T15:39:15","modified_gmt":"2026-08-04T15:39:15","slug":"rejoins%e2%80%90moi-la-campagne-electorale-lyonnaise-entre-tractations-et-debauchages","status":"publish","type":"post","link":"https:\/\/www.europesays.com\/fr\/1107532\/","title":{"rendered":"\u00ab Rejoins\u2010moi ! \u00bb : la campagne \u00e9lectorale lyonnaise entre tractations et d\u00e9bauchages"},"content":{"rendered":"<p>L\u2019art de se h\u00e2ter lentement. En ce d\u00e9but du mois de novembre 2025, Gr\u00e9gory Doucet le r\u00e9p\u00e8te aux journalistes du <a href=\"https:\/\/c.leprogres.fr\/elections\/2025\/11\/02\/c-est-l-offensive-des-droites-dures-le-binome-doucet-runel-fustige-jean-michel-aulas\" rel=\"nofollow noopener\" target=\"_blank\">Progr\u00e8s<\/a>\u00a0: \u00ab\u202fCe n\u2019est pas le temps de la campagne.\u202f\u00bb Bien s\u00fbr, Jean\u2010Michel Aulas est cr\u00e9dit\u00e9 de 47\u202f% dans les derniers sondages (pour le premier tour !). Certes, la candidature \u00ab\u202fpopulaire\u202f\u00bb de l\u2019ancien patron de l\u2019Olympique lyonnais est une \u00ab\u202fd\u00e9flagration\u202f\u00bb qui \u00ab\u202fpeut faire peur\u202f\u00bb. Mais promis, la bulle Aulas, faux\u2010nez d\u2019une \u00ab\u202foffensive des droites les plus dures\u202f\u00bb, va se d\u00e9gonfler. \u00ab\u202fJe ne vais pas m\u2019emballer \u00e0 six mois du scrutin\u202f\u00bb, temp\u00e8re le maire \u00e9cologiste de Lyon dans le quotidien r\u00e9gional.\u00a0<\/p>\n<p>Vraiment\u202f? Deux jours plus tard, le 4 novembre, le m\u00eame Gr\u00e9gory Doucet s\u2019affiche bras dessus, bras dessous, avec ses partenaires de gauche devant le Ninkasi de la Guilloti\u00e8re, dans le 3e arrondissement de Lyon. Socialistes, communistes, militants de Place publique ou de G\u00e9n\u00e9ration.s\u2026 \u00ab\u202fC\u2019est l\u2019union de la gauche et de l\u2019\u00e9cologie\u202f\u00bb, vante le maire. Et de promettre une \u00ab\u202fcampagne joyeuse\u202f\u00bb pour continuer les \u00ab\u202ftransformations visibles et puissantes dans la vie des gens\u202f\u00bb entam\u00e9es lors du premier mandat.\u00a0<\/p>\n<p>Nous vous offrons l\u2019acc\u00e8s \u00e0 cet article<\/p>\n<p>Et \u00e0 toutes nos enqu\u00eates pendant deux jours\u00a0\u00a0! <br \/>Oui, on est g\u00e9n\u00e9reux \ud83d\ude09 Mais pensez aussi \u00e0 <a href=\"https:\/\/www.mediacites.fr\/sabonner\/\" target=\"_blank\" style=\"color:#fff\" rel=\"nofollow noopener\">vous abonner<\/a>\u00a0\u00a0!<\/p>\n<p>\t\tEn renseignant votre adresse, vous acceptez nos <a href=\"https:\/\/www.mediacites.fr\/conditions-generales-d-utilisation\/\" target=\"_blank\" rel=\"nofollow noopener\">conditions g\u00e9n\u00e9rales d\u2019utilisation<\/a>. <br \/>Mediacit\u00e9s s\u2019engage \u00e0 ne pas c\u00e9der votre adresse \u00e0 des tiers. En cas d\u2019\u00e9chec, \u00e9crivez \u00e0 <a href=\"https:\/\/www.mediacites.fr\/enquete\/lyon\/2026\/08\/04\/rejoins-moi-la-campagne-electorale-lyonnaise-entre-tractations-et-debauchages\/mailto:contact@mediacites.fr\" rel=\"nofollow noopener\" target=\"_blank\">contact@mediacites.fr<\/a><\/p>\n<ul>\n<li>J\u2019acc\u00e8de aux 4 \u00e9ditions de Mediacit\u00e9s (Lille, Lyon, Nantes et Toulouse)<\/li>\n<li>Je d\u00e9couvre un m\u00e9dia 100 % ind\u00e9pendant, avec 0 % de publicit\u00e9<\/li>\n<\/ul>\n<p>Envie de lire la\u00a0suite\u202f?<\/p>\n<p>Depuis neuf ans, Mediacit\u00e9s enqu\u00eate en toute ind\u00e9pendance dans votre ville. Gr\u00e2ce \u00e0 ses lecteurs\u202f! Abonnez\u2010vous pour ne rien manquer de nos enqu\u00eates, suivre les \u00e9lections municipales et soutenir un journal local d\u2019investigation.<\/p>\n<ul>\n<li>Acc\u00e8s aux 4 \u00e9ditions de Mediacit\u00e9s (Lille, Lyon, Nantes et Toulouse)<\/li>\n<li>100 % ind\u00e9pendant, avec 0 % de publicit\u00e9<\/li>\n<li>R\u00e9siliation facile \u00e0 tout moment<\/li>\n<\/ul>\n<p>Mediacit\u00e9s offre l\u2019acc\u00e8s \u00e0 cet article aux lecteurs de News2Com<\/p>\n<p>Et \u00e0 toutes nos enqu\u00eates pendant deux jours\u00a0\u00a0! <br \/>Oui, on est g\u00e9n\u00e9reux \ud83d\ude09 Mais pensez aussi \u00e0 <a href=\"https:\/\/www.mediacites.fr\/sabonner\/\" target=\"_blank\" style=\"color:#fff\" rel=\"nofollow noopener\">vous abonner<\/a>\u00a0\u00a0!<\/p>\n<p>\t\tEn renseignant votre adresse, vous acceptez nos <a href=\"https:\/\/www.mediacites.fr\/conditions-generales-d-utilisation\/\" target=\"_blank\" rel=\"nofollow noopener\">conditions g\u00e9n\u00e9rales d\u2019utilisation<\/a>. <br \/>Mediacit\u00e9s s\u2019engage \u00e0 ne pas c\u00e9der votre adresse \u00e0 des tiers. En cas d\u2019\u00e9chec, \u00e9crivez \u00e0 <a href=\"https:\/\/www.mediacites.fr\/enquete\/lyon\/2026\/08\/04\/rejoins-moi-la-campagne-electorale-lyonnaise-entre-tractations-et-debauchages\/mailto:contact@mediacites.fr\" rel=\"nofollow noopener\" target=\"_blank\">contact@mediacites.fr<\/a><\/p>\n<ul>\n<li>J\u2019acc\u00e8de aux 4 \u00e9ditions de Mediacit\u00e9s (Lille, Lyon, Nantes et Toulouse)<\/li>\n<li>Je d\u00e9couvre un m\u00e9dia 100 % ind\u00e9pendant, avec 0 % de publicit\u00e9<\/li>\n<\/ul>\n","protected":false},"excerpt":{"rendered":"L\u2019art de se h\u00e2ter lentement. En ce d\u00e9but du mois de novembre 2025, Gr\u00e9gory Doucet le r\u00e9p\u00e8te aux&hellip;\n","protected":false},"author":2,"featured_media":1107533,"comment_status":"","ping_status":"","sticky":false,"template":"","format":"standard","meta":{"footnotes":"","_share_on_mastodon":"0"},"categories":[1889],"tags":[1111,11,81404,2430,2761,1067,1777,674,1011,27,5226,5227,3539,6319,2428,12,41696,25],"class_list":["post-1107532","post","type-post","status-publish","format-standard","has-post-thumbnail","category-lyon","tag-actu","tag-actualites","tag-anais-belouassa-cherifi","tag-auvergne-rhone-alpes","tag-elections-municipales-2026","tag-enquete","tag-eu","tag-europe","tag-fr","tag-france","tag-gregory-doucet","tag-jean-michel-aulas","tag-les-ecologistes","tag-les-republicains","tag-lyon","tag-news","tag-pierre-oliver","tag-republique-francaise"],"share_on_mastodon":{"url":"https:\/\/pubeurope.com\/@fr\/117037994536371548","error":""},"_links":{"self":[{"href":"https:\/\/www.europesays.com\/fr\/wp-json\/wp\/v2\/posts\/1107532","targetHints":{"allow":["GET"]}}],"collection":[{"href":"https:\/\/www.europesays.com\/fr\/wp-json\/wp\/v2\/posts"}],"about":[{"href":"https:\/\/www.europesays.com\/fr\/wp-json\/wp\/v2\/types\/post"}],"author":[{"embeddable":true,"href":"https:\/\/www.europesays.com\/fr\/wp-json\/wp\/v2\/users\/2"}],"replies":[{"embeddable":true,"href":"https:\/\/www.europesays.com\/fr\/wp-json\/wp\/v2\/comments?post=1107532"}],"version-history":[{"count":0,"href":"https:\/\/www.europesays.com\/fr\/wp-json\/wp\/v2\/posts\/1107532\/revisions"}],"wp:featuredmedia":[{"embeddable":true,"href":"https:\/\/www.europesays.com\/fr\/wp-json\/wp\/v2\/media\/1107533"}],"wp:attachment":[{"href":"https:\/\/www.europesays.com\/fr\/wp-json\/wp\/v2\/media?parent=1107532"}],"wp:term":[{"taxonomy":"category","embeddable":true,"href":"https:\/\/www.europesays.com\/fr\/wp-json\/wp\/v2\/categories?post=1107532"},{"taxonomy":"post_tag","embeddable":true,"href":"https:\/\/www.europesays.com\/fr\/wp-json\/wp\/v2\/tags?post=1107532"}],"curies":[{"name":"wp","href":"https:\/\/api.w.org\/{rel}","templated":true}]}}