{"id":110771,"date":"2025-05-19T03:10:17","date_gmt":"2025-05-19T03:10:17","guid":{"rendered":"https:\/\/www.europesays.com\/fr\/110771\/"},"modified":"2025-05-19T03:10:17","modified_gmt":"2025-05-19T03:10:17","slug":"appel-trump-poutine-lundi-nouvelle-tentative-pour-mettre-fin-au-bain-de-sang-en-ukraine","status":"publish","type":"post","link":"https:\/\/www.europesays.com\/fr\/110771\/","title":{"rendered":"Appel Trump-Poutine lundi, nouvelle tentative pour \u00ab\u00a0mettre fin au bain de sang\u00a0\u00bb en Ukraine"},"content":{"rendered":"<p>Les premiers pourparlers de paix entre Ukrainiens et Russes depuis 2022, qui se sont tenus vendredi en Turquie, n&rsquo;ont pas abouti au cessez-le-feu demand\u00e9 par l&rsquo;Ukraine et ses alli\u00e9s, les attaques meurtri\u00e8res se poursuivant sur le terrain.<\/p>\n<p>Suite \u00e0 cette rencontre d\u00e9cevante, Donald Trump a d\u00e9clar\u00e9 qu&rsquo;il parlerait par t\u00e9l\u00e9phone lundi au pr\u00e9sident russe. Objectif : \u00ab\u00a0Mettre fin au +bain de sang+\u00a0\u00bb, a-t-il annonc\u00e9 sur sa plateforme Truth Social.<\/p>\n<p>Dans son message de samedi, il a dit esp\u00e9rer que ce sera \u00ab\u00a0une journ\u00e9e productive\u00a0\u00bb, \u00ab\u00a0qu&rsquo;un cessez-le-feu aura lieu\u00a0\u00bb et \u00ab\u00a0que cette guerre tr\u00e8s violente &#8211; une guerre qui n&rsquo;aurait jamais d\u00fb se produire &#8211; prenne fin\u00a0\u00bb.<\/p>\n<p>D\u00e8s dimanche \u00e0 Rome, le vice-pr\u00e9sident am\u00e9ricain JD Vance s&rsquo;est entretenu avec le pr\u00e9sident ukrainien Volodymyr Zelensky pour pr\u00e9parer cet appel.<\/p>\n<p>Selon un haut responsable ukrainien, les deux dirigeants ont \u00e9voqu\u00e9 \u00ab\u00a0la situation sur le front, les pr\u00e9paratifs de la conversation de lundi (entre MM. Trump et Poutine), la possibilit\u00e9 de sanctions contre la Russie en l&rsquo;absence de r\u00e9sultats, un cessez-le-feu\u00a0\u00bb.<\/p>\n<p>\u00ab\u00a0Les dirigeants ont \u00e9voqu\u00e9 leur objectif partag\u00e9 de mettre fin au bain de sang en Ukraine et ont fourni des informations suppl\u00e9mentaires sur l&rsquo;\u00e9tat actuel des n\u00e9gociations en vue d&rsquo;un cessez-le-feu et d&rsquo;une paix durable\u00a0\u00bb, a de son c\u00f4t\u00e9 d\u00e9clar\u00e9 la Maison Blanche. <\/p>\n<p>Cette rencontre \u00e9tait la premi\u00e8re entre les deux hommes depuis leur altercation film\u00e9e dans le bureau ovale fin f\u00e9vrier, qui avait marqu\u00e9 le changement de ton de la Maison Blanche vis-\u00e0-vis de l&rsquo;Ukraine.<\/p>\n<p><img alt=\"Le pr\u00e9sident russe Vladimir Poutine tient une r\u00e9union \u00e0 Moscou, le 14 mai 2025, sur les prochains pourparlers de paix directs avec l'Ukraine, qui doivent se tenir \u00e0 Istanbul\" loading=\"lazy\" decoding=\"async\" data-nimg=\"fill\" class=\" TwicCore_img__i9TC1 undefined  undefined\" style=\"position:absolute;height:100%;width:100%;left:0;top:0;right:0;bottom:0;color:transparent;background-size:cover;background-position:50% 50%;background-repeat:no-repeat;background-image:url(&quot;data:image\/svg+xml;charset=utf-8,%3Csvg xmlns='http:\/\/www.w3.org\/2000\/svg' %3E%3Cfilter id='b' color-interpolation-filters='sRGB'%3E%3CfeGaussianBlur stdDeviation='20'\/%3E%3CfeColorMatrix values='1 0 0 0 0 0 1 0 0 0 0 0 1 0 0 0 0 0 100 -1' result='s'\/%3E%3CfeFlood x='0' y='0' width='100%25' height='100%25'\/%3E%3CfeComposite operator='out' in='s'\/%3E%3CfeComposite in2='SourceGraphic'\/%3E%3CfeGaussianBlur stdDeviation='20'\/%3E%3C\/filter%3E%3Cimage width='100%25' height='100%25' x='0' y='0' preserveAspectRatio='none' style='filter: url(%23b);' href='https:\/\/pictures.laprovence.com\/cdn-cgi\/image\/blur=250\/media\/afp\/d12e734ddd9122fbc5544739e19782f06b8fe1ef.jpg'\/%3E%3C\/svg%3E&quot;)\"   src=\"https:\/\/www.europesays.com\/fr\/wp-content\/uploads\/2025\/05\/d12e734ddd9122fbc5544739e19782f06b8fe1ef.jpg\"\/>Le pr\u00e9sident russe Vladimir Poutine tient une r\u00e9union \u00e0 Moscou, le 14 mai 2025, sur les prochains pourparlers de paix directs avec l&rsquo;Ukraine, qui doivent se tenir \u00e0 Istanbul PHOTO AFP \/ Alexander KAZAKOV<\/p>\n<p>Sur le terrain, les attaques russes contre l&rsquo;Ukraine ont continu\u00e9 de fa\u00e7on intensive.<\/p>\n<p>Un drone russe a frapp\u00e9 samedi un minibus dans la r\u00e9gion de Soumy (nord), faisant au moins neuf morts, et une frappe sur la r\u00e9gion de Kiev a tu\u00e9 une femme dimanche, selon les autorit\u00e9s ukrainiennes.<\/p>\n<p>Dans la nuit de samedi \u00e0 dimanche, l&rsquo;arm\u00e9e russe a lanc\u00e9 273 drones explosifs contre l&rsquo;Ukraine, \u00ab\u00a0un record\u00a0\u00bb, a pr\u00e9cis\u00e9 la vice-Premi\u00e8re ministre ukrainienne, Ioulia Svyrydenko.<\/p>\n<p>A l&rsquo;avantage sur le front face \u00e0 des troupes ukrainiennes moins nombreuses, l&rsquo;arm\u00e9e russe a revendiqu\u00e9 dimanche la prise d&rsquo;une nouvelle localit\u00e9, Bagatyr, dans la r\u00e9gion de Donetsk (est).<\/p>\n<p>A la veille de l&rsquo;appel entre MM. Trump et Poutine, les dirigeants fran\u00e7ais, britannique, allemand et italien se sont entretenus dimanche par t\u00e9l\u00e9phone avec le pr\u00e9sident am\u00e9ricain, a indiqu\u00e9 Downing Street.<\/p>\n<p>Ils \u00ab\u00a0ont discut\u00e9 de la situation en Ukraine et du co\u00fbt catastrophique de la guerre pour les deux parties\u00a0\u00bb, a expliqu\u00e9 un porte-parole du bureau de Keir Starmer.<\/p>\n<p>\u00ab\u00a0Au pr\u00e9sident Poutine de prouver demain qu&rsquo;il veut vraiment la paix et d&rsquo;accepter le cessez-le-feu inconditionnel de 30 jours propos\u00e9 par le pr\u00e9sident Trump, soutenu par l&rsquo;Ukraine et l&rsquo;Europe\u00a0\u00bb, a \u00e9crit sur X le pr\u00e9sident fran\u00e7ais, Emmanuel Macron.<\/p>\n<p>La semaine \u00e0 venir sera \u00ab\u00a0cruciale\u00a0\u00bb, a jug\u00e9 depuis Rome la pr\u00e9sidente de la Commission europ\u00e9enne, Ursula von der Leyen.<\/p>\n<p><img alt=\"Cette photo prise et diffus\u00e9e par le service de presse de la pr\u00e9sidence ukrainienne le 18 mai 2025 montre le pr\u00e9sident Volodymyr Zelensky et le vice-pr\u00e9sident des \u00c9tats-Unis JD Vance s'entretenant lors \u00e0 Rome\" loading=\"lazy\" decoding=\"async\" data-nimg=\"fill\" class=\" TwicCore_img__i9TC1 undefined  undefined\" style=\"position:absolute;height:100%;width:100%;left:0;top:0;right:0;bottom:0;color:transparent;background-size:cover;background-position:50% 50%;background-repeat:no-repeat;background-image:url(&quot;data:image\/svg+xml;charset=utf-8,%3Csvg xmlns='http:\/\/www.w3.org\/2000\/svg' %3E%3Cfilter id='b' color-interpolation-filters='sRGB'%3E%3CfeGaussianBlur stdDeviation='20'\/%3E%3CfeColorMatrix values='1 0 0 0 0 0 1 0 0 0 0 0 1 0 0 0 0 0 100 -1' result='s'\/%3E%3CfeFlood x='0' y='0' width='100%25' height='100%25'\/%3E%3CfeComposite operator='out' in='s'\/%3E%3CfeComposite in2='SourceGraphic'\/%3E%3CfeGaussianBlur stdDeviation='20'\/%3E%3C\/filter%3E%3Cimage width='100%25' height='100%25' x='0' y='0' preserveAspectRatio='none' style='filter: url(%23b);' href='https:\/\/pictures.laprovence.com\/cdn-cgi\/image\/blur=250\/media\/afp\/f4152aa4d42af9d31673c23275cfcb91b30f598e.jpg'\/%3E%3C\/svg%3E&quot;)\"   src=\"https:\/\/www.europesays.com\/fr\/wp-content\/uploads\/2025\/05\/f4152aa4d42af9d31673c23275cfcb91b30f598e.jpg\"\/>Cette photo prise et diffus\u00e9e par le service de presse de la pr\u00e9sidence ukrainienne le 18 mai 2025 montre le pr\u00e9sident Volodymyr Zelensky et le vice-pr\u00e9sident des \u00c9tats-Unis JD Vance s&rsquo;entretenant lors \u00e0 Rome PHOTO AFP \/ Handout<\/p>\n<p>\u00ab\u00a0Le pr\u00e9sident est d\u00e9termin\u00e9 \u00e0 obtenir des r\u00e9sultats\u00a0\u00bb sur l&rsquo;Ukraine, a d\u00e9clar\u00e9 l&rsquo;envoy\u00e9 sp\u00e9cial de Donald Trump, Steve Witkoff, avant de mettre en garde: \u00ab\u00a0Si lui n&rsquo;y parvient pas, alors personne ne le pourra\u00a0\u00bb.<\/p>\n<p>\u00ab\u00a0La pression sur la Russie doit se poursuivre jusqu&rsquo;\u00e0 ce qu&rsquo;elle soit pr\u00eate \u00e0 mettre fin \u00e0 la guerre\u00a0\u00bb, a pour sa part insist\u00e9 M. Zelensky sur les r\u00e9seaux sociaux.<\/p>\n<p>De son c\u00f4t\u00e9, Vladimir Poutine a martel\u00e9 dimanche vouloir \u00ab\u00a0\u00e9liminer les causes\u00a0\u00bb du conflit et \u00ab\u00a0garantir la s\u00e9curit\u00e9 de l&rsquo;\u00c9tat russe\u00a0\u00bb.<\/p>\n<p>Depuis son retour \u00e0 la Maison Blanche, Donald Trump, qui a pr\u00e9vu de d\u00e9briefer le pr\u00e9sident ukrainien et plusieurs dirigeants d&rsquo;Etats membres de l&rsquo;Otan apr\u00e8s son appel avec Vladimir Poutine, appelle Moscou et Kiev \u00e0 cesser les combats.<\/p>\n<p>A ce stade, ses efforts n&rsquo;ont toutefois pas permis d&rsquo;avanc\u00e9e majeure dans le r\u00e8glement du conflit, d\u00e9clench\u00e9 par l&rsquo;invasion russe qui a fait, en plus de trois ans, plusieurs dizaines de milliers de morts, civils et militaires confondus.<\/p>\n<p>MM. Poutine et Trump s&rsquo;\u00e9taient parl\u00e9 au t\u00e9l\u00e9phone le 18 mars, convenant d&rsquo;un cessez-le-feu de 30 jours sur les infrastructures \u00e9nerg\u00e9tiques, que Kiev et Moscou se sont mutuellement accus\u00e9s d&rsquo;avoir viol\u00e9.<\/p>\n<p>Le Kremlin maintient des revendications maximalistes: que l&rsquo;Ukraine renonce \u00e0 rejoindre l&rsquo;Otan, abandonne quatre de ses r\u00e9gions partiellement contr\u00f4l\u00e9es par la Russie, en plus de la Crim\u00e9e annex\u00e9e en 2014, et que cessent les livraisons d&rsquo;armes occidentales.<\/p>\n<p>L&rsquo;Ukraine rejette fermement ces exigences et demande que l&rsquo;arm\u00e9e russe, qui occupe toujours pr\u00e8s de 20% de son territoire, s&rsquo;en retire.<\/p>\n<p>Pour \u00e9viter une nouvelle invasion russe \u00e0 l&rsquo;avenir, Kiev dit aussi exiger des \u00ab\u00a0garanties de s\u00e9curit\u00e9\u00a0\u00bb solides.<\/p>\n","protected":false},"excerpt":{"rendered":"Les premiers pourparlers de paix entre Ukrainiens et Russes depuis 2022, qui se sont tenus vendredi en Turquie,&hellip;\n","protected":false},"author":2,"featured_media":110772,"comment_status":"","ping_status":"","sticky":false,"template":"","format":"standard","meta":{"footnotes":""},"categories":[1590],"tags":[17,11,7431,1777,674,329,9865,7557,12,2043,471,7451,22947,220],"class_list":{"0":"post-110771","1":"post","2":"type-post","3":"status-publish","4":"format-standard","5":"has-post-thumbnail","7":"category-ukraine","8":"tag-17","9":"tag-actualites","10":"tag-appel","11":"tag-eu","12":"tag-europe","13":"tag-france-monde","14":"tag-lundi","15":"tag-mettre","16":"tag-news","17":"tag-nouvelle","18":"tag-pour","19":"tag-tentative","20":"tag-trump-poutine","21":"tag-ukraine"},"share_on_mastodon":{"url":"https:\/\/pubeurope.com\/@fr\/114532307654688688","error":""},"_links":{"self":[{"href":"https:\/\/www.europesays.com\/fr\/wp-json\/wp\/v2\/posts\/110771","targetHints":{"allow":["GET"]}}],"collection":[{"href":"https:\/\/www.europesays.com\/fr\/wp-json\/wp\/v2\/posts"}],"about":[{"href":"https:\/\/www.europesays.com\/fr\/wp-json\/wp\/v2\/types\/post"}],"author":[{"embeddable":true,"href":"https:\/\/www.europesays.com\/fr\/wp-json\/wp\/v2\/users\/2"}],"replies":[{"embeddable":true,"href":"https:\/\/www.europesays.com\/fr\/wp-json\/wp\/v2\/comments?post=110771"}],"version-history":[{"count":0,"href":"https:\/\/www.europesays.com\/fr\/wp-json\/wp\/v2\/posts\/110771\/revisions"}],"wp:featuredmedia":[{"embeddable":true,"href":"https:\/\/www.europesays.com\/fr\/wp-json\/wp\/v2\/media\/110772"}],"wp:attachment":[{"href":"https:\/\/www.europesays.com\/fr\/wp-json\/wp\/v2\/media?parent=110771"}],"wp:term":[{"taxonomy":"category","embeddable":true,"href":"https:\/\/www.europesays.com\/fr\/wp-json\/wp\/v2\/categories?post=110771"},{"taxonomy":"post_tag","embeddable":true,"href":"https:\/\/www.europesays.com\/fr\/wp-json\/wp\/v2\/tags?post=110771"}],"curies":[{"name":"wp","href":"https:\/\/api.w.org\/{rel}","templated":true}]}}