{"id":110774,"date":"2025-05-19T03:12:08","date_gmt":"2025-05-19T03:12:08","guid":{"rendered":"https:\/\/www.europesays.com\/fr\/110774\/"},"modified":"2025-05-19T03:12:08","modified_gmt":"2025-05-19T03:12:08","slug":"premier-sommet-entre-le-royaume-uni-et-lue-depuis-le-brexit","status":"publish","type":"post","link":"https:\/\/www.europesays.com\/fr\/110774\/","title":{"rendered":"premier sommet entre le Royaume-Uni et l&rsquo;UE depuis le Brexit"},"content":{"rendered":"<p>Depuis le d\u00e9but de la guerre en Ukraine et le risque d\u2019un d\u00e9sengagement am\u00e9ricain, Londres et Bruxelles tentent de resserrer les liens dans le domaine de la d\u00e9fense.<\/p>\n<p class=\"fig-paragraph\">Le Royaume-Uni et l&rsquo;Union europ\u00e9enne tiennent lundi \u00e0 Londres un sommet in\u00e9dit, cinq ans apr\u00e8s le Brexit, destin\u00e9 \u00e0 poser les fondations d&rsquo;une relation plus \u00e9troite, en particulier en mati\u00e8re de d\u00e9fense. Le Premier ministre britannique\u00a0<a href=\"http:\/\/www.lefigaro.fr\/international\/sous-pression-sur-l-immigration-keir-starmer-promet-de-reprendre-le-controle-des-frontieres-britanniques-20250512\" data-fig-type=\"Article\" data-gtm-custom-categorie=\"navigation\" data-gtm-custom-action=\"crossclick\" data-gtm-custom-label=\"Contextuel\" data-gtm-event=\"customEventSPE\" data-fig-domain=\"LEFIGARO\" rel=\"nofollow noopener\" target=\"_blank\">Keir Starmer<\/a>, qui a promis de \u00abr\u00e9initialiser\u00bb la coop\u00e9ration avec l&rsquo;UE \u00e0 son arriv\u00e9e au pouvoir en juillet dernier, accueille la pr\u00e9sidente de la Commission europ\u00e9enne\u00a0<a href=\"http:\/\/www.lefigaro.fr\/flash-eco\/jd-vance-et-ursula-von-der-leyen-discutent-des-droits-de-douane-a-rome-20250518\" data-fig-type=\"NewsFlash\" data-gtm-custom-categorie=\"navigation\" data-gtm-custom-action=\"crossclick\" data-gtm-custom-label=\"Contextuel\" data-gtm-event=\"customEventSPE\" data-fig-domain=\"LEFIGARO\" rel=\"nofollow noopener\" target=\"_blank\">Ursula von der Leyen<\/a>\u00a0et le pr\u00e9sident du Conseil europ\u00e9en Antonio Costa.<\/p>\n<p class=\"fig-paragraph\">Ce sommet est l&rsquo;occasion pour le dirigeant travailliste de concr\u00e9tiser sa volont\u00e9 de rapprochement avec Bruxelles et de tourner la page des ann\u00e9es de tensions entre les 27 et les pr\u00e9c\u00e9dents gouvernements conservateurs li\u00e9es au Brexit, intervenu le 31 janvier 2020.<\/p>\n<p class=\"fig-body-link\">\n            \u00c0 lire aussi<br \/>\n        <a class=\"fig-body-link__link fig-premium-mark\" href=\"http:\/\/www.lefigaro.fr\/conjoncture\/l-idee-d-un-grand-emprunt-europeen-pour-la-defense-chere-a-emmanuel-macron-gagne-du-terrain-20250321\" data-fig-type=\"Article\" data-gtm-custom-categorie=\"navigation\" data-gtm-custom-action=\"crossclick\" data-gtm-custom-label=\"Contextuel\" data-gtm-event=\"customEventSPE\" data-fig-domain=\"LEFIGARO\" rel=\"nofollow noopener\" target=\"_blank\">L\u2019id\u00e9e d\u2019un grand emprunt europ\u00e9en pour la d\u00e9fense, ch\u00e8re \u00e0 Emmanuel Macron, gagne du terrain<br \/>\n    <\/a>\n<\/p>\n<p class=\"fig-paragraph\">Depuis, la guerre d\u00e9clench\u00e9e par la Russie en Ukraine et le risque d&rsquo;un d\u00e9sengagement am\u00e9ricain du continent europ\u00e9en ont confort\u00e9 Londres et Bruxelles dans leur volont\u00e9 de resserrer les liens dans le domaine de la d\u00e9fense. Si l&rsquo;atmosph\u00e8re s&rsquo;est r\u00e9chauff\u00e9e entre les deux parties, les pourparlers ne sont pas ais\u00e9s pour autant: ils se sont crisp\u00e9s notamment sur les questions des quotas de p\u00eache et de mobilit\u00e9 des jeunes.<\/p>\n<p>Un pacte sur la d\u00e9fense<\/p>\n<p class=\"fig-paragraph\">Keir Starmer et Ursula von der Leyen s&rsquo;\u00e9taient entretenus vendredi en Albanie en marge du sommet de la Communaut\u00e9 politique europ\u00e9enne (CPE) pour tenter d&rsquo;aplanir les divergences. Le dirigeant britannique a promis un accord qui \u00absera bon pour (les) emplois, (les) factures et (les) fronti\u00e8res\u00bb du Royaume-Uni. Mais les contours de cet accord restent flous, et les n\u00e9gociations se sont poursuivies dans la journ\u00e9e de dimanche.<\/p>\n<p class=\"fig-paragraph\">Les dirigeants devraient annoncer un partenariat sur la d\u00e9fense et la s\u00e9curit\u00e9, signer un document d\u00e9finissant une vision commune sur les grands enjeux mondiaux et un autre listant les dossiers sur lesquels ils comptent progresser dans les prochains mois. Le pacte sur la d\u00e9fense permettrait au Royaume-Uni de participer \u00e0 des r\u00e9unions minist\u00e9rielles de l&rsquo;UE et de rejoindre certaines missions militaires europ\u00e9ennes, au-del\u00e0 des engagements communs d\u00e9j\u00e0 forts avec les pays de l&rsquo;UE membres de l&rsquo;Otan.<\/p>\n<p class=\"fig-body-link\">\n            \u00c0 lire aussi<br \/>\n        <a class=\"fig-body-link__link\" href=\"http:\/\/www.lefigaro.fr\/international\/les-dirigeants-des-27-donnent-leur-feu-vert-au-plan-de-bruxelles-pour-muscler-la-defense-europeenne-20250306\" data-fig-type=\"NewsFlash\" data-gtm-custom-categorie=\"navigation\" data-gtm-custom-action=\"crossclick\" data-gtm-custom-label=\"Contextuel\" data-gtm-event=\"customEventSPE\" data-fig-domain=\"LEFIGARO\" rel=\"nofollow noopener\" target=\"_blank\">Les dirigeants des 27 donnent leur feu vert au plan de Bruxelles pour muscler la d\u00e9fense europ\u00e9enne<br \/>\n    <\/a>\n<\/p>\n<p class=\"fig-paragraph\">Pour Londres, l&rsquo;enjeu est aussi \u00e9conomique, avec \u00e0 la cl\u00e9 l&rsquo;acc\u00e8s pour ses entreprises au futur programme europ\u00e9en dot\u00e9 de 150 milliards d&rsquo;euros visant \u00e0 d\u00e9velopper la base industrielle de d\u00e9fense au sein de l&rsquo;UE. La participation \u00e0 ce programme exigera toutefois un autre accord, dans un second temps, ainsi qu&rsquo;une contribution financi\u00e8re britannique.<\/p>\n<p>Les \u00e9changes commerciaux<\/p>\n<p class=\"fig-paragraph\">Outre la d\u00e9fense, le gouvernement travailliste, qui cherche \u00e0 stimuler des \u00e9changes commerciaux p\u00e9nalis\u00e9s par les formalit\u00e9s administratives n\u00e9es du Brexit, a laiss\u00e9 entendre qu&rsquo;il \u00e9tait ouvert \u00e0 un alignement dynamique sur les normes de l&rsquo;UE pour les produits alimentaires et agricoles.<\/p>\n<p class=\"fig-paragraph\">Mais certains pays de l&rsquo;UE ont mis dans la balance d&rsquo;autres demandes, comme la reconduction de l&rsquo;acc\u00e8s des p\u00eacheurs europ\u00e9ens aux eaux britanniques, et un programme de mobilit\u00e9 r\u00e9ciproque des jeunes \u00e2g\u00e9s de 18 \u00e0 30 ans pour \u00e9tudier et travailler au Royaume-Uni et dans l&rsquo;UE.<\/p>\n<p class=\"fig-paragraph\">Des sujets sensibles c\u00f4t\u00e9 britannique, d&rsquo;autant plus avec la mont\u00e9e en puissance du parti europhobe et anti-immigration Reform UK dirig\u00e9 par l&rsquo;ex-champion du Brexit Nigel Farage. Keir Starmer veut \u00e9viter tout ce qui ferait augmenter les chiffres de l&rsquo;immigration l\u00e9gale, qu&rsquo;il s&rsquo;est engag\u00e9 \u00e0 faire baisser.<\/p>\n","protected":false},"excerpt":{"rendered":"Depuis le d\u00e9but de la guerre en Ukraine et le risque d\u2019un d\u00e9sengagement am\u00e9ricain, Londres et Bruxelles tentent&hellip;\n","protected":false},"author":2,"featured_media":110775,"comment_status":"","ping_status":"","sticky":false,"template":"","format":"standard","meta":{"footnotes":""},"categories":[1588],"tags":[259,11,260,1353,1777,674,14,2581,261,12,262,473,1853,1851,364,1850,1852,2544],"class_list":{"0":"post-110774","1":"post","2":"type-post","3":"status-publish","4":"format-standard","5":"has-post-thumbnail","7":"category-royaume-uni","8":"tag-actualite-internationale","9":"tag-actualites","10":"tag-affaires-etrangeres","11":"tag-brexit","12":"tag-eu","13":"tag-europe","14":"tag-international","15":"tag-keir-starmer","16":"tag-ministere-des-affaires-etrangeres","17":"tag-news","18":"tag-politique-etrangere","19":"tag-royaume-uni","20":"tag-royaume-uni-de-grande-bretagne-et-dirlande-du-nord","21":"tag-uk","22":"tag-union-europeenne","23":"tag-united-kingdom","24":"tag-united-kingdom-of-great-britain-and-northern-ireland","25":"tag-ursula-von-der-leyen"},"share_on_mastodon":{"url":"https:\/\/pubeurope.com\/@fr\/114532315543046207","error":""},"_links":{"self":[{"href":"https:\/\/www.europesays.com\/fr\/wp-json\/wp\/v2\/posts\/110774","targetHints":{"allow":["GET"]}}],"collection":[{"href":"https:\/\/www.europesays.com\/fr\/wp-json\/wp\/v2\/posts"}],"about":[{"href":"https:\/\/www.europesays.com\/fr\/wp-json\/wp\/v2\/types\/post"}],"author":[{"embeddable":true,"href":"https:\/\/www.europesays.com\/fr\/wp-json\/wp\/v2\/users\/2"}],"replies":[{"embeddable":true,"href":"https:\/\/www.europesays.com\/fr\/wp-json\/wp\/v2\/comments?post=110774"}],"version-history":[{"count":0,"href":"https:\/\/www.europesays.com\/fr\/wp-json\/wp\/v2\/posts\/110774\/revisions"}],"wp:featuredmedia":[{"embeddable":true,"href":"https:\/\/www.europesays.com\/fr\/wp-json\/wp\/v2\/media\/110775"}],"wp:attachment":[{"href":"https:\/\/www.europesays.com\/fr\/wp-json\/wp\/v2\/media?parent=110774"}],"wp:term":[{"taxonomy":"category","embeddable":true,"href":"https:\/\/www.europesays.com\/fr\/wp-json\/wp\/v2\/categories?post=110774"},{"taxonomy":"post_tag","embeddable":true,"href":"https:\/\/www.europesays.com\/fr\/wp-json\/wp\/v2\/tags?post=110774"}],"curies":[{"name":"wp","href":"https:\/\/api.w.org\/{rel}","templated":true}]}}