{"id":1107872,"date":"2026-08-04T19:12:02","date_gmt":"2026-08-04T19:12:02","guid":{"rendered":"https:\/\/www.europesays.com\/fr\/1107872\/"},"modified":"2026-08-04T19:12:02","modified_gmt":"2026-08-04T19:12:02","slug":"cest-un-honneur-de-venir-vous-aider-en-gironde-les-pompiers-ukrainiens-accueillis-en-heros","status":"publish","type":"post","link":"https:\/\/www.europesays.com\/fr\/1107872\/","title":{"rendered":"\u00abC\u2019est un honneur de venir vous aider\u00bb : en Gironde, les pompiers ukrainiens accueillis en h\u00e9ros"},"content":{"rendered":"<p>\n    Soixante-dix pompiers ukrainiens sont arriv\u00e9s en Gironde, ce dimanche, pour aider \u00e0 lutter contre le m\u00e9gafeu de Saumos. Ils ont accord\u00e9 un entretien au Figaro au Lyc\u00e9e de La Sauque, \u00e0 la Br\u00e8de, o\u00f9 ils sont h\u00e9berg\u00e9s.<\/p>\n<p class=\"fig-paragraph\">Ils ont les traits tir\u00e9s et les pieds poudreux. Apr\u00e8s une longue route depuis l\u2019<a href=\"http:\/\/www.lefigaro.fr\/international\/dossier\/guerre-en-ukraine-les-reportages-du-figaro\" data-fig-type=\"Topic\" data-gtm-custom-categorie=\"navigation\" data-gtm-custom-action=\"crossclick\" data-gtm-custom-label=\"Contextuel\" data-gtm-event=\"customEventSPE\" data-fig-domain=\"LEFIGARO\" rel=\"nofollow noopener\" target=\"_blank\">Ukraine<\/a>, 70\u00a0<a href=\"http:\/\/www.lefigaro.fr\/bordeaux\/il-est-rare-qu-ils-se-plaignent-en-gironde-le-combat-des-medecins-pompiers-pour-proteger-les-leurs-des-fumees-toxiques-20260801\" data-fig-type=\"NewsFlash\" data-gtm-custom-categorie=\"navigation\" data-gtm-custom-action=\"crossclick\" data-gtm-custom-label=\"Contextuel\" data-gtm-event=\"customEventSPE\" data-fig-domain=\"LEFIGARO\" rel=\"nofollow noopener\" target=\"_blank\">pompiers<\/a>\u00a0ukrainiens et leurs 15 camions sont arriv\u00e9s en Gironde ce dimanche. Leur colonne a d\u00e9barqu\u00e9, \u00e0 un rythme cadenc\u00e9, au\u00a0<a href=\"http:\/\/www.lefigaro.fr\/bordeaux\/pres-de-bordeaux-ce-prestigieux-internat-catholique-repartit-ses-lyceens-en-maisons-facon-harry-potter-20260501\" data-fig-type=\"NewsFlash\" data-gtm-custom-categorie=\"navigation\" data-gtm-custom-action=\"crossclick\" data-gtm-custom-label=\"Contextuel\" data-gtm-event=\"customEventSPE\" data-fig-domain=\"LEFIGARO\" rel=\"nofollow noopener\" target=\"_blank\">lyc\u00e9e priv\u00e9 de La Sauque,\u00a0<\/a>\u00e0 La Br\u00e8de, o\u00f9 ils sont log\u00e9s aux c\u00f4t\u00e9s de pompiers slovaques et polyn\u00e9siens. Ils ont \u00e9t\u00e9 d\u00e9p\u00each\u00e9s en renfort par le m\u00e9canisme de protection civile de l\u2019Union europ\u00e9enne \u00e0 la suite de l\u2019appel \u00e0 l\u2019aide internationale lanc\u00e9 par\u00a0<a href=\"http:\/\/www.lefigaro.fr\/actualite-france\/en-gironde-emmanuel-macron-vient-temoigner-du-soutien-de-la-nation-aux-soldats-du-feu-20260727\" data-fig-type=\"Article\" data-gtm-custom-categorie=\"navigation\" data-gtm-custom-action=\"crossclick\" data-gtm-custom-label=\"Contextuel\" data-gtm-event=\"customEventSPE\" data-fig-domain=\"LEFIGARO\" rel=\"nofollow noopener\" target=\"_blank\">Emmanuel Macron<\/a>, le 24 juillet, deux jours apr\u00e8s le d\u00e9part du m\u00e9gafeu de Saumos. \u00abLe chemin \u00e9tait tr\u00e8s long, mais nous avons \u00e9t\u00e9 escort\u00e9s avec beaucoup de gentillesse dans chaque pays que nous avons travers\u00e9\u00bb, d\u00e9clare le colonel Roman Voronko.<\/p>\n<p class=\"fig-paragraph\">Le chef du d\u00e9tachement ukrainien, qui a accept\u00e9 d\u2019accorder un entretien au Figaro lundi soir, a le regard bleu, vif et franc. Il mesure bien l\u2019attention particuli\u00e8re accord\u00e9e \u00e0 sa nation, en guerre contre la Russie depuis le 24 f\u00e9vrier 2022. \u00abC\u2019est un honneur pour nous d\u2019aider la France\u2026<\/p>\n<p class=\"fig-premium-paywall__infos\">\n        Cet article est r\u00e9serv\u00e9 aux abonn\u00e9s.        Il vous reste 78% \u00e0 d\u00e9couvrir.\n    <\/p>\n<p>                <img  data- alt=\"Le Figaro\" class=\"fig-img--complete fig-img\"\/><\/p>\n<p class=\"fig-premium-paywall__title\">Vous avez envie de lire la suite ?<\/p>\n<p class=\"fig-premium-paywall__subtitle\">D\u00e9bloquez tous les articles imm\u00e9diatement.<\/p>\n<p class=\"fig-premium-paywall__connect\">\n                D\u00e9j\u00e0 abonn\u00e9\u00a0?                <a class=\"fig-premium-paywall__connect-link\" href=\"https:\/\/connect.lefigaro.fr\/login?client=horizon_web&amp;type=main&amp;redirect_uri=https%3A%2F%2Fwww.lefigaro.fr%2Fbordeaux%2Fc-est-un-honneur-de-venir-vous-aider-en-gironde-les-pompiers-ukrainiens-accueillis-en-heros-20260804\" data-js-gtm=\"{&quot;event&quot;:&quot;customEventGA4&quot;,&quot;eventName&quot;:&quot;click_action&quot;,&quot;feature&quot;:&quot;paywall&quot;,&quot;location&quot;:&quot;paywall&quot;,&quot;button_action&quot;:&quot;connect&quot;,&quot;click_text&quot;:&quot;Connectez-vous&quot;}\" rel=\"nofollow noopener\" target=\"_blank\"><br \/>\n                    Connectez-vous<br \/>\n                <\/a>\n            <\/p>\n","protected":false},"excerpt":{"rendered":"Soixante-dix pompiers ukrainiens sont arriv\u00e9s en Gironde, ce dimanche, pour aider \u00e0 lutter contre le m\u00e9gafeu de Saumos.&hellip;\n","protected":false},"author":2,"featured_media":1107873,"comment_status":"","ping_status":"","sticky":false,"template":"","format":"standard","meta":{"footnotes":"","_share_on_mastodon":"0"},"categories":[2817],"tags":[1111,11,1997,1777,674,1011,27,12,2219,1311,25,12770,220],"class_list":["post-1107872","post","type-post","status-publish","format-standard","has-post-thumbnail","category-bordeaux","tag-actu","tag-actualites","tag-bordeaux","tag-eu","tag-europe","tag-fr","tag-france","tag-news","tag-nouvelle-aquitaine","tag-pompiers","tag-republique-francaise","tag-solidarite-internationale","tag-ukraine"],"share_on_mastodon":{"url":"https:\/\/pubeurope.com\/@fr\/117038831789350419","error":""},"_links":{"self":[{"href":"https:\/\/www.europesays.com\/fr\/wp-json\/wp\/v2\/posts\/1107872","targetHints":{"allow":["GET"]}}],"collection":[{"href":"https:\/\/www.europesays.com\/fr\/wp-json\/wp\/v2\/posts"}],"about":[{"href":"https:\/\/www.europesays.com\/fr\/wp-json\/wp\/v2\/types\/post"}],"author":[{"embeddable":true,"href":"https:\/\/www.europesays.com\/fr\/wp-json\/wp\/v2\/users\/2"}],"replies":[{"embeddable":true,"href":"https:\/\/www.europesays.com\/fr\/wp-json\/wp\/v2\/comments?post=1107872"}],"version-history":[{"count":0,"href":"https:\/\/www.europesays.com\/fr\/wp-json\/wp\/v2\/posts\/1107872\/revisions"}],"wp:featuredmedia":[{"embeddable":true,"href":"https:\/\/www.europesays.com\/fr\/wp-json\/wp\/v2\/media\/1107873"}],"wp:attachment":[{"href":"https:\/\/www.europesays.com\/fr\/wp-json\/wp\/v2\/media?parent=1107872"}],"wp:term":[{"taxonomy":"category","embeddable":true,"href":"https:\/\/www.europesays.com\/fr\/wp-json\/wp\/v2\/categories?post=1107872"},{"taxonomy":"post_tag","embeddable":true,"href":"https:\/\/www.europesays.com\/fr\/wp-json\/wp\/v2\/tags?post=1107872"}],"curies":[{"name":"wp","href":"https:\/\/api.w.org\/{rel}","templated":true}]}}