{"id":110788,"date":"2025-05-19T03:21:10","date_gmt":"2025-05-19T03:21:10","guid":{"rendered":"https:\/\/www.europesays.com\/fr\/110788\/"},"modified":"2025-05-19T03:21:10","modified_gmt":"2025-05-19T03:21:10","slug":"des-jeunes-du-rugby-club-brignoles-provence-xv-integrent-le-programme-rct-passion","status":"publish","type":"post","link":"https:\/\/www.europesays.com\/fr\/110788\/","title":{"rendered":"Des jeunes du Rugby club Brignoles Provence XV int\u00e8grent le programme RCT Passion"},"content":{"rendered":"<p>Ils se sont illustr\u00e9s au Rugby club Brignoles Provence XV. Maintenant, ils rejoignent le programme RCT Passion. Apr\u00e8s avoir perform\u00e9 dans les cat\u00e9gories inf\u00e9rieures, l\u2019opportunit\u00e9 s\u2019est offerte \u00e0 In\u00e8s, Lilian, Matthieu et Robin (cat\u00e9gorie des moins de 14 ans) d\u2019int\u00e9grer cette formation mise en place en septembre 2023.<\/p>\n<p>Elle a pour but de former les prochaines g\u00e9n\u00e9rations du rugby du territoire, en am\u00e9nageant un programme et un emploi du temps compatibles entre les objectifs scolaires et rugbystiques. Mais aussi de renforcer les relations avec les clubs de la r\u00e9gion en organisant r\u00e9guli\u00e8rement des \u00e9changes sur le jeu et le management sportif.<\/p>\n<p>Une r\u00e9union s\u2019est ainsi tenue entre le copr\u00e9sident de l\u2019association du RCT et ancien joueur Patrice Blach\u00e8re, Lionel Conciatore, coordinateur entre les clubs et le RCT, et le Rugby club Brignoles Provence XV, repr\u00e9sent\u00e9 par son pr\u00e9sident Nicolas Stoekel et les entra\u00eeneurs, afin d\u2019informer les sportifs de leurs r\u00e9ussites.<\/p>\n<p>\u00c9videmment, le BP XV gardera un \u0153il avis\u00e9 sur le parcours et l\u2019\u00e9volution des quatre jeunes pousses et pourra encore profiter de leur talent lors des divers entra\u00eenements et rencontres. In\u00e8s, Lilian, Matthieu et Robin pourront b\u00e9n\u00e9ficier alors de conditions pr\u00e9f\u00e9rentielles pour faire \u00e9voluer leurs carri\u00e8res prometteuses.<\/p>\n<p>Le programme RCT Passion concilie \u00e9tudes et projets sportifs. C\u2019\u00e9tait, au d\u00e9part, une id\u00e9e du directeur du Rugby club toulonnais, Pierre Mignoni, lequel souhaitait permettre aux jeunes licenci\u00e9s de conjuguer leurs objectifs sportifs et scolaires. Baptis\u00e9 \u00ab\u00a0RCT Passion\u00a0\u00bb, le programme poursuit son d\u00e9veloppement avec la signature, le 20 septembre, d\u2019une convention avec l\u2019acad\u00e9mie de Nice.<\/p>\n<p>Depuis, les joueurs concern\u00e9s par ce programme sont regroup\u00e9s dans trois diff\u00e9rents \u00e9tablissements scolaires (les coll\u00e8ges Django-Reinhardt et Bon Accueil, \u00e0 Toulon, et l\u2019institution Saint-Joseph La Navarre, \u00e0 La Crau) et b\u00e9n\u00e9ficieront d\u2019horaires am\u00e9nag\u00e9s afin d\u2019assurer un suivi personnalis\u00e9, une aide aux devoirs et des temps d\u2019entra\u00eenement optimis\u00e9s.<\/p>\n<p>Aujourd\u2019hui r\u00e9serv\u00e9 aux joueurs en classe de 3e, RCT Passion a d\u00e9j\u00e0 pr\u00e9vu de s\u2019\u00e9tendre dans les ann\u00e9es futures aux classes de 4e, de seconde, de premi\u00e8re et de terminale. Avec l\u2019objectif de former une premi\u00e8re g\u00e9n\u00e9ration bacheli\u00e8re en juin 2027.<\/p>\n","protected":false},"excerpt":{"rendered":"Ils se sont illustr\u00e9s au Rugby club Brignoles Provence XV. Maintenant, ils rejoignent le programme RCT Passion. Apr\u00e8s&hellip;\n","protected":false},"author":2,"featured_media":110789,"comment_status":"","ping_status":"","sticky":false,"template":"","format":"standard","meta":{"footnotes":""},"categories":[1416],"tags":[1011,27,479,1468,60,1631,3366],"class_list":{"0":"post-110788","1":"post","2":"type-post","3":"status-publish","4":"format-standard","5":"has-post-thumbnail","7":"category-rugby","8":"tag-fr","9":"tag-france","10":"tag-rugby","11":"tag-rugby-football","12":"tag-sports","13":"tag-vie-associative","14":"tag-vie-locale"},"share_on_mastodon":{"url":"https:\/\/pubeurope.com\/@fr\/114532350889951060","error":""},"_links":{"self":[{"href":"https:\/\/www.europesays.com\/fr\/wp-json\/wp\/v2\/posts\/110788","targetHints":{"allow":["GET"]}}],"collection":[{"href":"https:\/\/www.europesays.com\/fr\/wp-json\/wp\/v2\/posts"}],"about":[{"href":"https:\/\/www.europesays.com\/fr\/wp-json\/wp\/v2\/types\/post"}],"author":[{"embeddable":true,"href":"https:\/\/www.europesays.com\/fr\/wp-json\/wp\/v2\/users\/2"}],"replies":[{"embeddable":true,"href":"https:\/\/www.europesays.com\/fr\/wp-json\/wp\/v2\/comments?post=110788"}],"version-history":[{"count":0,"href":"https:\/\/www.europesays.com\/fr\/wp-json\/wp\/v2\/posts\/110788\/revisions"}],"wp:featuredmedia":[{"embeddable":true,"href":"https:\/\/www.europesays.com\/fr\/wp-json\/wp\/v2\/media\/110789"}],"wp:attachment":[{"href":"https:\/\/www.europesays.com\/fr\/wp-json\/wp\/v2\/media?parent=110788"}],"wp:term":[{"taxonomy":"category","embeddable":true,"href":"https:\/\/www.europesays.com\/fr\/wp-json\/wp\/v2\/categories?post=110788"},{"taxonomy":"post_tag","embeddable":true,"href":"https:\/\/www.europesays.com\/fr\/wp-json\/wp\/v2\/tags?post=110788"}],"curies":[{"name":"wp","href":"https:\/\/api.w.org\/{rel}","templated":true}]}}