{"id":110790,"date":"2025-05-19T03:22:09","date_gmt":"2025-05-19T03:22:09","guid":{"rendered":"https:\/\/www.europesays.com\/fr\/110790\/"},"modified":"2025-05-19T03:22:09","modified_gmt":"2025-05-19T03:22:09","slug":"mpetshi-perricard-remporte-le-challenger-de-bordeaux-et-reprend-confiance-avant-roland-garros","status":"publish","type":"post","link":"https:\/\/www.europesays.com\/fr\/110790\/","title":{"rendered":"Mpetshi Perricard remporte le Challenger de Bordeaux et reprend confiance avant Roland Garros"},"content":{"rendered":"<p>Le Fran\u00e7ais, 30e mondial au prochain classement ATP ce lundi, a domin\u00e9 Nikoloz Basilashvili (6-3, 6-7, 7-5)<\/p>\n<p class=\"fig-paragraph\">La fin d\u2019un long chemin de croix pour\u00a0<a href=\"http:\/\/www.lefigaro.fr\/sports\/tennis\/tennis-giovanni-mpetshi-perricard-encore-sechement-battu-a-madrid-20250423\" data-fig-type=\"NewsFlash\" data-gtm-custom-categorie=\"navigation\" data-gtm-custom-action=\"crossclick\" data-gtm-custom-label=\"Contextuel\" data-gtm-event=\"customEventSPE\" data-fig-domain=\"LEFIGARO\" target=\"_blank\" rel=\"noopener\">Giovanni Mpetshi Perricard<\/a>. Le joueur de 21 ans, en panne de r\u00e9sultats cette saison sur terre battue, a remport\u00e9 dimanche le Challenger de Bordeaux en battant en finale le G\u00e9orgien Nikoloz Basilashvili 6-3, 6-7, 7-5. Le Fran\u00e7ais, qui va gagner quatre places et pointera lundi au 32e rang du classement mondial, succ\u00e8de au palmar\u00e8s \u00e0 ses compatriotes Ugo Humbert et Arthur Fils et s\u2019offre un succ\u00e8s rassurant \u00e0 une semaine du d\u00e9but des internationaux de France \u00e0 Roland-Garros (25 mai-8 juin).<\/p>\n<p class=\"fig-paragraph\">\u00c0 Monte-Carlo, Barcelone, Madrid puis\u00a0<a href=\"http:\/\/www.lefigaro.fr\/sports\/tennis\/tennis-sadio-doumbia-et-fabien-reboul-s-inclinent-sur-le-fil-en-finale-du-double-a-rome-20250518\" data-fig-type=\"NewsFlash\" data-gtm-custom-categorie=\"navigation\" data-gtm-custom-action=\"crossclick\" data-gtm-custom-label=\"Contextuel\" data-gtm-event=\"customEventSPE\" data-fig-domain=\"LEFIGARO\" target=\"_blank\" rel=\"noopener\">Rome<\/a>, les quatre autres tournois sur terre battue qu\u2019il a disput\u00e9s cette saison, le Lyonnais avait \u00e9t\u00e9 d\u00e9fait au premier tour. Durant sa semaine bordelaise, il a \u00e9cart\u00e9 son compatriote Pierre-Hugues Herbert en 8e de finale, le Kazakhstanais Alexander Shevchenko en quart et l\u2019Australien Rinki Hijikata en demie, \u00e0 chaque fois en deux sets. Dimanche, apr\u00e8s un break rapide qui lui a permis de marquer son territoire dans le premier set, \u00abGMP\u00bb n\u2019a pu se d\u00e9tacher dans la deuxi\u00e8me manche, remport\u00e9e au jeu d\u00e9cisif par l\u2019ancien 16e joueur mondial, redescendu autour de la 150e place \u00e0 l\u2019ATP.<\/p>\n<p class=\"fig-paragraph\">Le meilleur serveur fran\u00e7ais, auteur de 26 aces en finale et sauvant au passage onze balles de break sur douze, a fini par faire la diff\u00e9rence en prenant le service de Basilashvili \u00e0 6-5 dans le dernier set. Mpetshi Perricard va poursuivre sa pr\u00e9paration cette semaine au\u00a0<a href=\"http:\/\/www.lefigaro.fr\/sports\/tennis\/tennis-jannik-sinner-et-trois-autres-tetes-d-affiche-se-retirent-de-l-atp-500-de-hambourg-20250516\" data-fig-type=\"NewsFlash\" data-gtm-custom-categorie=\"navigation\" data-gtm-custom-action=\"crossclick\" data-gtm-custom-label=\"Contextuel\" data-gtm-event=\"customEventSPE\" data-fig-domain=\"LEFIGARO\" target=\"_blank\" rel=\"noopener\">tournoi ATP 500 de Hambourg<\/a>, o\u00f9 il affrontera le fantasque Kazakhstanais Alexander Bublik (76e mondial) au premier tour.<\/p>\n","protected":false},"excerpt":{"rendered":"Le Fran\u00e7ais, 30e mondial au prochain classement ATP ce lundi, a domin\u00e9 Nikoloz Basilashvili (6-3, 6-7, 7-5) La&hellip;\n","protected":false},"author":2,"featured_media":110791,"comment_status":"","ping_status":"","sticky":false,"template":"","format":"standard","meta":{"footnotes":""},"categories":[1415],"tags":[47,4169,1997,525,22951,1981,4178,4179,1011,27,22950,1114,3996,4177,4176,4174,4175,1980,4171,60,1467,4172,4173,4170],"class_list":{"0":"post-110790","1":"post","2":"type-post","3":"status-publish","4":"format-standard","5":"has-post-thumbnail","7":"category-tennis","8":"tag-actualite","9":"tag-atp","10":"tag-bordeaux","11":"tag-calendrier","12":"tag-challenger","13":"tag-classement","14":"tag-coupe-davis","15":"tag-fed-cup","16":"tag-fr","17":"tag-france","18":"tag-giovanni-mpetshi-perricard","19":"tag-infos","20":"tag-jeux-olympiques","21":"tag-masters-1000","22":"tag-masters-500","23":"tag-masters-series","24":"tag-open-daustralie","25":"tag-resultats","26":"tag-roland-garros","27":"tag-sports","28":"tag-tennis","29":"tag-us-open","30":"tag-wimbledon","31":"tag-wta"},"share_on_mastodon":{"url":"https:\/\/pubeurope.com\/@fr\/114532354781395004","error":""},"_links":{"self":[{"href":"https:\/\/www.europesays.com\/fr\/wp-json\/wp\/v2\/posts\/110790","targetHints":{"allow":["GET"]}}],"collection":[{"href":"https:\/\/www.europesays.com\/fr\/wp-json\/wp\/v2\/posts"}],"about":[{"href":"https:\/\/www.europesays.com\/fr\/wp-json\/wp\/v2\/types\/post"}],"author":[{"embeddable":true,"href":"https:\/\/www.europesays.com\/fr\/wp-json\/wp\/v2\/users\/2"}],"replies":[{"embeddable":true,"href":"https:\/\/www.europesays.com\/fr\/wp-json\/wp\/v2\/comments?post=110790"}],"version-history":[{"count":0,"href":"https:\/\/www.europesays.com\/fr\/wp-json\/wp\/v2\/posts\/110790\/revisions"}],"wp:featuredmedia":[{"embeddable":true,"href":"https:\/\/www.europesays.com\/fr\/wp-json\/wp\/v2\/media\/110791"}],"wp:attachment":[{"href":"https:\/\/www.europesays.com\/fr\/wp-json\/wp\/v2\/media?parent=110790"}],"wp:term":[{"taxonomy":"category","embeddable":true,"href":"https:\/\/www.europesays.com\/fr\/wp-json\/wp\/v2\/categories?post=110790"},{"taxonomy":"post_tag","embeddable":true,"href":"https:\/\/www.europesays.com\/fr\/wp-json\/wp\/v2\/tags?post=110790"}],"curies":[{"name":"wp","href":"https:\/\/api.w.org\/{rel}","templated":true}]}}