{"id":1107909,"date":"2026-08-04T19:31:17","date_gmt":"2026-08-04T19:31:17","guid":{"rendered":"https:\/\/www.europesays.com\/fr\/1107909\/"},"modified":"2026-08-04T19:31:17","modified_gmt":"2026-08-04T19:31:17","slug":"europe-des-incendies-dune-ampleur-exceptionnelle","status":"publish","type":"post","link":"https:\/\/www.europesays.com\/fr\/1107909\/","title":{"rendered":"Europe : des incendies d&rsquo;une ampleur exceptionnelle"},"content":{"rendered":"<p class=\"jsx-3150768112 jsx-3884010115 ExpandableText__Text\">En Europe, aucun pays ne semble \u00e0 l&rsquo;abri des flammes. La Gr\u00e8ce, la R\u00e9publique tch\u00e8que, les Pays-Bas ou l&rsquo;\u00c9cosse sont touch\u00e9s. La saison des incendies 2026 en Europe s&rsquo;annonce historique \u00e0 tous les niveaux.  En France, par exemple, 42 000 hectares ont \u00e9t\u00e9 d\u00e9truits rien qu&rsquo;en Gironde. \u00c0 cause du r\u00e9chauffement climatique, la saison n&rsquo;a jamais \u00e9t\u00e9 aussi pr\u00e9coce. Au total, pr\u00e8s de 460 000 hectares ont br\u00fbl\u00e9 cette ann\u00e9e en Europe. C&rsquo;est 100 000 de plus qu&rsquo;en 2025, \u00e0 la m\u00eame p\u00e9riode.<\/p>\n<p>Lire plusReplier<\/p>\n","protected":false},"excerpt":{"rendered":"En Europe, aucun pays ne semble \u00e0 l&rsquo;abri des flammes. La Gr\u00e8ce, la R\u00e9publique tch\u00e8que, les Pays-Bas ou&hellip;\n","protected":false},"author":2,"featured_media":1107910,"comment_status":"","ping_status":"","sticky":false,"template":"","format":"standard","meta":{"footnotes":"","_share_on_mastodon":"0"},"categories":[1586],"tags":[11,6698,1777,674,5582,1011,27,108266,2952,12,25,12817,35722,133,11009],"class_list":["post-1107909","post","type-post","status-publish","format-standard","has-post-thumbnail","category-europe","tag-actualites","tag-canicule","tag-eu","tag-europe","tag-forces-de-lordre-armee-pompiers","tag-fr","tag-france","tag-incendies-un-ete-2026-de-tous-les-dangers-en-france","tag-le-20h","tag-news","tag-republique-francaise","tag-secheresse","tag-vagues-de-chaleur","tag-video","tag-video-meteo-et-intemperies"],"share_on_mastodon":{"url":"https:\/\/pubeurope.com\/@fr\/117038906416157879","error":""},"_links":{"self":[{"href":"https:\/\/www.europesays.com\/fr\/wp-json\/wp\/v2\/posts\/1107909","targetHints":{"allow":["GET"]}}],"collection":[{"href":"https:\/\/www.europesays.com\/fr\/wp-json\/wp\/v2\/posts"}],"about":[{"href":"https:\/\/www.europesays.com\/fr\/wp-json\/wp\/v2\/types\/post"}],"author":[{"embeddable":true,"href":"https:\/\/www.europesays.com\/fr\/wp-json\/wp\/v2\/users\/2"}],"replies":[{"embeddable":true,"href":"https:\/\/www.europesays.com\/fr\/wp-json\/wp\/v2\/comments?post=1107909"}],"version-history":[{"count":0,"href":"https:\/\/www.europesays.com\/fr\/wp-json\/wp\/v2\/posts\/1107909\/revisions"}],"wp:featuredmedia":[{"embeddable":true,"href":"https:\/\/www.europesays.com\/fr\/wp-json\/wp\/v2\/media\/1107910"}],"wp:attachment":[{"href":"https:\/\/www.europesays.com\/fr\/wp-json\/wp\/v2\/media?parent=1107909"}],"wp:term":[{"taxonomy":"category","embeddable":true,"href":"https:\/\/www.europesays.com\/fr\/wp-json\/wp\/v2\/categories?post=1107909"},{"taxonomy":"post_tag","embeddable":true,"href":"https:\/\/www.europesays.com\/fr\/wp-json\/wp\/v2\/tags?post=1107909"}],"curies":[{"name":"wp","href":"https:\/\/api.w.org\/{rel}","templated":true}]}}