{"id":110800,"date":"2025-05-19T03:28:09","date_gmt":"2025-05-19T03:28:09","guid":{"rendered":"https:\/\/www.europesays.com\/fr\/110800\/"},"modified":"2025-05-19T03:28:09","modified_gmt":"2025-05-19T03:28:09","slug":"alexa-bliss-remercie-la-wwe-pour-ses-accommodations-pour-bebe","status":"publish","type":"post","link":"https:\/\/www.europesays.com\/fr\/110800\/","title":{"rendered":"Alexa Bliss remercie la WWE pour ses accommodations pour b\u00e9b\u00e9"},"content":{"rendered":"<p>\u00a0<\/p>\n<p style=\"text-align: justify;\">Absente pendant deux ans en raison de la naissance de son premier enfant, Alexa Bliss a finalement fait son retour \u00e0 la WWE au Royal Rumble 2025. Elle a ensuite eu une autre absence de deux mois apr\u00e8s Elimination Chamber en raison d&rsquo;un manque de storyline.<\/p>\n<p style=\"text-align: justify;\">Cette semaine, <a href=\"https:\/\/www.tmz.com\/2025\/05\/18\/alexa-bliss-wwe-baby-accommodations\/\" target=\"_blank\" rel=\"noopener\">TMZ<\/a> a eu la chance d&rsquo;arr\u00eater Alexa Bliss \u00e0 l&rsquo;a\u00e9roport et elle a confirm\u00e9 qu&rsquo;elle se sentait tr\u00e8s bien malgr\u00e9 une longue absence :<\/p>\n<blockquote><p>&#13;<\/p>\n<p style=\"text-align: justify;\">\u00a0\u00bbC&rsquo;est super. J&rsquo;ai quelques ecchymoses, mais \u00e7a va.\u00a0\u00bb<\/p>\n<p>&#13;\n<\/p><\/blockquote>\n<p style=\"text-align: justify;\">Au sujet de sa nouvelle vie de m\u00e8re et d&rsquo;\u00eatre sur la route, Alexa Bliss en profite pour remercier la WWE qui lui offre des accommodations pour sa petite fille et son long cong\u00e9 :<\/p>\n<blockquote><p>&#13;<\/p>\n<p style=\"text-align: justify;\">\u00a0\u00bbIls ont \u00e9t\u00e9 si gentils en l&rsquo;amenant sur la route avec moi. Elle a son propre espace quand on est l\u00e0, et elle adore \u00e7a.<\/p>\n<p>&#13;<\/p>\n<p style=\"text-align: justify;\">La WWE a \u00e9t\u00e9 formidable. J&rsquo;ai pass\u00e9 une ann\u00e9e enti\u00e8re avec elle et c&rsquo;\u00e9tait fantastique.\u00a0\u00bb<\/p>\n<p>&#13;\n<\/p><\/blockquote>\n<p style=\"text-align: justify;\">Visiblement Alexa Bliss a la chance d&rsquo;amener sa fille Hendrix sur les shows de la WWE et ainsi l&rsquo;avoir \u00e0 ses c\u00f4t\u00e9s. Et il semblerait qu&rsquo;elle n&rsquo;a re\u00e7u aucune pression afin de revenir plus rapidement alors qu&rsquo;elle avait accouch\u00e9 selon ses propos.<\/p>\n<p>\u00a0<\/p>\n<p style=\"text-align: right;\">Cr\u00e9dit photo : WWE<\/p>\n","protected":false},"excerpt":{"rendered":"\u00a0 Absente pendant deux ans en raison de la naissance de son premier enfant, Alexa Bliss a finalement&hellip;\n","protected":false},"author":2,"featured_media":110801,"comment_status":"","ping_status":"","sticky":false,"template":"","format":"standard","meta":{"footnotes":""},"categories":[1359],"tags":[47,58,59,1011,27,12,2043,2054,973,2055,2052,2057,2058,2053,2059,2056,2051],"class_list":{"0":"post-110800","1":"post","2":"type-post","3":"status-publish","4":"format-standard","5":"has-post-thumbnail","7":"category-people","8":"tag-actualite","9":"tag-divertissement","10":"tag-entertainment","11":"tag-fr","12":"tag-france","13":"tag-news","14":"tag-nouvelle","15":"tag-nxt","16":"tag-people","17":"tag-ppv","18":"tag-raw","19":"tag-royal","20":"tag-rumble","21":"tag-smackdown","22":"tag-summerslam","23":"tag-wrestlemania","24":"tag-wwe"},"share_on_mastodon":{"url":"https:\/\/pubeurope.com\/@fr\/114532378569743482","error":""},"_links":{"self":[{"href":"https:\/\/www.europesays.com\/fr\/wp-json\/wp\/v2\/posts\/110800","targetHints":{"allow":["GET"]}}],"collection":[{"href":"https:\/\/www.europesays.com\/fr\/wp-json\/wp\/v2\/posts"}],"about":[{"href":"https:\/\/www.europesays.com\/fr\/wp-json\/wp\/v2\/types\/post"}],"author":[{"embeddable":true,"href":"https:\/\/www.europesays.com\/fr\/wp-json\/wp\/v2\/users\/2"}],"replies":[{"embeddable":true,"href":"https:\/\/www.europesays.com\/fr\/wp-json\/wp\/v2\/comments?post=110800"}],"version-history":[{"count":0,"href":"https:\/\/www.europesays.com\/fr\/wp-json\/wp\/v2\/posts\/110800\/revisions"}],"wp:featuredmedia":[{"embeddable":true,"href":"https:\/\/www.europesays.com\/fr\/wp-json\/wp\/v2\/media\/110801"}],"wp:attachment":[{"href":"https:\/\/www.europesays.com\/fr\/wp-json\/wp\/v2\/media?parent=110800"}],"wp:term":[{"taxonomy":"category","embeddable":true,"href":"https:\/\/www.europesays.com\/fr\/wp-json\/wp\/v2\/categories?post=110800"},{"taxonomy":"post_tag","embeddable":true,"href":"https:\/\/www.europesays.com\/fr\/wp-json\/wp\/v2\/tags?post=110800"}],"curies":[{"name":"wp","href":"https:\/\/api.w.org\/{rel}","templated":true}]}}