{"id":110818,"date":"2025-05-19T03:38:14","date_gmt":"2025-05-19T03:38:14","guid":{"rendered":"https:\/\/www.europesays.com\/fr\/110818\/"},"modified":"2025-05-19T03:38:14","modified_gmt":"2025-05-19T03:38:14","slug":"un-eleveur-bovin-de-rospigliani-decouvre-les-cadavres-de-deux-de-ses-vaches-abattues-par-balles","status":"publish","type":"post","link":"https:\/\/www.europesays.com\/fr\/110818\/","title":{"rendered":"un \u00e9leveur bovin de Rospigliani d\u00e9couvre les cadavres de deux de ses vaches abattues par balles"},"content":{"rendered":"<p><strong>Jean-Baptiste Legras<\/strong> se pose encore la question\u00a0: pourquoi a-t-on tu\u00e9 deux de ses <strong>vaches<\/strong> ce jeudi <strong>15\u00a0mai\u00a0<\/strong>? Le charcutier et <strong>\u00e9leveur bovin<\/strong> install\u00e9 \u00e0 Rospigliani a fait la macabre d\u00e9couverte sur une piste situ\u00e9e sur la commune de Vezzani, quelques dizaines de m\u00e8tres au-dessus de la route goudronn\u00e9e\u00a0: \u00ab\u00a0S\u00f2 stumacatu. Je ne suis pas du genre \u00e0 \u00e9taler mes probl\u00e8mes mais \u00e7a, c&rsquo;est une premi\u00e8re et \u00e7a doit \u00eatre su.\u00a0\u00bb L&rsquo;\u00e9leveur compte porter plainte contre X ce <strong>lundi 19\u00a0mai <\/strong>et esp\u00e8re trouver des r\u00e9ponses \u00e0 ses nombreuses interrogations. Qui, mais surtout pourquoi\u00a0? \u00ab\u00a0J&rsquo;adore mes vaches, c&rsquo;est une passion depuis que je suis enfant. \u00c7a se voit, regardez, elles sont bien nourries et bien trait\u00e9es, mart\u00e8le-t-il en faisant d\u00e9filer les photos de son troupeau bien en chair sur son t\u00e9l\u00e9phone.\u00a0<strong>Elles ne sont pas du genre \u00e0 divaguer sur les routes<\/strong> et quand elles y sont, ce qui est tr\u00e8s rare, c&rsquo;est pour traverser. Je fais tr\u00e8s attention \u00e0 \u00e7a. Cette ann\u00e9e avec toute cette pluie, ce froid qui persiste et cette verdure, elles tra\u00eenent un peu avant de rejoindre les estives. Peut-\u00eatre que \u00e7a a d\u00e9rang\u00e9 quelqu&rsquo;un\u00a0\u00bb, souffle l&rsquo;\u00e9leveur de 38 ans.<\/p>\n<p>Les deux vaches ont \u00e9t\u00e9 tu\u00e9es par balles<\/p>\n<p>Les gendarmes ont effectu\u00e9 les constatations d\u00e8s jeudi soir. Les cadavres ont \u00e9t\u00e9 retir\u00e9s de la piste dans la foul\u00e9e puis r\u00e9cup\u00e9r\u00e9s par un \u00e9quarrisseur vendredi 16\u00a0mai. Mais sur la piste,<strong> le poids du corps des animaux d\u00e9c\u00e9d\u00e9s a laiss\u00e9 des traces.<\/strong> Ils ont \u00e9t\u00e9 retrouv\u00e9s \u00e0 quelques m\u00e8tres les uns des autres.\u00a0\u00ab\u00a0Elles avaient cinq et six ans. Elles ont toutes les deux \u00e9t\u00e9 abattues d&rsquo;une balle dans la t\u00eate\u00a0\u00bb, a constat\u00e9 Jean-Baptiste Legras.<\/p>\n","protected":false},"excerpt":{"rendered":"Jean-Baptiste Legras se pose encore la question\u00a0: pourquoi a-t-on tu\u00e9 deux de ses vaches ce jeudi 15\u00a0mai\u00a0? Le&hellip;\n","protected":false},"author":2,"featured_media":110819,"comment_status":"","ping_status":"","sticky":false,"template":"","format":"standard","meta":{"footnotes":""},"categories":[6],"tags":[17,22958,35,4105,4070,33,34,22957,274,1011,27,22959,22955,22956],"class_list":{"0":"post-110818","1":"post","2":"type-post","3":"status-publish","4":"format-standard","5":"has-post-thumbnail","7":"category-economie","8":"tag-17","9":"tag-bovin","10":"tag-business","11":"tag-decouvre","12":"tag-deux","13":"tag-economie","14":"tag-economy","15":"tag-eleveur","16":"tag-faits-divers-justice","17":"tag-fr","18":"tag-france","19":"tag-rospigliani","20":"tag-so","21":"tag-stumacatu"},"share_on_mastodon":{"url":"https:\/\/pubeurope.com\/@fr\/114532417855009139","error":""},"_links":{"self":[{"href":"https:\/\/www.europesays.com\/fr\/wp-json\/wp\/v2\/posts\/110818","targetHints":{"allow":["GET"]}}],"collection":[{"href":"https:\/\/www.europesays.com\/fr\/wp-json\/wp\/v2\/posts"}],"about":[{"href":"https:\/\/www.europesays.com\/fr\/wp-json\/wp\/v2\/types\/post"}],"author":[{"embeddable":true,"href":"https:\/\/www.europesays.com\/fr\/wp-json\/wp\/v2\/users\/2"}],"replies":[{"embeddable":true,"href":"https:\/\/www.europesays.com\/fr\/wp-json\/wp\/v2\/comments?post=110818"}],"version-history":[{"count":0,"href":"https:\/\/www.europesays.com\/fr\/wp-json\/wp\/v2\/posts\/110818\/revisions"}],"wp:featuredmedia":[{"embeddable":true,"href":"https:\/\/www.europesays.com\/fr\/wp-json\/wp\/v2\/media\/110819"}],"wp:attachment":[{"href":"https:\/\/www.europesays.com\/fr\/wp-json\/wp\/v2\/media?parent=110818"}],"wp:term":[{"taxonomy":"category","embeddable":true,"href":"https:\/\/www.europesays.com\/fr\/wp-json\/wp\/v2\/categories?post=110818"},{"taxonomy":"post_tag","embeddable":true,"href":"https:\/\/www.europesays.com\/fr\/wp-json\/wp\/v2\/tags?post=110818"}],"curies":[{"name":"wp","href":"https:\/\/api.w.org\/{rel}","templated":true}]}}