{"id":110849,"date":"2025-05-19T04:02:15","date_gmt":"2025-05-19T04:02:15","guid":{"rendered":"https:\/\/www.europesays.com\/fr\/110849\/"},"modified":"2025-05-19T04:02:15","modified_gmt":"2025-05-19T04:02:15","slug":"la-foire-de-bordeaux-gagnez-vos-entrees-pour-levenement-au-parc-expo","status":"publish","type":"post","link":"https:\/\/www.europesays.com\/fr\/110849\/","title":{"rendered":"La Foire de Bordeaux : gagnez vos entr\u00e9es pour l&rsquo;\u00e9v\u00e8nement au Parc Expo"},"content":{"rendered":"\n<p class=\"p1\">\u2764\ufe0f Cette semaine sur\u00a0<strong>Wit Fm<\/strong>, gagnez vos entr\u00e9es pour <a href=\"https:\/\/www.foiredebordeaux.com\/\" rel=\"noopener\" target=\"_blank\">la foire de Bordeaux<\/a> !<\/p>\n<p data-start=\"389\" data-end=\"578\">\ud83c\udf9f\ufe0f <strong>On vous offre des acc\u00e8s pour la Foire ainsi que pour l\u2019exposition exceptionnelle : <\/strong>\u00ab Le monde merveilleux d\u2019un studio d\u2019animation \u00bb par le studio TAT, studio d\u2019animation 3D.<\/p>\n<p data-start=\"580\" data-end=\"956\">Le studio toulousain <strong data-start=\"669\" data-end=\"676\">TAT<\/strong> investit <strong data-start=\"686\" data-end=\"698\">1 500 m\u00b2<\/strong> pour une exposition immersive d\u00e9di\u00e9e \u00e0 ses cr\u00e9ations. D\u00e9couvrez les coulisses de l\u2019animation 3D avec des storyboards, maquettes de d\u00e9cors, techniques de production et bien plus encore.<\/p>\n<p data-start=\"958\" data-end=\"1049\">\ud83d\udc49 Une exposition \u00e0 vivre en famille ou pour tous les passionn\u00e9s d\u2019univers anim\u00e9s et de 3D.<\/p>\n<p class=\"p1\">____________<\/p>\n<p class=\"p1\">\ud83d\udccd<strong>Parc des expositions de Bordeaux : <\/strong><a href=\"https:\/\/www.google.com\/maps\/place\/\/data=!4m2!3m1!1s0xd5529ae2518e599:0xfbf9c37b548aee04?sa=X&amp;ved=1t:8290&amp;ictx=111\" tabindex=\"0\" data-url=\"\/maps\/place\/\/data=!4m2!3m1!1s0xd5529ae2518e599:0xfbf9c37b548aee04?sa=X&amp;ved=2ahUKEwjAnPyUgKONAxXvUaQEHR1KPB8Q4kB6BAgEEAA\" target=\"_blank\" rel=\"noopener\">Cr Jules Ladoum\u00e8gue, 33300 Bordeaux<\/a><\/p>\n<p class=\"p1\">\ud83d\udcc5 Rendez-vous du <strong>24 mai au 1 juin 2025<\/strong><\/p>\n<p class=\"p1\">\ud83d\udc49 Pour\u00a0<strong>gagner vos entr\u00e9es<\/strong>,\u00a0<strong>inscrivez-vous maintenant<\/strong>\u00a0ci-dessous.<\/p>\n","protected":false},"excerpt":{"rendered":"\u2764\ufe0f Cette semaine sur\u00a0Wit Fm, gagnez vos entr\u00e9es pour la foire de Bordeaux ! \ud83c\udf9f\ufe0f On vous offre&hellip;\n","protected":false},"author":2,"featured_media":110850,"comment_status":"","ping_status":"","sticky":false,"template":"","format":"standard","meta":{"footnotes":""},"categories":[2817],"tags":[1111,11,1997,1777,674,4434,22960,1011,27,12,2219,7054,25],"class_list":{"0":"post-110849","1":"post","2":"type-post","3":"status-publish","4":"format-standard","5":"has-post-thumbnail","7":"category-bordeaux","8":"tag-actu","9":"tag-actualites","10":"tag-bordeaux","11":"tag-eu","12":"tag-europe","13":"tag-foire","14":"tag-foire-de-bordeaux","15":"tag-fr","16":"tag-france","17":"tag-news","18":"tag-nouvelle-aquitaine","19":"tag-parc-des-expositions","20":"tag-republique-francaise"},"share_on_mastodon":{"url":"https:\/\/pubeurope.com\/@fr\/114532512197744795","error":""},"_links":{"self":[{"href":"https:\/\/www.europesays.com\/fr\/wp-json\/wp\/v2\/posts\/110849","targetHints":{"allow":["GET"]}}],"collection":[{"href":"https:\/\/www.europesays.com\/fr\/wp-json\/wp\/v2\/posts"}],"about":[{"href":"https:\/\/www.europesays.com\/fr\/wp-json\/wp\/v2\/types\/post"}],"author":[{"embeddable":true,"href":"https:\/\/www.europesays.com\/fr\/wp-json\/wp\/v2\/users\/2"}],"replies":[{"embeddable":true,"href":"https:\/\/www.europesays.com\/fr\/wp-json\/wp\/v2\/comments?post=110849"}],"version-history":[{"count":0,"href":"https:\/\/www.europesays.com\/fr\/wp-json\/wp\/v2\/posts\/110849\/revisions"}],"wp:featuredmedia":[{"embeddable":true,"href":"https:\/\/www.europesays.com\/fr\/wp-json\/wp\/v2\/media\/110850"}],"wp:attachment":[{"href":"https:\/\/www.europesays.com\/fr\/wp-json\/wp\/v2\/media?parent=110849"}],"wp:term":[{"taxonomy":"category","embeddable":true,"href":"https:\/\/www.europesays.com\/fr\/wp-json\/wp\/v2\/categories?post=110849"},{"taxonomy":"post_tag","embeddable":true,"href":"https:\/\/www.europesays.com\/fr\/wp-json\/wp\/v2\/tags?post=110849"}],"curies":[{"name":"wp","href":"https:\/\/api.w.org\/{rel}","templated":true}]}}