{"id":110851,"date":"2025-05-19T04:03:15","date_gmt":"2025-05-19T04:03:15","guid":{"rendered":"https:\/\/www.europesays.com\/fr\/110851\/"},"modified":"2025-05-19T04:03:15","modified_gmt":"2025-05-19T04:03:15","slug":"un-nouveau-nouveau-chu-a-bordeaux-avec-des-gros-travaux-a-14-milliard-deuros","status":"publish","type":"post","link":"https:\/\/www.europesays.com\/fr\/110851\/","title":{"rendered":"Un nouveau \u00ab\u00a0Nouveau CHU\u00a0\u00bb \u00e0 Bordeaux avec des gros travaux \u00e0 1,4 milliard d&rsquo;euros"},"content":{"rendered":"<p class=\"wp-block-post-excerpt__excerpt\">\u00ab\u00a0Le plus gros chantier de modernisation et de transformation d\u2019un CHU en France\u00a0\u00bb concerne les quatre h\u00f4pitaux bordelais (Pellegrin, Saint-Andr\u00e9, Haut-L\u00e9v\u00eaque, Xavier-Arnozan) ainsi que l\u2019EHPAD de Lormont. Un p\u00f4le \u00ab\u00a0femme m\u00e8re enfants\u00a0\u00bb s\u2019est ajout\u00e9 au programme initial. <\/p>\n<p><a href=\"https:\/\/rue89bordeaux.com\/category\/actualite\/\" rel=\"tag noopener\" target=\"_blank\">Actualit\u00e9<\/a>, <a href=\"https:\/\/rue89bordeaux.com\/category\/kiosque-abonne\/\" rel=\"tag noopener\" target=\"_blank\">\u00c9dition abonn\u00e9s<\/a><\/p>\n<p>Walid Salem<\/p>\n<p>Publi\u00e9 le 19 mai 2025\u00a0\u00a0\u00b7\u00a0\u00a0<\/p>\n<p>Imprim\u00e9 le 19 mai 2025 \u00e0 06h03\u00a0\u00a0\u00b7\u00a0\u00a0<\/p>\n<p>\t\t\t\t\t3\u00a0minutes\n<\/p>\n<p><a href=\"https:\/\/actu.fr\/nouvelle-aquitaine\/bordeaux_33063\/vetuste-le-chu-de-bordeaux-navigue-entre-les-fuites-d-eau-et-le-froid_60287081.html\" target=\"_blank\" rel=\"noreferrer noopener\">Les images diffus\u00e9es dans la presse et sur les r\u00e9seaux sociaux<\/a> en 2023, \u00ab\u00a0exhibant la v\u00e9tust\u00e9 du CHU (centre hospitalo-universitaire) de Bordeaux\u00a0\u00bb, \u00ab\u00a0montrant des fuites d\u2019eau dans les couloirs et des murs qui s\u2019effritent\u00a0\u00bb, Pierre Hurmic ne veut plus les voir.<\/p>\n<blockquote class=\"wp-block-quote is-layout-flow wp-block-quote-is-layout-flow\">\n<p>\u00ab\u00a0C\u2019est insupportable, appuie le maire de Bordeaux, mais c\u2019est la triste r\u00e9alit\u00e9. D\u2019abord parce que ce sont les patients, les \u00e9quipes soignantes et tout le personnel du CHU qui souffrent de cet \u00e9tat de fait. Ensuite, parce que le CHU est un \u00e9tablissement de tr\u00e8s haut niveau, reconnu par des classements pour la qualit\u00e9 des soins prodigu\u00e9s, ses prises en charge, sa recherche, et son enseignement [il est en 2e position parmi les 50 h\u00f4pitaux publics de France sur <a href=\"https:\/\/www.chu-bordeaux.fr\/Espace-m%C3%A9dia\/Actualit%C3%A9s\/-Le-CHU-de-Bordeaux-class%C3%A9-deuxi%C3%A8me-meilleur-h%C3%B4pital-de-France-en-2024-!-\/\" target=\"_blank\" rel=\"noreferrer noopener\">le classement du journal Le Point du 5 d\u00e9cembre 2024<\/a>, NDLR].\u00a0\u00bb<\/p>\n<\/blockquote>\n<p>Il fallait donc passer la seconde pour le <a href=\"https:\/\/rue89bordeaux.com\/2021\/04\/un-nouveau-chu-de-bordeaux-pour-12-milliard-deuros\/\" target=\"_blank\" rel=\"noreferrer noopener\">projet \u00ab\u00a0Nouveau CHU\u00a0\u00bb, pr\u00e9sent\u00e9 en avril 2021<\/a>. Ce mardi 13 mai, un point a \u00e9t\u00e9 fait sur ses avanc\u00e9es et ses nouveaut\u00e9s.<\/p>\n<p><img loading=\"lazy\" decoding=\"async\" width=\"480\" height=\"480\" src=\"https:\/\/www.europesays.com\/fr\/wp-content\/uploads\/2025\/04\/23-paywall.png\" alt=\"Abonnez-vous\" class=\"wp-image-128439\" style=\"aspect-ratio:1;width:210px;height:auto\"  \/><\/p>\n<p>Cet article fait partie de l\u2019\u00e9dition abonn\u00e9s. Pour lire la suite, profitez d\u2019une offre d\u00e9couverte \u00e0 1\u20ac.<\/p>\n<p class=\"has-gray-700-color has-text-color has-medium-font-size\">Contribuez \u00e0 consolider un m\u00e9dia ind\u00e9pendant \u00e0 Bordeaux, en capacit\u00e9 d\u2019enqu\u00eater sur les enjeux locaux.<\/p>\n<p>\t\t\t<a href=\"https:\/\/rue89bordeaux.com\/\" class=\"custom-logo-link\" rel=\"home noopener\" target=\"_blank\"><img loading=\"lazy\" decoding=\"async\" width=\"290\" height=\"49\" src=\"https:\/\/www.europesays.com\/fr\/wp-content\/uploads\/2025\/04\/logo.png\" class=\"custom-logo\" alt=\"Rue89Bordeaux Enqu\u00eates et informations de proximit\u00e9\"  \/><\/a><\/p>\n<p>\n\t\t\t\tAbonnez-vous maintenant pour suivre l\u2019actualit\u00e9 locale.\t\t\t<\/p>\n<p class=\"font-bold font-serif-heading mb-2 text-4xl\">\n\t\t\t\t\t\tL\u2019investigation locale \u00e0 port\u00e9e de main.\n\t\t\t\t\t<\/p>\n<p>\n\t\t\t\t\t\tAbonnez-vous et profitez d\u2019un acc\u00e8s illimit\u00e9 \u00e0 Rue89Bordeaux. Annulez quand vous voulez.\n\t\t\t\t\t<\/p>\n<p class=\"xl:text-sm\">\n\t\t\t\t\tD\u00e9j\u00e0 abonn\u00e9\u00a0?<br \/>\n\t\t\t\t\t<a class=\"border border-transparent text-center transition-colors duration-instant focus:border-info focus:rounded focus:shadow-focus cursor-pointer text-black hover:text-gray-700 active:bg-black-700 font-semibold inline-block\" href=\"https:\/\/rue89bordeaux.com\/user\/login\/?redirect=\/2025\/05\/un-nouveau-nouveau-chu-a-bordeaux-avec-des-gros-travaux-a-14-milliard-deuros\/\" target=\"_blank\" rel=\"noopener\">Connectez-vous<\/a>\t\t\t\t<\/p>\n<p>\n\t\t\t\tChoisissez votre formule\u00a0:\n\t\t\t<\/p>\n<p>\t\t\t\tFermer<\/p>\n","protected":false},"excerpt":{"rendered":"\u00ab\u00a0Le plus gros chantier de modernisation et de transformation d\u2019un CHU en France\u00a0\u00bb concerne les quatre h\u00f4pitaux bordelais&hellip;\n","protected":false},"author":2,"featured_media":110852,"comment_status":"","ping_status":"","sticky":false,"template":"","format":"standard","meta":{"footnotes":""},"categories":[2817],"tags":[1111,11,1997,11421,1777,674,1011,27,12,2219,25,71],"class_list":{"0":"post-110851","1":"post","2":"type-post","3":"status-publish","4":"format-standard","5":"has-post-thumbnail","7":"category-bordeaux","8":"tag-actu","9":"tag-actualites","10":"tag-bordeaux","11":"tag-chu-de-bordeaux","12":"tag-eu","13":"tag-europe","14":"tag-fr","15":"tag-france","16":"tag-news","17":"tag-nouvelle-aquitaine","18":"tag-republique-francaise","19":"tag-sante"},"share_on_mastodon":{"url":"https:\/\/pubeurope.com\/@fr\/114532516144703070","error":""},"_links":{"self":[{"href":"https:\/\/www.europesays.com\/fr\/wp-json\/wp\/v2\/posts\/110851","targetHints":{"allow":["GET"]}}],"collection":[{"href":"https:\/\/www.europesays.com\/fr\/wp-json\/wp\/v2\/posts"}],"about":[{"href":"https:\/\/www.europesays.com\/fr\/wp-json\/wp\/v2\/types\/post"}],"author":[{"embeddable":true,"href":"https:\/\/www.europesays.com\/fr\/wp-json\/wp\/v2\/users\/2"}],"replies":[{"embeddable":true,"href":"https:\/\/www.europesays.com\/fr\/wp-json\/wp\/v2\/comments?post=110851"}],"version-history":[{"count":0,"href":"https:\/\/www.europesays.com\/fr\/wp-json\/wp\/v2\/posts\/110851\/revisions"}],"wp:featuredmedia":[{"embeddable":true,"href":"https:\/\/www.europesays.com\/fr\/wp-json\/wp\/v2\/media\/110852"}],"wp:attachment":[{"href":"https:\/\/www.europesays.com\/fr\/wp-json\/wp\/v2\/media?parent=110851"}],"wp:term":[{"taxonomy":"category","embeddable":true,"href":"https:\/\/www.europesays.com\/fr\/wp-json\/wp\/v2\/categories?post=110851"},{"taxonomy":"post_tag","embeddable":true,"href":"https:\/\/www.europesays.com\/fr\/wp-json\/wp\/v2\/tags?post=110851"}],"curies":[{"name":"wp","href":"https:\/\/api.w.org\/{rel}","templated":true}]}}