{"id":110859,"date":"2025-05-19T04:08:17","date_gmt":"2025-05-19T04:08:17","guid":{"rendered":"https:\/\/www.europesays.com\/fr\/110859\/"},"modified":"2025-05-19T04:08:17","modified_gmt":"2025-05-19T04:08:17","slug":"feder-twerkistan-au-j4-leuropa-festival-a-diffuse-un-parfum-dete-avec-son-electro-2","status":"publish","type":"post","link":"https:\/\/www.europesays.com\/fr\/110859\/","title":{"rendered":"Feder, Twerkistan, au J4, l&rsquo;Europa festival a diffus\u00e9 un parfum d&rsquo;\u00e9t\u00e9 avec son \u00e9lectro"},"content":{"rendered":"<p class=\"rev-margin-0 rev-text-xs-normal\">Pr\u00e8s de 6 500 jeunes Marseillais ont profit\u00e9 hier soir au J4 de ce premier Europa festival, dont l&rsquo;ambiance festive et la programmation \u00e9lectro n&rsquo;\u00e9taient pas sans rappeler le Delta festival.<\/p>\n<p class=\"rev-margin-0 rev-text-xs-bold\">La Provence \/ Gilles Bader<\/p>\n<p>Entre le Mucem et la mer, le d\u00e9cor se pr\u00eate toujours \u00e0 la f\u00eate sur l&rsquo;esplanade du J4 (2e), habitu\u00e9e des grandes soir\u00e9es lors de la <a href=\"https:\/\/www.laprovence.com\/article\/region\/1666848155186315\/la-fiesta-des-suds-a-marseille-a-attire-25-000-festivaliers\" target=\"_blank\" rel=\"noopener\">Fiesta des Suds<\/a>, \u00e0 l&rsquo;automne. Ce samedi 17 mai, la nostalgie de l&rsquo;\u00e9t\u00e9 termin\u00e9 laissait place \u00e0 la joie de savourer les pr\u00e9mices de la saison estivale tant appr\u00e9ci\u00e9e des m\u00e9lomanes et autres f\u00eatards. Qui ont d\u00e9j\u00e0 en vue les grands \u00e9v\u00e9nements musicaux \u00e0 venir, \u00e0 <a href=\"https:\/\/www.laprovence.com\/article\/culture-loisirs\/82656211272164\/info-la-provence-david-guetta-en-concert-le-21-juin-2025-a-lorange-velodrome\" target=\"_blank\" rel=\"noopener\">l&rsquo;Orange V\u00e9lodrome<\/a> comme en plein air. C&rsquo;est dans ce contexte que <a href=\"https:\/\/www.laprovence.com\/article\/region\/157516362660515\/a-leuropa-festival-ce-samedi-17-mai-a-marseille-il-sera-aussi-question-de-medias-et-de-reseaux-sociaux\" target=\"_blank\" rel=\"noopener\">l&rsquo;Europa festival<\/a> rassemblait pr\u00e8s de 6 500\u00a0personnes pour sa premi\u00e8re \u00e9dition.<\/p>\n<p><img alt=\"Les festivaliers ont investi le J4 dans le milieu d'apr\u00e8s-midi, pour un \u00e9v\u00e9nement m\u00ealant concerts et tables rondes sur les jeunes et l'information.\" loading=\"lazy\" decoding=\"async\" data-nimg=\"fill\" class=\" TwicCore_img__i9TC1 undefined  undefined\" style=\"position:absolute;height:100%;width:100%;left:0;top:0;right:0;bottom:0;color:transparent;background-size:cover;background-position:50% 50%;background-repeat:no-repeat;background-image:url(&quot;data:image\/svg+xml;charset=utf-8,%3Csvg xmlns='http:\/\/www.w3.org\/2000\/svg' %3E%3Cfilter id='b' color-interpolation-filters='sRGB'%3E%3CfeGaussianBlur stdDeviation='20'\/%3E%3CfeColorMatrix values='1 0 0 0 0 0 1 0 0 0 0 0 1 0 0 0 0 0 100 -1' result='s'\/%3E%3CfeFlood x='0' y='0' width='100%25' height='100%25'\/%3E%3CfeComposite operator='out' in='s'\/%3E%3CfeComposite in2='SourceGraphic'\/%3E%3CfeGaussianBlur stdDeviation='20'\/%3E%3C\/filter%3E%3Cimage width='100%25' height='100%25' x='0' y='0' preserveAspectRatio='none' style='filter: url(%23b);' href='https:\/\/pictures.laprovence.com\/cdn-cgi\/image\/blur=250\/media\/melody\/2025\/05\/18\/europa-festival-sur-le-j4-a-marseille-le-17-mai-2025-170525gbr03-170525gbr03-1747553330_aad7ecb209286ced7ecb20928a2e7ev_.jpg'\/%3E%3C\/svg%3E&quot;)\"   src=\"https:\/\/www.europesays.com\/fr\/wp-content\/uploads\/2025\/05\/europa-festival-sur-le-j4-a-marseille-le-17-mai-2025-170525gbr03-170525gbr03-1747553330_aad7ecb20928.jpeg\"\/>Les festivaliers ont investi le J4 dans le milieu d&rsquo;apr\u00e8s-midi, pour un \u00e9v\u00e9nement m\u00ealant concerts et tables rondes sur les jeunes et l&rsquo;information. La Provence \/ Gilles Bader<\/p>\n<p>Comme attendu, l&rsquo;affluence battait son plein au moment o\u00f9 Feder arrivait sur sc\u00e8ne, vers 22\u00a0h 30. T\u00eate d&rsquo;affiche de ce rendez-vous musical, le DJ fran\u00e7ais se savait attendu et a fait r\u00e9sonner ses sons deep house sous un ciel \u00e9toil\u00e9 appr\u00e9ci\u00e9 des spectateurs. Qui pour beaucoup avaient <a href=\"https:\/\/www.laprovence.com\/videos\/feder-met-le-feu-la-nouvelle-scne-du-delta-festival\/1725635484444\" target=\"_blank\" rel=\"noopener\">assist\u00e9 \u00e0 son show l&rsquo;an dernier sur les plages du Prado, au Delta Festival<\/a>. Dont l&rsquo;\u00e9quipe organisatrice \u00e9tait cette fois mobilis\u00e9e pour un Europa festival \u00e0 la formule largement calqu\u00e9e sur celle du Delta, en faisant la part belle aux musiques \u00e9lectros.<\/p>\n<p>\u00ab\u00a0Du soleil et du son\u00a0\u00bb<\/p>\n<p>Mais aussi en organisant des ateliers de r\u00e9flexion plus t\u00f4t dans l&rsquo;apr\u00e8s-midi, principalement consacr\u00e9s \u00e0 la relation des jeunes aux r\u00e9seaux sociaux. Avec des th\u00e8mes rassemblant, p\u00eale-m\u00eale, le bien-\u00eatre, la d\u00e9sinformation et l&rsquo;engagement citoyen. Si une part faible des festivaliers suivait avec assiduit\u00e9 les \u00e9changes, le sujet faisait causer dans les files d&rsquo;attente \u00e0 la buvette. M\u00eame si une fois en main, les bi\u00e8res et la perspective de faire la f\u00eate reprenaient vite le dessus.<\/p>\n<p>\u00ab\u00a0C&rsquo;est ce qu&rsquo;on est venues chercher, du soleil et du son pour se retrouver avec les amis\u00a0\u00bb, lan\u00e7aient dans un grand sourire Myriam et Sarah. Les deux Marseillaises \u00e9taient parmi les quelques participants \u00e0 avoir envoy\u00e9 le look extravagant, entre r\u00e9silles, paillettes et un maquillage sans limites. \u00ab\u00a0On garde \u00e7a pour le <a href=\"https:\/\/www.laprovence.com\/article\/culture-loisirs\/2855908080478214\/info-la-provence-the-avener-annonce-au-delta-festival-cet-ete-et-a-la-delta-party-gratuite-a-marseille\" target=\"_blank\" rel=\"noopener\">Delta<\/a>\u00ab\u00a0, leur envoyait un jeune groupe venu d&rsquo;Aubagne, promettant de les retrouver au festival fin ao\u00fbt. Ils y croiseront un trio d&rsquo;amis arriv\u00e9 de La Ciotat, qui pour sa part taquinait un b\u00e9n\u00e9vole \u00ab\u00a0sosie de <a href=\"https:\/\/www.laprovence.com\/article\/culture-loisirs\/3231908306243914\/bob-sinclar-nina-kraviz-kavinsky-le-delta-festival-lance-officiellement-son-edition-2025\" target=\"_blank\" rel=\"noopener\">Bob Sinclar<\/a><a href=\"https:\/\/www.laprovence.com\/article\/culture-loisirs\/3231908306243914\/bob-sinclar-nina-kraviz-kavinsky-le-delta-festival-lance-officiellement-son-edition-2025\" target=\"_blank\" rel=\"noopener\">\u00ab\u00a0, \u00e0 l&rsquo;affiche du prochain Delta<\/a>.<\/p>\n<p>Avant cette perspective, tous se sont \u00e9chauff\u00e9s en fin d&rsquo;apr\u00e8s-midi avec le <a href=\"https:\/\/www.laprovence.com\/article\/sortie-loisirs\/8165531675937\/on-trouve-que-cest-hyper-safe-et-authentique-a-marseille-on-senjaille-avec-le-twerkistan\" target=\"_blank\" rel=\"noopener\">collectif marseillais Twerkistan<\/a>, dont le set m\u00ealait les registres musicaux. Un \u00e9clectisme \u00e9galement adopt\u00e9 par Bleu Mon Jules. Avec ses mixs inspir\u00e9s d&rsquo;airs populaires, notamment issus du r\u00e9pertoire de Daft Punk, le collectif sudiste a doucement fait monter la temp\u00e9rature. Qui ne retombait pas avec le passage de l&rsquo;ukrainienne Kate Zubok, globe-trotteuse de l&rsquo;\u00e9lectro qui avait promis de diffuser ses \u00e9motions \u00e0 travers sa musique.<\/p>\n<p><img alt=\"\" loading=\"lazy\" width=\"18\" height=\"18\" decoding=\"async\" data-nimg=\"1\" class=\"mx-[8px]\" style=\"color:transparent\" src=\"https:\/\/www.europesays.com\/fr\/wp-content\/uploads\/2025\/05\/1747627697_469_comment.b95dda91.svg.svg+xml\"\/>D\u00e9marrez la conversation<\/p>\n<p class=\"text-[1.8rem] mt-[32px]\">Votre opinion compte pour nous. Rejoignez la communaut\u00e9 laprovence.com en r\u00e9agissant sur l&rsquo;article Marseille : Feder, Twerkistan, au J4, l&rsquo;Europa festival a diffus\u00e9 un parfum d&rsquo;\u00e9t\u00e9 avec son \u00e9lectro.<\/p>\n","protected":false},"excerpt":{"rendered":"Pr\u00e8s de 6 500 jeunes Marseillais ont profit\u00e9 hier soir au J4 de ce premier Europa festival, dont&hellip;\n","protected":false},"author":2,"featured_media":108883,"comment_status":"","ping_status":"","sticky":false,"template":"","format":"standard","meta":{"footnotes":""},"categories":[2814],"tags":[17,1111,11,22707,1777,674,16358,849,3337,1011,27,22706,22239,884,12,882,25,22705],"class_list":{"0":"post-110859","1":"post","2":"type-post","3":"status-publish","4":"format-standard","5":"has-post-thumbnail","7":"category-marseille","8":"tag-17","9":"tag-actu","10":"tag-actualites","11":"tag-diffuse","12":"tag-eu","13":"tag-europe","14":"tag-feder","15":"tag-festival","16":"tag-festivals","17":"tag-fr","18":"tag-france","19":"tag-j4","20":"tag-leuropa","21":"tag-marseille","22":"tag-news","23":"tag-provence-alpes-cote-dazur","24":"tag-republique-francaise","25":"tag-twerkistan"},"share_on_mastodon":{"url":"https:\/\/pubeurope.com\/@fr\/114532535807333481","error":""},"_links":{"self":[{"href":"https:\/\/www.europesays.com\/fr\/wp-json\/wp\/v2\/posts\/110859","targetHints":{"allow":["GET"]}}],"collection":[{"href":"https:\/\/www.europesays.com\/fr\/wp-json\/wp\/v2\/posts"}],"about":[{"href":"https:\/\/www.europesays.com\/fr\/wp-json\/wp\/v2\/types\/post"}],"author":[{"embeddable":true,"href":"https:\/\/www.europesays.com\/fr\/wp-json\/wp\/v2\/users\/2"}],"replies":[{"embeddable":true,"href":"https:\/\/www.europesays.com\/fr\/wp-json\/wp\/v2\/comments?post=110859"}],"version-history":[{"count":0,"href":"https:\/\/www.europesays.com\/fr\/wp-json\/wp\/v2\/posts\/110859\/revisions"}],"wp:featuredmedia":[{"embeddable":true,"href":"https:\/\/www.europesays.com\/fr\/wp-json\/wp\/v2\/media\/108883"}],"wp:attachment":[{"href":"https:\/\/www.europesays.com\/fr\/wp-json\/wp\/v2\/media?parent=110859"}],"wp:term":[{"taxonomy":"category","embeddable":true,"href":"https:\/\/www.europesays.com\/fr\/wp-json\/wp\/v2\/categories?post=110859"},{"taxonomy":"post_tag","embeddable":true,"href":"https:\/\/www.europesays.com\/fr\/wp-json\/wp\/v2\/tags?post=110859"}],"curies":[{"name":"wp","href":"https:\/\/api.w.org\/{rel}","templated":true}]}}