{"id":110864,"date":"2025-05-19T04:11:14","date_gmt":"2025-05-19T04:11:14","guid":{"rendered":"https:\/\/www.europesays.com\/fr\/110864\/"},"modified":"2025-05-19T04:11:14","modified_gmt":"2025-05-19T04:11:14","slug":"rhone-au-sud-de-lyon-le-parking-de-cet-hypermarche-transforme-en-circuit-lors-dun-rassemblement-sauvage","status":"publish","type":"post","link":"https:\/\/www.europesays.com\/fr\/110864\/","title":{"rendered":"Rh\u00f4ne. Au sud de Lyon, le parking de cet hypermarch\u00e9 transform\u00e9 en circuit lors d\u2019un rassemblement sauvage"},"content":{"rendered":"<p>Les amateurs de rassemblement automobiles sauvage ont-ils trouv\u00e9 un nouveau spot au sud de Lyon ? Selon les informations du Progr\u00e8s, dans la nuit de samedi \u00e0 dimanche, environ 200 personnes se sont r\u00e9unies sur une partie du parking de l\u2019hypermarch\u00e9 Carrefour pour assister <a href=\"https:\/\/www.leprogres.fr\/jura-39-edition-saint-claude-et-haut-jura\/2019\/04\/09\/le-drift-un-sport-mecanique-ou-le-derapage-controle-est-roi\" target=\"_blank\" rel=\"noopener\">\u00e0 des \u00ab drifts \u00bb, ces d\u00e9rapages o\u00f9 l\u2019on fait fondre la gomme des pneus<\/a> , et autres courses entre plusieurs v\u00e9hicules sportifs.<\/p>\n<p>Selon les informations que nous avons pu obtenir, un premier rendez-vous avait \u00e9t\u00e9 fix\u00e9 sur le d\u00e9partement de la Loire et il avait rassembl\u00e9 plusieurs centaines de participants. Un \u00e9v\u00e9nement qui aurait ensuite \u00e9t\u00e9 stopp\u00e9 par les services de police arriv\u00e9s en nombre. Une partie des \u00ab pilotes \u00bb du samedi se sont donc ensuite donn\u00e9 rendez-vous dans la zone commerciale du Gier.<\/p>\n<p>  \u00ab Deux ou trois fortes d\u00e9tonations \u00bb<\/p>\n<p>\u00ab J\u2019ai effectivement entendu beaucoup de bruits dans la nuit ainsi que deux ou trois fortes d\u00e9tonations \u00bb, nous confie Marie, une habitante du quartier de Montrond, juste en face de l\u2019hypermarch\u00e9. En r\u00e9alit\u00e9, il s\u2019agissait probablement des pneus de certains v\u00e9hicules qui ont \u00e9clat\u00e9 lors des s\u00e9ries de d\u00e9rapages effectu\u00e9s \u00e0 toute vitesse par les conducteurs.<\/p>\n<p>Malgr\u00e9 les arr\u00eat\u00e9s d\u2019interdiction pris par la pr\u00e9fecture du Rh\u00f4ne, les organisateurs de ces rassemblements multiplient les rendez-vous nocturnes \u00e0 travers la r\u00e9gion via des appels sur les r\u00e9seaux sociaux. En mars, c\u2019est \u00e0 <a href=\"https:\/\/www.leprogres.fr\/faits-divers-justice\/2025\/03\/21\/plusieurs-rassemblements-automobiles-sauvages-annonces-sur-les-reseaux-sociaux-interdits-par-la-prefecture\" target=\"_blank\" rel=\"noopener\">Chassieu<\/a> et \u00e0 <a href=\"https:\/\/www.leprogres.fr\/faits-divers-justice\/2025\/03\/09\/rassemblement-tuning-interdit-entre-100-et-300-participants-reunis-a-saint-priest-chasses-par-la-police\" target=\"_blank\" rel=\"noopener\">Saint-Priest<\/a> que ces courses sauvages \u00ab Fast and Furious \u00bb ont eu lieu malgr\u00e9 l\u2019interdiction des services de l\u2019\u00c9tat en raison du trouble \u00e0 l\u2019ordre public et des risques av\u00e9r\u00e9s d\u2019accidents. L\u2019an dernier, les <a href=\"https:\/\/www.leprogres.fr\/faits-divers-justice\/2024\/09\/06\/le-retour-des-rassemblements-sauvages-de-tuning-dans-l-est-lyonnais\" target=\"_blank\" rel=\"noopener\">CRS avaient d\u00fb intervenir \u00e0 plusieurs reprises<\/a> pour d\u00e9loger les chauffards qui avaient pris leurs aises sur les parkings de la nationale 6.<\/p>\n","protected":false},"excerpt":{"rendered":"Les amateurs de rassemblement automobiles sauvage ont-ils trouv\u00e9 un nouveau spot au sud de Lyon ? Selon les&hellip;\n","protected":false},"author":2,"featured_media":110865,"comment_status":"","ping_status":"","sticky":false,"template":"","format":"standard","meta":{"footnotes":""},"categories":[1889],"tags":[1111,11,2430,271,272,3154,1777,674,274,107,1011,27,19625,22961,3367,2428,12,25,2429],"class_list":{"0":"post-110864","1":"post","2":"type-post","3":"status-publish","4":"format-standard","5":"has-post-thumbnail","7":"category-lyon","8":"tag-actu","9":"tag-actualites","10":"tag-auvergne-rhone-alpes","11":"tag-crime","12":"tag-delit-et-contravention","13":"tag-edition-sud-lyonnais","14":"tag-eu","15":"tag-europe","16":"tag-faits-divers-justice","17":"tag-fil-info","18":"tag-fr","19":"tag-france","20":"tag-givors","21":"tag-givors-bassin","22":"tag-loire","23":"tag-lyon","24":"tag-news","25":"tag-republique-francaise","26":"tag-rhone"},"share_on_mastodon":{"url":"https:\/\/pubeurope.com\/@fr\/114532547482334324","error":""},"_links":{"self":[{"href":"https:\/\/www.europesays.com\/fr\/wp-json\/wp\/v2\/posts\/110864","targetHints":{"allow":["GET"]}}],"collection":[{"href":"https:\/\/www.europesays.com\/fr\/wp-json\/wp\/v2\/posts"}],"about":[{"href":"https:\/\/www.europesays.com\/fr\/wp-json\/wp\/v2\/types\/post"}],"author":[{"embeddable":true,"href":"https:\/\/www.europesays.com\/fr\/wp-json\/wp\/v2\/users\/2"}],"replies":[{"embeddable":true,"href":"https:\/\/www.europesays.com\/fr\/wp-json\/wp\/v2\/comments?post=110864"}],"version-history":[{"count":0,"href":"https:\/\/www.europesays.com\/fr\/wp-json\/wp\/v2\/posts\/110864\/revisions"}],"wp:featuredmedia":[{"embeddable":true,"href":"https:\/\/www.europesays.com\/fr\/wp-json\/wp\/v2\/media\/110865"}],"wp:attachment":[{"href":"https:\/\/www.europesays.com\/fr\/wp-json\/wp\/v2\/media?parent=110864"}],"wp:term":[{"taxonomy":"category","embeddable":true,"href":"https:\/\/www.europesays.com\/fr\/wp-json\/wp\/v2\/categories?post=110864"},{"taxonomy":"post_tag","embeddable":true,"href":"https:\/\/www.europesays.com\/fr\/wp-json\/wp\/v2\/tags?post=110864"}],"curies":[{"name":"wp","href":"https:\/\/api.w.org\/{rel}","templated":true}]}}