{"id":110866,"date":"2025-05-19T04:14:08","date_gmt":"2025-05-19T04:14:08","guid":{"rendered":"https:\/\/www.europesays.com\/fr\/110866\/"},"modified":"2025-05-19T04:14:08","modified_gmt":"2025-05-19T04:14:08","slug":"a-gournay-des-riverains-sopposent-a-linstallation-de-dentistes-dans-leur-rue","status":"publish","type":"post","link":"https:\/\/www.europesays.com\/fr\/110866\/","title":{"rendered":"\u00e0 Gournay, des riverains s&rsquo;opposent \u00e0 l&rsquo;installation de dentistes dans leur rue"},"content":{"rendered":"<p>            Par<br \/>\n        <strong><br \/>\n            <a href=\"https:\/\/actu.fr\/auteur\/dorinegoth\" title=\"Consulter tous les articles de Dorine Goth\" rel=\"nofollow noopener\" target=\"_blank\">Dorine Goth<\/a><br \/>\n        <\/strong><\/p>\n<p>        Publi\u00e9 le<\/p>\n<p>            19 mai 2025 \u00e0 6h02        <\/p>\n<p>La perspective d\u2019avoir des arracheurs de dents comme voisin n\u2019\u00e9tait pas \u00e0 leur go\u00fbt. \u00c0 Gournay-sur-Marne (Seine-Saint-Denis), un groupe de<strong> trois riverains<\/strong> a engag\u00e9 <a href=\"https:\/\/actu.fr\/ile-de-france\/gournay-sur-marne_93033\/seine-saint-denis-malgre-leur-combat-en-justice-l-immeuble-sera-construit-et-donnera-directement-chez-eux_61377338.html\" rel=\"nofollow noopener\" target=\"_blank\">un <strong>recours<\/strong><\/a> <strong>gracieux<\/strong> contre l\u2019installation d\u2019<strong>un cabinet de <a href=\"https:\/\/actu.fr\/ile-de-france\/la-courneuve_93027\/un-bus-un-meilleur-acces-soins-dentaires-seine-saint-denis-premier-arret-courneuve_32003840.html\" rel=\"nofollow noopener\" target=\"_blank\">dentistes<\/a><\/strong> rue du XXX. Dans cette rue pavillonnaire, quatre professionnels ont pour projet de racheter une maison pour la transformer en cabinet<strong>.<\/strong> Mais leurs voisins craignent des <strong>nuisances<\/strong> li\u00e9es aux allers et venues de la patient\u00e8le. Malgr\u00e9 le soutien de la municipalit\u00e9, leur installation pourrait bien \u00e9chouer. \u00ab\u00a0Les freins et r\u00e9sistances sont tenaces et peuvent provenir de toutes parts, en d\u00e9pit du bien-fond\u00e9 du projet\u00a0\u00bb, se d\u00e9sole le maire, <a href=\"https:\/\/actu.fr\/ile-de-france\/gournay-sur-marne_93033\/municipales-2020-a-gournay-sur-marne-eric-schlegel-remporte-le-second-tour-et-est-elu-maire_34565687.html\" rel=\"nofollow noopener\" target=\"_blank\">Eric Schlege<\/a>l, dans un message post\u00e9 sur les r\u00e9seaux sociaux le 7 mai 2025.\u00a0<\/p>\n<p>    <a href=\"https:\/\/email.publihebdos.com\/form?lid=Mqc7o19yVDtMEo2FE8aUtw2\" title=\"Ouvrie le lien\" rel=\"nofollow noopener\" target=\"_blank\">Cliquez ici pour visualiser le contenu<\/a><\/p>\n<p>Course contre la montre<\/p>\n<p class=\" wall-content\">\u00c9tudi\u00e9 par le maire, le recours devrait \u00eatre rejet\u00e9 rapidement, selon Delphine Schlegel, adjointe au cadre de vie. \u00ab\u00a0Le pavillon est grand et le terrain peut accueillir une douzaine de places de stationnement. Le cabinet sera ferm\u00e9 le soir et le week-end. Les nuisances invoqu\u00e9es sont quasi inexistantes\u00a0\u00bb, balaye l\u2019adjointe.\u00a0<\/p>\n<p class=\" wall-content\">Mais pas suffisant pour que le projet aboutisse. \u00ab\u00a0Le probl\u00e8me d\u2019un recours, m\u00eame si on le rejette, c\u2019est que \u00e7a fait perdre du temps. Et c\u2019est pas bon pour les affaires des acheteurs et du vendeur. Donc \u00e7a a de grandes chances de capoter\u00a0\u00bb, se d\u00e9sole l\u2019adjointe. Ensuite, rien n\u2019emp\u00eache les riverains de lancer <strong>une proc\u00e9dure contentieuse<\/strong>. \u00ab\u00a0Au final, ce qui fait reculer, c\u2019est le temps perdu\u00a0\u00bb, r\u00e9sume l\u2019\u00e9lue.\u00a0<\/p>\n<p>    <a href=\"https:\/\/www.facebook.com\/plugins\/post.php?href=https%3A%2F%2Fwww.facebook.com%2Fericschlegel93%2Fposts%2Fpfbid02EDLpvBQaBVLkn8a5Rmk4SXzTS26DbeQYJGgiLcpmkgRQaTPKMN5Z8ASu3DkLMksKl&amp;show_text=true&amp;width=350\" title=\"Ouvrie le lien\" rel=\"nofollow noopener\" target=\"_blank\">Cliquez ici pour visualiser le contenu<\/a><\/p>\n<p>Trois d\u00e9parts de dentistes<\/p>\n<p class=\" wall-content\">Pourtant, la ville n\u2019aurait pas \u00e9t\u00e9 contre l\u2019installation de quatre dentistes. \u00ab\u00a0On en a deux qui vont partir \u00e0 la retraite et une qui d\u00e9m\u00e9nage. On va en <strong>perdre trois en six mois<\/strong>. Si jusque l\u00e0 on \u00e9tait vernis, la situation risque de devenir plus difficile\u00a0\u00bb, pointe-t-elle.<\/p>\n<p>Vid\u00e9os : en ce moment sur Actu<\/p>\n<p class=\" wall-content\">Le tout alors que la Seine-Saint-Denis est touch\u00e9e de plein fouet par <a href=\"https:\/\/actu.fr\/societe\/deserts-medicaux-quelles-villes-de-seine-saint-denis-ont-le-plus-de-medecins_58639575.html\" rel=\"nofollow noopener\" target=\"_blank\">la d\u00e9sertification m\u00e9dicale<\/a>. En 2020, le d\u00e9partement recensait seulement <strong>3 dentistes lib\u00e9raux pour 10 000 habitants<\/strong> contre 5,3 au niveau national. \u00ab\u00a0Il y aura sans doute d\u2019autres proposition. Gournay-sur-Marne est une ville agr\u00e9able qui attire les professionnels\u00a0\u00bb, se veut optimiste Delphine Schlegel.\u00a0<\/p>\n<p class=\" wall-content\">Suivez toute l\u2019actualit\u00e9 de vos villes et m\u00e9dias favoris en vous inscrivant \u00e0 <a href=\"https:\/\/moncompte.actu.fr\" title=\"D\u00e9couvez Mon Actu\" rel=\"nofollow noopener\" data-trk=\"{&quot;cta&quot;:{&quot;action&quot;:&quot;https:\\\/\\\/moncompte.actu.fr&quot;,&quot;category&quot;:&quot;mon compte&quot;,&quot;from&quot;:&quot;article footer&quot;,&quot;name&quot;:&quot;Mon actu&quot;,&quot;type&quot;:&quot;cta&quot;}}\" target=\"_blank\">Mon Actu<\/a>.<\/p>\n","protected":false},"excerpt":{"rendered":"Par Dorine Goth Publi\u00e9 le 19 mai 2025 \u00e0 6h02 La perspective d\u2019avoir des arracheurs de dents comme&hellip;\n","protected":false},"author":2,"featured_media":110867,"comment_status":"","ping_status":"","sticky":false,"template":"","format":"standard","meta":{"footnotes":""},"categories":[1888],"tags":[1111,1928,11,1927,1777,674,1011,27,12,1926,626,1925,25,71,104,1352],"class_list":{"0":"post-110866","1":"post","2":"type-post","3":"status-publish","4":"format-standard","5":"has-post-thumbnail","7":"category-paris","8":"tag-actu","9":"tag-actu-paris","10":"tag-actualites","11":"tag-actualites-paris","12":"tag-eu","13":"tag-europe","14":"tag-fr","15":"tag-france","16":"tag-news","17":"tag-news-paris","18":"tag-paris","19":"tag-paris-news","20":"tag-republique-francaise","21":"tag-sante","22":"tag-societe","23":"tag-urbanisme"},"share_on_mastodon":{"url":"https:\/\/pubeurope.com\/@fr\/114532559392124796","error":""},"_links":{"self":[{"href":"https:\/\/www.europesays.com\/fr\/wp-json\/wp\/v2\/posts\/110866","targetHints":{"allow":["GET"]}}],"collection":[{"href":"https:\/\/www.europesays.com\/fr\/wp-json\/wp\/v2\/posts"}],"about":[{"href":"https:\/\/www.europesays.com\/fr\/wp-json\/wp\/v2\/types\/post"}],"author":[{"embeddable":true,"href":"https:\/\/www.europesays.com\/fr\/wp-json\/wp\/v2\/users\/2"}],"replies":[{"embeddable":true,"href":"https:\/\/www.europesays.com\/fr\/wp-json\/wp\/v2\/comments?post=110866"}],"version-history":[{"count":0,"href":"https:\/\/www.europesays.com\/fr\/wp-json\/wp\/v2\/posts\/110866\/revisions"}],"wp:featuredmedia":[{"embeddable":true,"href":"https:\/\/www.europesays.com\/fr\/wp-json\/wp\/v2\/media\/110867"}],"wp:attachment":[{"href":"https:\/\/www.europesays.com\/fr\/wp-json\/wp\/v2\/media?parent=110866"}],"wp:term":[{"taxonomy":"category","embeddable":true,"href":"https:\/\/www.europesays.com\/fr\/wp-json\/wp\/v2\/categories?post=110866"},{"taxonomy":"post_tag","embeddable":true,"href":"https:\/\/www.europesays.com\/fr\/wp-json\/wp\/v2\/tags?post=110866"}],"curies":[{"name":"wp","href":"https:\/\/api.w.org\/{rel}","templated":true}]}}