{"id":1108717,"date":"2026-08-05T05:25:12","date_gmt":"2026-08-05T05:25:12","guid":{"rendered":"https:\/\/www.europesays.com\/fr\/1108717\/"},"modified":"2026-08-05T05:25:12","modified_gmt":"2026-08-05T05:25:12","slug":"matinee-des-enfants-et-grand-prix-de-la-ville","status":"publish","type":"post","link":"https:\/\/www.europesays.com\/fr\/1108717\/","title":{"rendered":"Matin\u00e9e des enfants et Grand prix de la ville"},"content":{"rendered":"<p>Hier mardi, le parc du ch\u00e2teau a accueilli une d\u00e9monstration du travail des gardians, \u00e0 l\u2019occasion de la f\u00eate votive. Le cadre naturel et les grands espaces du parc se pr\u00eataient parfaitement \u00e0 cet exercice. Les gardians ont fait la preuve de leur savoir-faire : tri des b\u00eates, extraction d\u2019un taureau du groupe, guidage, maniabilit\u00e9, et un festival d\u2019abrivado men\u00e9 par les manades Vellas, Alain et Vitou. La d\u00e9monstration a pris un tour inattendu lorsqu\u2019un taureau fac\u00e9tieux a profit\u00e9 d\u2019une br\u00e8che dans le mur d\u2019enceinte, effondr\u00e9e lors d\u2019intemp\u00e9ries il y a quelques mois, pour s\u2019\u00e9chapper du parc. Les gardians ont fini par rattraper l\u2019animal, sans dommages, mais non sans mal, tant le fuyard s\u2019est montr\u00e9 fougueux. <\/p>\n<p>Ce mercredi 5 ao\u00fbt, la journ\u00e9e d\u00e9bute par une matin\u00e9e des enfants dans le parc du ch\u00e2teau de 9 h 30 \u00e0 12 h, avec friandises et rafra\u00eechissements offerts par la ville, structures gonflables, jeux en bois, atelier de maquillage et tierc\u00e9 des \u00e2nes, organis\u00e9e par le comit\u00e9 des f\u00eates. \u00c0 12 h 30, place au roussata\u00efo de l\u2019\u00e9levage des Salines, suivi des \u00e2nes lunellois. La brasserie de la Promenade propose l\u2019animation musicale d\u2019Enzo Puech de 11 h \u00e0 18 h, tandis que le Caf\u00e9 de la Paix encha\u00eene ap\u00e9ritif anim\u00e9 par Zoub de 13 h \u00e0 18 h. Les olympiades de Flora \u00c9v\u00e9nements seront de 14 h \u00e0 17 h. \u00c0 15 h, concours de doublettes mont\u00e9es avec la Joyeuse Boulette Castriote.<\/p>\n<p>\u00c0 17 h, Grand prix de la ville de Castries et Troph\u00e9e des As, organis\u00e9 par le Cercle Taurin Le Trident, avec les taureaux Gedeon (Nicollin), Isard (Occitane), Merisier (Brestalou), Quinsoun (Lagarde), Rackam (Blati\u00e8re-Bessac) et Tito (Chaballier), ainsi que le HP Beubeu (Guillierme), face aux raseteurs Charrade Tom, El Mahboub Youssef, Marignan Vincent, Oufkir Kais, Oukharti Ismael et Zidan Aziz.<\/p>\n<p>La soir\u00e9e se poursuivra avec l\u2019ap\u00e9ritif dansant anim\u00e9 par Abraxas \u00e0 19 h, l\u2019encierro de la manade Robert H. \u00e0 21 h et le bal avec Abraxas \u00e0 22 h 15.<\/p>\n<p>Correspondant Midi Libre : 06 61 97 88 84<\/p>\n","protected":false},"excerpt":{"rendered":"Hier mardi, le parc du ch\u00e2teau a accueilli une d\u00e9monstration du travail des gardians, \u00e0 l\u2019occasion de la&hellip;\n","protected":false},"author":2,"featured_media":1108718,"comment_status":"","ping_status":"","sticky":false,"template":"","format":"standard","meta":{"footnotes":"","_share_on_mastodon":"0"},"categories":[9599],"tags":[1111,11,29264,872,1777,674,82083,1011,27,7089,2208,12,2680,25],"class_list":["post-1108717","post","type-post","status-publish","format-standard","has-post-thumbnail","category-montpellier","tag-actu","tag-actualites","tag-castries","tag-culture-et-loisirs","tag-eu","tag-europe","tag-fetes-et-festivals","tag-fr","tag-france","tag-herault","tag-montpellier","tag-news","tag-occitanie","tag-republique-francaise"],"share_on_mastodon":{"url":"https:\/\/pubeurope.com\/@fr\/117041242262889836","error":""},"_links":{"self":[{"href":"https:\/\/www.europesays.com\/fr\/wp-json\/wp\/v2\/posts\/1108717","targetHints":{"allow":["GET"]}}],"collection":[{"href":"https:\/\/www.europesays.com\/fr\/wp-json\/wp\/v2\/posts"}],"about":[{"href":"https:\/\/www.europesays.com\/fr\/wp-json\/wp\/v2\/types\/post"}],"author":[{"embeddable":true,"href":"https:\/\/www.europesays.com\/fr\/wp-json\/wp\/v2\/users\/2"}],"replies":[{"embeddable":true,"href":"https:\/\/www.europesays.com\/fr\/wp-json\/wp\/v2\/comments?post=1108717"}],"version-history":[{"count":0,"href":"https:\/\/www.europesays.com\/fr\/wp-json\/wp\/v2\/posts\/1108717\/revisions"}],"wp:featuredmedia":[{"embeddable":true,"href":"https:\/\/www.europesays.com\/fr\/wp-json\/wp\/v2\/media\/1108718"}],"wp:attachment":[{"href":"https:\/\/www.europesays.com\/fr\/wp-json\/wp\/v2\/media?parent=1108717"}],"wp:term":[{"taxonomy":"category","embeddable":true,"href":"https:\/\/www.europesays.com\/fr\/wp-json\/wp\/v2\/categories?post=1108717"},{"taxonomy":"post_tag","embeddable":true,"href":"https:\/\/www.europesays.com\/fr\/wp-json\/wp\/v2\/tags?post=1108717"}],"curies":[{"name":"wp","href":"https:\/\/api.w.org\/{rel}","templated":true}]}}