{"id":110872,"date":"2025-05-19T04:17:32","date_gmt":"2025-05-19T04:17:32","guid":{"rendered":"https:\/\/www.europesays.com\/fr\/110872\/"},"modified":"2025-05-19T04:17:32","modified_gmt":"2025-05-19T04:17:32","slug":"le-paris-fc-remporte-la-premiere-edition-de-la-tours-metropole-cup","status":"publish","type":"post","link":"https:\/\/www.europesays.com\/fr\/110872\/","title":{"rendered":"le Paris FC remporte la premi\u00e8re \u00e9dition de la Tours M\u00e9tropole Cup"},"content":{"rendered":"<p>Le tournoi Tours M\u00e9tropole Cup, premier du nom, a \u00e9t\u00e9 un franc succ\u00e8s ces samedi\u00a017 et dimanche 18\u00a0mai 2025. 60 \u00e9quipes, 720 enfants sur 10 terrains am\u00e9nag\u00e9s ont bataill\u00e9 dur pendant deux jours, faisant ressusciter les annexes de la Vall\u00e9e du Cher bien mornes depuis la disparition du Tours\u00a0FC.<\/p>\n<p>Les \u00e9quipes issues de clubs professionnels fran\u00e7ais (vingt), ainsi que les Belges de Charleroi, donnaient du spectacle et\u00a0trustaient les dix premi\u00e8res places du classement g\u00e9n\u00e9ral. Mais Saint-Cyr parvenait \u00e0 tirer son \u00e9pingle du jeu parmi ces jolis noms et finissait \u00e0 la sixi\u00e8me place.<\/p>\n<p><img alt=\"Saint-Cyr a r\u00e9alis\u00e9 un tr\u00e8s joli tournoi.\" loading=\"lazy\" width=\"980\" height=\"573\" decoding=\"async\" data-nimg=\"1\" class=\"img-responsive spinner-show\" style=\"color:transparent;background-size:cover;background-position:50% 50%;background-repeat:no-repeat;background-image:url(&quot;data:image\/svg+xml;charset=utf-8,%3Csvg xmlns=\" http:=\"\" viewbox=\"0 0 980 573\" id=\"b\" color-interpolation-filters=\"sRGB\" stddeviation=\"20\" values=\"1 0 0 0 0 0 1 0 0 0 0 0 1 0 0 0 0 0 100 -1\" result=\"s\" x=\"0\" y=\"0\" operator=\"out\" in=\"s\" in2=\"SourceGraphic\" preserveaspectratio=\"none\" href=\"https:\/\/images.lanouvellerepublique.fr\/image\/upload\/t_88w\/f_auto\/682a204f53aa40f40a8b45ea.jpg\"   src=\"https:\/\/www.europesays.com\/fr\/wp-content\/uploads\/2025\/05\/682a204f53aa40f40a8b45ea.jpg\"\/><\/p>\n<p style=\"background-color:#F2F2F2;padding:5px;margin-top:0px;margin-bottom:10px\">Saint-Cyr a r\u00e9alis\u00e9 un tr\u00e8s joli tournoi.<br \/> \u00a9 (Photo cor. NR, Rapha\u00ebl Rojas)<\/p>\n<p>La premi\u00e8re demi-finale opposait Caen \u00e0 Angers, et voyait la victoire du Sco aux tirs au but. Dans l\u2019autre demie, c\u2019est le Paris FC qui sortait vainqueur gr\u00e2ce \u00e0 un but de Lyving \u00e0 la 12e\u00a0minute, sur les 16 r\u00e9glementaires.<\/p>\n<p>Le Paris FC triomphe<\/p>\n<p>La petite finale \u00e9tait remport\u00e9e par les Caennais gr\u00e2ce \u00e0 Camara (15e). Puis, \u00e0 16\u00a0h\u00a030, Angers et le PFC se lan\u00e7aient dans un match pour la premi\u00e8re place qui s\u2019annon\u00e7ait tr\u00e8s relev\u00e9. Le coup d\u2019envoi \u00e9tait donn\u00e9 par Bryan Bergougnoux et si Angers d\u00e9butait le mieux avec trois grosses occasions (4e, 7e, 8e), c\u2019est le Paris\u00a0FC port\u00e9 par David Koualenan qui d\u00e9crochait la timbale (15e), un peu contre le cours du jeu.<\/p>\n<p><img alt=\"Les Caennais sont mont\u00e9s sur la troisi\u00e8me marche du podium gr\u00e2ce \u00e0 leur victoire face \u00e0 Bordeaux.\" loading=\"lazy\" width=\"980\" height=\"573\" decoding=\"async\" data-nimg=\"1\" class=\"img-responsive spinner-show\" style=\"color:transparent;background-size:cover;background-position:50% 50%;background-repeat:no-repeat;background-image:url(&quot;data:image\/svg+xml;charset=utf-8,%3Csvg xmlns=\" http:=\"\" viewbox=\"0 0 980 573\" id=\"b\" color-interpolation-filters=\"sRGB\" stddeviation=\"20\" values=\"1 0 0 0 0 0 1 0 0 0 0 0 1 0 0 0 0 0 100 -1\" result=\"s\" x=\"0\" y=\"0\" operator=\"out\" in=\"s\" in2=\"SourceGraphic\" preserveaspectratio=\"none\" href=\"https:\/\/images.lanouvellerepublique.fr\/image\/upload\/t_88w\/f_auto\/682a204f8944dfed078b45b7.jpg\"   src=\"https:\/\/www.europesays.com\/fr\/wp-content\/uploads\/2025\/05\/682a204f8944dfed078b45b7.jpg\"\/><\/p>\n<p style=\"background-color:#F2F2F2;padding:5px;margin-top:0px;margin-bottom:10px\">Les Caennais sont mont\u00e9s sur la troisi\u00e8me marche du podium gr\u00e2ce \u00e0 leur victoire face \u00e0 Bordeaux.<br \/> \u00a9 (Photo cor. NR, Rapha\u00ebl Rojas)<\/p>\n<p>L\u2019organisateur Cl\u00e9ment Darchen, qui, gr\u00e2ce \u00e0 ses connaissances, a su attirer du beau monde, \u00e9tait satisfait du d\u00e9roulement du tournoi et remerciait l&rsquo;\u00e9ducateur Micka\u00ebl Cr\u00e9chet, ainsi que les b\u00e9n\u00e9voles (70 environ), la mairie, les sponsors, et l\u2019\u00e9lan de g\u00e9n\u00e9rosit\u00e9 de tous acquis \u00e0 la cause du football. Et tous \u00e9taient habit\u00e9s du m\u00eame espoir de faire aussi bien l\u2019ann\u00e9e prochaine.<\/p>\n<p><strong>Classement\u00a0:<\/strong> 1. Paris\u00a0FC, 2. Angers, 3. Caen, 4. Bordeaux, 5. Charleroi (Belgique), 6. Saint-Cyr, 7. Nancy, 8. Guingamp, 9. Amiens, 10. Brest\u2026 16. Tours\u00a0FC (club organisateur)\u2026<\/p>\n","protected":false},"excerpt":{"rendered":"Le tournoi Tours M\u00e9tropole Cup, premier du nom, a \u00e9t\u00e9 un franc succ\u00e8s ces samedi\u00a017 et dimanche 18\u00a0mai&hellip;\n","protected":false},"author":2,"featured_media":110873,"comment_status":"","ping_status":"","sticky":false,"template":"","format":"standard","meta":{"footnotes":""},"categories":[1888],"tags":[11,1777,674,63,1011,27,1387,4387,12,626,25,22962,60,1390],"class_list":{"0":"post-110872","1":"post","2":"type-post","3":"status-publish","4":"format-standard","5":"has-post-thumbnail","7":"category-paris","8":"tag-actualites","9":"tag-eu","10":"tag-europe","11":"tag-football","12":"tag-fr","13":"tag-france","14":"tag-indre-et-loire","15":"tag-loisirs-sportifs","16":"tag-news","17":"tag-paris","18":"tag-republique-francaise","19":"tag-saint-cyr-sur-loire","20":"tag-sports","21":"tag-tours"},"share_on_mastodon":{"url":"https:\/\/pubeurope.com\/@fr\/114532571672843875","error":""},"_links":{"self":[{"href":"https:\/\/www.europesays.com\/fr\/wp-json\/wp\/v2\/posts\/110872","targetHints":{"allow":["GET"]}}],"collection":[{"href":"https:\/\/www.europesays.com\/fr\/wp-json\/wp\/v2\/posts"}],"about":[{"href":"https:\/\/www.europesays.com\/fr\/wp-json\/wp\/v2\/types\/post"}],"author":[{"embeddable":true,"href":"https:\/\/www.europesays.com\/fr\/wp-json\/wp\/v2\/users\/2"}],"replies":[{"embeddable":true,"href":"https:\/\/www.europesays.com\/fr\/wp-json\/wp\/v2\/comments?post=110872"}],"version-history":[{"count":0,"href":"https:\/\/www.europesays.com\/fr\/wp-json\/wp\/v2\/posts\/110872\/revisions"}],"wp:featuredmedia":[{"embeddable":true,"href":"https:\/\/www.europesays.com\/fr\/wp-json\/wp\/v2\/media\/110873"}],"wp:attachment":[{"href":"https:\/\/www.europesays.com\/fr\/wp-json\/wp\/v2\/media?parent=110872"}],"wp:term":[{"taxonomy":"category","embeddable":true,"href":"https:\/\/www.europesays.com\/fr\/wp-json\/wp\/v2\/categories?post=110872"},{"taxonomy":"post_tag","embeddable":true,"href":"https:\/\/www.europesays.com\/fr\/wp-json\/wp\/v2\/tags?post=110872"}],"curies":[{"name":"wp","href":"https:\/\/api.w.org\/{rel}","templated":true}]}}