{"id":110878,"date":"2025-05-19T04:20:09","date_gmt":"2025-05-19T04:20:09","guid":{"rendered":"https:\/\/www.europesays.com\/fr\/110878\/"},"modified":"2025-05-19T04:20:09","modified_gmt":"2025-05-19T04:20:09","slug":"lantiamericanisme-une-passion-francaise-depuis-le-xixeme-siecle-lexpress","status":"publish","type":"post","link":"https:\/\/www.europesays.com\/fr\/110878\/","title":{"rendered":"L\u2019antiam\u00e9ricanisme, une passion fran\u00e7aise depuis le XIX\u00e8me si\u00e8cle \u2013 L&rsquo;Express"},"content":{"rendered":"<p class=\"paragraph article-body-paragraph article__item   article-body-paragraph--first \">La <a href=\"https:\/\/www.lexpress.fr\/monde\/europe\/altercation-au-bureau-ovale-la-france-et-le-royaume-uni-ont-coache-zelensky-pour-calmer-le-jeu-FWI2YYMD2REGFF5WA3UMUVV4UI\/\" target=\"_self\" rel=\"noopener\" title=\"https:\/\/www.lexpress.fr\/monde\/europe\/altercation-au-bureau-ovale-la-france-et-le-royaume-uni-ont-coache-zelensky-pour-calmer-le-jeu-FWI2YYMD2REGFF5WA3UMUVV4UI\/\">sc\u00e8ne d\u2019humiliation<\/a> de Volodymyr Zelensky par Donald Trump dans le bureau Ovale a fait le tour du monde. Le moment est particuli\u00e8rement marquant dans l\u2019histoire de la guerre en Ukraine, dans celle des relations diplomatiques. Mais aussi dans une autre histoire, moins explor\u00e9e : celle du regard port\u00e9 par le monde sur les Etats-Unis.<\/p>\n<p class=\"paragraph article-body-paragraph article__item   \">Juste apr\u00e8s cette altercation, Edouard Roussez, un agriculteur du Nord de la France, d\u00e9cide de lancer un groupe Facebook intitul\u00e9 \u201cBoycott USA : Achetez Fran\u00e7ais et Europ\u00e9en !\u201d Cette page compte aujourd\u2019hui pr\u00e8s de 32 000 membres. Les utilisateurs partagent les derni\u00e8res d\u00e9clarations de Donald Trump, mais surtout des solutions concr\u00e8tes pour vivre sans produits am\u00e9ricains. <\/p>\n<p><strong class=\"article-body-link-list__item text-gray-800 article-body-link-list__item--one-item\">LIRE AUSSI : <a class=\"article-body-link-list__item-link\" href=\"https:\/\/www.lexpress.fr\/economie\/politique-economique\/exclusif-les-francais-et-le-sentiment-antiamericain-donald-trump-fait-office-de-coupable-ideal-UQENIZLELVFVRIQEPFFWI6F4BQ\/\" target=\"_blank\" rel=\"noreferrer noopener\">EXCLUSIF. Les Fran\u00e7ais et le sentiment antiam\u00e9ricain : \u00ab\u00a0Donald Trump fait office de coupable id\u00e9al\u00a0\u00bb<\/a><\/strong><\/p>\n<p class=\"paragraph article-body-paragraph article__item   \">Ne plus boire de Coca-Cola, \u00e9viter McDonald&rsquo;s, se passer de PayPal&#8230; Autant de petits gestes destin\u00e9s \u00e0 faire vaciller <a href=\"https:\/\/www.lexpress.fr\/monde\/amerique\/donald-trump_1702460.html\" target=\"_self\" rel=\"noopener\" title=\"https:\/\/www.lexpress.fr\/monde\/amerique\/donald-trump_1702460.html\">l\u2019Am\u00e9rique de Donald Trump<\/a>, ou du moins \u00e0 montrer son opposition \u00e0 la politique du nouveau pr\u00e9sident. Et ce mouvement n&rsquo;est pas un acte isol\u00e9 : le tourisme est en baisse, les \u00e9tudiants et les investisseurs boudent les Etats-Unis&#8230; Bref, l\u2019image du r\u00eave am\u00e9ricain se d\u00e9grade et nos clich\u00e9s sur nos voisins d\u2019outre Atlantique refont surface. <\/p>\n<p class=\"paragraph article-body-paragraph article__item   \">Si ces r\u00e9actions sont d\u2019abord une r\u00e9ponse au trumpisme, elles r\u00e9veillent aussi un vieux r\u00e9flexe bien fran\u00e7ais : la m\u00e9fiance envers les Etats-Unis. Mais alors d\u2019o\u00f9 vient cette passion fran\u00e7aise pour l\u2019antiam\u00e9ricanisme ?<\/p>\n<p class=\"paragraph article-body-paragraph article__item   \"><a href=\"https:\/\/play.acast.com\/s\/la-loupe\" rel=\"noopener\" target=\"_blank\"><b>RETROUVEZ TOUS LES EPISODES DE LA LOUPE<\/b><\/a><\/p>\n<p class=\"paragraph article-body-paragraph article__item   \">\u00c9coutez cet \u00e9pisode et abonnez-vous \u00e0 La Loupe sur <a href=\"https:\/\/podcasts.apple.com\/fr\/podcast\/la-loupe\/id1570855740?l=en\" rel=\"noopener\" target=\"_blank\">Apple Podcasts<\/a>, <a href=\"https:\/\/open.spotify.com\/show\/3HNRGEtjT3UrOpc6vsfRdt?si=SJAyStSURPa44FNMao3B4A&amp;dl_branch=1\" rel=\"noopener\" target=\"_blank\">Spotify<\/a>, <a href=\"https:\/\/deezer.page.link\/An7W7pizXJcAqLQy7\" rel=\"noopener\" target=\"_blank\">Deezer<\/a>, <a href=\"https:\/\/podcasts.google.com\/feed\/aHR0cHM6Ly9yc3MuYWNhc3QuY29tL2xhLWxvdXBl?sa=X&amp;ved=0CBUQ27cFahcKEwj49sutipnxAhUAAAAAHQAAAAAQAg\" rel=\"noopener\" target=\"_blank\">Google Podcasts<\/a>, <a href=\"https:\/\/podcastaddict.com\/podcast\/3380332\" rel=\"noopener\" target=\"_blank\">Podcast Addict<\/a> et <a href=\"https:\/\/music.amazon.fr\/podcasts\/11c4e8d8-2cb7-47fb-a0c7-276f11d5cbce\/LA-LOUPE\" rel=\"noopener\" target=\"_blank\">Amazon Music<\/a>.<\/p>\n<p class=\"paragraph article-body-paragraph article__item   \"><a href=\"https:\/\/infos.lexpress.fr\/renderers\/inscription_laloupe\" rel=\"noopener\" target=\"_blank\">Inscrivez-vous \u00e0 notre newsletter<\/a>.<\/p>\n<p class=\"paragraph article-body-paragraph article__item   \">Cet \u00e9pisode a \u00e9t\u00e9 pr\u00e9sent\u00e9 par Charlotte Baris, \u00e9crit par Sol\u00e8ne Alifat et r\u00e9alis\u00e9 par Jules Krot.<\/p>\n<p class=\"paragraph article-body-paragraph article__item   \">Cr\u00e9dits : France TV, LCP, Le Parisien<\/p>\n<p class=\"paragraph article-body-paragraph article__item   \">Musique et habillage : Emmanuel Herschon\/Studio Torrent<\/p>\n<p class=\"paragraph article-body-paragraph article__item   \">Logo : J\u00e9r\u00e9my Cambour<\/p>\n<p class=\"paragraph article-body-paragraph article__item   \">Comment \u00e9couter un podcast ? <a href=\"https:\/\/www.lexpress.fr\/actualite\/medias\/comment-ecouter-un-podcast-depuis-votre-smartphone-ou-votre-ordinateur_2152856.html\" rel=\"noopener\" target=\"_blank\">Suivez le guide<\/a>.<\/p>\n<p class=\"paragraph article-body-paragraph article__item   \"><b>Pour aller plus loin: <\/b><\/p>\n<p class=\"paragraph article-body-paragraph article__item   \"><a href=\"https:\/\/www.lexpress.fr\/monde\/amerique\/avec-methode-donald-trump-sapplique-a-deteriorer-la-marque-etats-unis-PP3AFYRSZREQZC27PMK273VVJ4\/\" target=\"_self\" rel=\"noopener\" title=\"https:\/\/www.lexpress.fr\/monde\/amerique\/avec-methode-donald-trump-sapplique-a-deteriorer-la-marque-etats-unis-PP3AFYRSZREQZC27PMK273VVJ4\/\"><b>Le \u00ab\u00a0soft power\u00a0\u00bb am\u00e9ricain an\u00e9anti par la fr\u00e9n\u00e9sie de Donald Trump<\/b><\/a><\/p>\n<p class=\"paragraph article-body-paragraph article__item   \"><a href=\"https:\/\/www.lexpress.fr\/monde\/amerique\/lantiamericanisme-une-passion-francaise-qui-remonte-a-5ELGY67G7ZFCNHP3T5YAAFYQY4\/\" target=\"_self\" rel=\"noopener\" title=\"https:\/\/www.lexpress.fr\/monde\/amerique\/lantiamericanisme-une-passion-francaise-qui-remonte-a-5ELGY67G7ZFCNHP3T5YAAFYQY4\/\"><b>L\u2019antiam\u00e9ricanisme, une passion fran\u00e7aise qui remonte \u00e0&#8230;<\/b><\/a><b> <\/b><\/p>\n<p class=\"paragraph article-body-paragraph article__item    article__text__endpicto\"><a href=\"https:\/\/www.lexpress.fr\/monde\/europe\/il-faut-lui-eriger-un-monument-pour-la-propagande-russe-la-divine-surprise-donald-trump-M5SQA3IXHJCVTCFWRZOA7AGSA4\/\" target=\"_self\" rel=\"noopener\" title=\"https:\/\/www.lexpress.fr\/monde\/europe\/il-faut-lui-eriger-un-monument-pour-la-propagande-russe-la-divine-surprise-donald-trump-M5SQA3IXHJCVTCFWRZOA7AGSA4\/\"><b>\u00ab\u00a0Il faut lui \u00e9riger un monument\u00a0\u00bb : pour la propagande russe, la divine surprise Donald Trump<\/b><\/a><b> <\/b><\/p>\n","protected":false},"excerpt":{"rendered":"La sc\u00e8ne d\u2019humiliation de Volodymyr Zelensky par Donald Trump dans le bureau Ovale a fait le tour du&hellip;\n","protected":false},"author":2,"featured_media":110879,"comment_status":"","ping_status":"","sticky":false,"template":"","format":"standard","meta":{"footnotes":""},"categories":[1589],"tags":[11,782,73,1866,2926,74,12,2927,104,1864,1865,1863,308],"class_list":{"0":"post-110878","1":"post","2":"type-post","3":"status-publish","4":"format-standard","5":"has-post-thumbnail","7":"category-etats-unis","8":"tag-actualites","9":"tag-ameriques","10":"tag-etats-unis","11":"tag-etats-unis-damerique","12":"tag-la-loupe","13":"tag-monde","14":"tag-news","15":"tag-podcasts","16":"tag-societe","17":"tag-united-states","18":"tag-united-states-of-america","19":"tag-us","20":"tag-usa"},"share_on_mastodon":{"url":"https:\/\/pubeurope.com\/@fr\/114532583018305773","error":""},"_links":{"self":[{"href":"https:\/\/www.europesays.com\/fr\/wp-json\/wp\/v2\/posts\/110878","targetHints":{"allow":["GET"]}}],"collection":[{"href":"https:\/\/www.europesays.com\/fr\/wp-json\/wp\/v2\/posts"}],"about":[{"href":"https:\/\/www.europesays.com\/fr\/wp-json\/wp\/v2\/types\/post"}],"author":[{"embeddable":true,"href":"https:\/\/www.europesays.com\/fr\/wp-json\/wp\/v2\/users\/2"}],"replies":[{"embeddable":true,"href":"https:\/\/www.europesays.com\/fr\/wp-json\/wp\/v2\/comments?post=110878"}],"version-history":[{"count":0,"href":"https:\/\/www.europesays.com\/fr\/wp-json\/wp\/v2\/posts\/110878\/revisions"}],"wp:featuredmedia":[{"embeddable":true,"href":"https:\/\/www.europesays.com\/fr\/wp-json\/wp\/v2\/media\/110879"}],"wp:attachment":[{"href":"https:\/\/www.europesays.com\/fr\/wp-json\/wp\/v2\/media?parent=110878"}],"wp:term":[{"taxonomy":"category","embeddable":true,"href":"https:\/\/www.europesays.com\/fr\/wp-json\/wp\/v2\/categories?post=110878"},{"taxonomy":"post_tag","embeddable":true,"href":"https:\/\/www.europesays.com\/fr\/wp-json\/wp\/v2\/tags?post=110878"}],"curies":[{"name":"wp","href":"https:\/\/api.w.org\/{rel}","templated":true}]}}