{"id":1108783,"date":"2026-08-05T06:07:17","date_gmt":"2026-08-05T06:07:17","guid":{"rendered":"https:\/\/www.europesays.com\/fr\/1108783\/"},"modified":"2026-08-05T06:07:17","modified_gmt":"2026-08-05T06:07:17","slug":"info-franceinfo-mehdi-laribi-presente-comme-lun-des-fondateurs-de-la-dz-mafia-arrete-en-algerie-il-y-a-quelques-jours-franceinfo","status":"publish","type":"post","link":"https:\/\/www.europesays.com\/fr\/1108783\/","title":{"rendered":"INFO FRANCEINFO. Mehdi Laribi, pr\u00e9sent\u00e9 comme l&rsquo;un des fondateurs de la DZ Mafia, arr\u00eat\u00e9 en Alg\u00e9rie il y a quelques jours \u2013 franceinfo"},"content":{"rendered":"<p class=\"c-chapo \">\n  Consid\u00e9r\u00e9 comme l&rsquo;un des cinq ou six membres fondateurs du groupe criminel, Mehdi Laribi a \u00e9t\u00e9 plac\u00e9 sous contr\u00f4le judiciaire.\n<\/p>\n<p>    Publi\u00e9 le 05\/08\/2026 06:17<\/p>\n<p>        Temps de lecture : 1min<\/p>\n<p>    <img decoding=\"async\"  alt=\"Des tags nommant la DZ Mafia \u00e0 Roubaix, en d\u00e9cembre 2025. (THIERRY THOREL \/ MAXPPP)\" width=\"432\" height=\"243\" src=\"https:\/\/www.europesays.com\/fr\/wp-content\/uploads\/2026\/08\/6a72b89298784853385900.jpg\" fetchpriority=\"high\"\/><\/p>\n<p>      Des tags nommant la DZ Mafia \u00e0 Roubaix, en d\u00e9cembre 2025. (THIERRY THOREL \/ MAXPPP)<\/p>\n<p>Mehdi Laribi, pr\u00e9sent\u00e9 comme l&rsquo;un des fondateurs de <a href=\"https:\/\/www.franceinfo.fr\/societe\/drogue\/maire-d-ales-exfiltre-apres-des-menaces-pourquoi-demanteler-la-dz-mafia-s-avere-plus-complexe-qu-il-n-y-parait_8116985.html\" target=\"_self\" rel=\"noopener noreferrer nofollow\" data-tooltip-url=\"https:\/\/www.franceinfo.fr\/societe\/drogue\/maire-d-ales-exfiltre-apres-des-menaces-pourquoi-demanteler-la-dz-mafia-s-avere-plus-complexe-qu-il-n-y-parait_8116985.html\">la DZ Mafia<\/a>, a \u00e9t\u00e9 interpell\u00e9 en Alg\u00e9rie fin juillet et plac\u00e9 sous contr\u00f4le judiciaire, a appris franceinfo mercredi 5 ao\u00fbt de sources concordantes.  <\/p>\n<p>Surnomm\u00e9 \u00ab\u00a0TIC\u00a0\u00bb, Mehdi Laribi, \u00e2g\u00e9 de 36 ans, est m\u00eame, selon des sources polici\u00e8res \u00e0 franceinfo, l&rsquo;un des cinq ou six membres fondateurs du groupe criminel. D&rsquo;apr\u00e8s les informations de franceinfo, il avait quitt\u00e9 la France <a href=\"https:\/\/www.franceinfo.fr\/societe\/drogue\/l-algerie-est-l-un-des-derniers-endroits-ou-les-narcotrafiquants-peuvent-se-refugier-la-dz-mafia-organiserait-elle-en-partie-son-trafic-depuis-l-etranger_8010143.html\" target=\"_self\" rel=\"noopener noreferrer nofollow\" data-tooltip-url=\"https:\/\/www.franceinfo.fr\/societe\/drogue\/l-algerie-est-l-un-des-derniers-endroits-ou-les-narcotrafiquants-peuvent-se-refugier-la-dz-mafia-organiserait-elle-en-partie-son-trafic-depuis-l-etranger_8010143.html\">pour op\u00e9rer depuis l&rsquo;\u00e9tranger<\/a>. Les enqu\u00eateurs fran\u00e7ais le soup\u00e7onnaient d&rsquo;avoir trouv\u00e9 refuge en Alg\u00e9rie. Mehdi Laribi a la double nationalit\u00e9 et l&rsquo;Alg\u00e9rie n&rsquo;extrade pas ses ressortissants.<\/p>\n<p>Mais au mois de mai, le ministre de la Justice G\u00e9rald Darmanin s&rsquo;est rendu \u00e0 Alger <a href=\"https:\/\/www.franceinfo.fr\/monde\/afrique\/algerie\/la-france-et-l-algerie-actent-une-reprise-concrete-de-leur-cooperation-judiciaire-operationnelle_8011763.html\" target=\"_self\" rel=\"noopener noreferrer nofollow\" data-tooltip-url=\"https:\/\/www.franceinfo.fr\/monde\/afrique\/algerie\/la-france-et-l-algerie-actent-une-reprise-concrete-de-leur-cooperation-judiciaire-operationnelle_8011763.html\">pour relancer la coop\u00e9ration judiciaire<\/a> entre les deux pays. Le ministre de l&rsquo;Int\u00e9rieur Laurent Nu\u00f1ez avait \u00e9galement assur\u00e9 de son c\u00f4t\u00e9 que <a href=\"https:\/\/www.franceinfo.fr\/monde\/afrique\/algerie\/le-ministre-de-l-interieur-laurent-nunez-recevra-son-homologue-algerien-lundi-a-paris-une-nouvelle-etape-pour-le-rechauffement-des-relations-diplomatiques-avec-alger_8038637.html\" target=\"_self\" rel=\"noopener noreferrer nofollow\" data-tooltip-url=\"https:\/\/www.franceinfo.fr\/monde\/afrique\/algerie\/le-ministre-de-l-interieur-laurent-nunez-recevra-son-homologue-algerien-lundi-a-paris-une-nouvelle-etape-pour-le-rechauffement-des-relations-diplomatiques-avec-alger_8038637.html\">les relations entre la France et l&rsquo;Alg\u00e9rie \u00e9taient \u00ab\u00a0bonnes\u00a0\u00bb<\/a>. C&rsquo;est dans ce contexte, selon plusieurs sources \u00e0 franceinfo, que les autorit\u00e9s alg\u00e9riennes ont mis \u00e0 ex\u00e9cution le mandat d&rsquo;arr\u00eat international d\u00e9livr\u00e9 par la justice fran\u00e7aise contre Mehdi Laribi. Il a donc \u00e9t\u00e9 arr\u00eat\u00e9 en Alg\u00e9rie, et plac\u00e9 sous contr\u00f4le judiciaire.  <\/p>\n<p>Cette interpellation est le fruit d&rsquo;un mandat d&rsquo;arr\u00eat d\u00e9livr\u00e9 dans le cadre de <a href=\"https:\/\/www.gendarmerie.interieur.gouv.fr\/gendinfo\/criminalite-organisee-et-enquetes\/2026\/operation-octopus-nouveau-coup-de-filet-contre-la-dz-mafia\" target=\"_blank\" rel=\"noopener nofollow\" data-tooltip-url=\"https:\/\/www.gendarmerie.interieur.gouv.fr\/gendinfo\/criminalite-organisee-et-enquetes\/2026\/operation-octopus-nouveau-coup-de-filet-contre-la-dz-mafia\">l&rsquo;op\u00e9ration \u00ab\u00a0Octopus\u00a0\u00bb<\/a> (la pieuvre) visant la DZ Mafia. L&rsquo;hiver dernier, <a href=\"https:\/\/www.franceinfo.fr\/societe\/drogue\/dz-mafia-26-suspects-mis-en-examen-dont-15-places-en-detention-provisoire-sur-les-42-personnes-interpellees_7867631.html\" target=\"_self\" rel=\"noopener noreferrer nofollow\" data-tooltip-url=\"https:\/\/www.franceinfo.fr\/societe\/drogue\/dz-mafia-26-suspects-mis-en-examen-dont-15-places-en-detention-provisoire-sur-les-42-personnes-interpellees_7867631.html\">un grand coup de filet<\/a> men\u00e9 par les gendarmes a d\u00e9bouch\u00e9 mi-mars sur 26 mises en examen, dont celles de trois autres figures de l&rsquo;organisation criminelle\u00a0: Amine O., Gabriel O., et Madhi Z., tous d\u00e9tenus aujourd&rsquo;hui dans les prisons de haute s\u00e9curit\u00e9. <\/p>\n","protected":false},"excerpt":{"rendered":"Consid\u00e9r\u00e9 comme l&rsquo;un des cinq ou six membres fondateurs du groupe criminel, Mehdi Laribi a \u00e9t\u00e9 plac\u00e9 sous&hellip;\n","protected":false},"author":2,"featured_media":1108784,"comment_status":"","ping_status":"","sticky":false,"template":"","format":"standard","meta":{"footnotes":"","_share_on_mastodon":"0"},"categories":[2],"tags":[11,1011,27,12,25],"class_list":["post-1108783","post","type-post","status-publish","format-standard","has-post-thumbnail","category-actualites","tag-actualites","tag-fr","tag-france","tag-news","tag-republique-francaise"],"share_on_mastodon":{"url":"https:\/\/pubeurope.com\/@fr\/117041408783049965","error":""},"_links":{"self":[{"href":"https:\/\/www.europesays.com\/fr\/wp-json\/wp\/v2\/posts\/1108783","targetHints":{"allow":["GET"]}}],"collection":[{"href":"https:\/\/www.europesays.com\/fr\/wp-json\/wp\/v2\/posts"}],"about":[{"href":"https:\/\/www.europesays.com\/fr\/wp-json\/wp\/v2\/types\/post"}],"author":[{"embeddable":true,"href":"https:\/\/www.europesays.com\/fr\/wp-json\/wp\/v2\/users\/2"}],"replies":[{"embeddable":true,"href":"https:\/\/www.europesays.com\/fr\/wp-json\/wp\/v2\/comments?post=1108783"}],"version-history":[{"count":0,"href":"https:\/\/www.europesays.com\/fr\/wp-json\/wp\/v2\/posts\/1108783\/revisions"}],"wp:featuredmedia":[{"embeddable":true,"href":"https:\/\/www.europesays.com\/fr\/wp-json\/wp\/v2\/media\/1108784"}],"wp:attachment":[{"href":"https:\/\/www.europesays.com\/fr\/wp-json\/wp\/v2\/media?parent=1108783"}],"wp:term":[{"taxonomy":"category","embeddable":true,"href":"https:\/\/www.europesays.com\/fr\/wp-json\/wp\/v2\/categories?post=1108783"},{"taxonomy":"post_tag","embeddable":true,"href":"https:\/\/www.europesays.com\/fr\/wp-json\/wp\/v2\/tags?post=1108783"}],"curies":[{"name":"wp","href":"https:\/\/api.w.org\/{rel}","templated":true}]}}