{"id":110890,"date":"2025-05-19T04:26:15","date_gmt":"2025-05-19T04:26:15","guid":{"rendered":"https:\/\/www.europesays.com\/fr\/110890\/"},"modified":"2025-05-19T04:26:15","modified_gmt":"2025-05-19T04:26:15","slug":"battus-par-verstappen-les-pilotes-mclaren-ne-pouvaient-pas-suivre","status":"publish","type":"post","link":"https:\/\/www.europesays.com\/fr\/110890\/","title":{"rendered":"Battus par Verstappen, les pilotes McLaren \u00ab\u00a0ne pouvaient pas suivre\u00a0\u00bb"},"content":{"rendered":"<p>En prenant la meilleure impulsion \u00e0 l&rsquo;extinction des feux, <a href=\"https:\/\/fr.motorsport.com\/driver\/oscar-piastri\/835356\/\" target=\"_blank\" rel=\"noopener\">Oscar Piastri<\/a> pensait peut-\u00eatre avoir fait le plus dur au d\u00e9part du Grand Prix d&rsquo;\u00c9milie-Romagne, qu&rsquo;il a pris en pole position. Ce que le <a href=\"https:\/\/fr.motorsport.com\/f1\/standings\/2025\/\" target=\"_self\" rel=\"noopener\">leader du championnat<\/a> n&rsquo;avait pas vu venir, c&rsquo;est l&rsquo;attaque lointaine, saillante et imparable de <a href=\"https:\/\/fr.motorsport.com\/driver\/max-verstappen\/93029\/\" target=\"_blank\" rel=\"noopener\">Max Verstappen<\/a> \u00e0 la premi\u00e8re chicane.<\/p>\n<p>\u00ab\u00a0Oui, j&rsquo;ai frein\u00e9 trop t\u00f4t\u00a0\u00bb, admet le leader du championnat. \u00ab\u00a0Et c&rsquo;\u00e9tait aussi un beau d\u00e9passement de la part de Max. C&rsquo;est \u00e9videmment d\u00e9cevant, mais je pense qu&rsquo;apr\u00e8s \u00e7a, on a pris quelques mauvaises d\u00e9cisions de toute fa\u00e7on. Ce n&rsquo;est clairement pas notre meilleur dimanche. Il y a donc pas mal de choses \u00e0 analyser et \u00e0 revoir apr\u00e8s cette course. Bravo \u00e0 Max et \u00e0 <a href=\"https:\/\/fr.motorsport.com\/team\/red-bull\/553\/\" target=\"_blank\" rel=\"noopener\">Red Bull<\/a>, je pense que c&rsquo;\u00e9tait un beau d\u00e9passement, et ils avaient du rythme. On va revoir tout \u00e7a et voir ce qu&rsquo;on peut am\u00e9liorer.\u00a0\u00bb<\/p>\n<p>Car au-del\u00e0 de cette perte pr\u00e9matur\u00e9e des commandes de la course, Oscar Piastri a ensuite pay\u00e9 le prix d&rsquo;un arr\u00eat au stand trop pr\u00e9coce, que n&rsquo;ont pas suivi Max Verstappen et <a href=\"https:\/\/fr.motorsport.com\/driver\/lando-norris\/289708\/\" target=\"_blank\" rel=\"noopener\">Lando Norris<\/a>, et d&rsquo;une strat\u00e9gie qu&rsquo;il a ensuite tra\u00een\u00e9 comme un boulet m\u00eame s&rsquo;il est parvenu \u00e0 remonter jusqu&rsquo;au troisi\u00e8me rang, apr\u00e8s avoir c\u00e9d\u00e9 la deuxi\u00e8me place qu&rsquo;il avait un temps r\u00e9cup\u00e9r\u00e9e au moment de l&rsquo;intervention de la voiture de s\u00e9curit\u00e9.<\/p>\n<p>\u00ab\u00a0C&rsquo;\u00e9tait compliqu\u00e9\u00a0\u00bb, ajoute-t-il. \u00ab\u00a0Bien s\u00fbr, la VSC est tomb\u00e9e au moment parfait pour Max et Lando, et moi, j&rsquo;avais d\u00e9j\u00e0 utilis\u00e9 mes deux trains de pneus durs. Donc la derni\u00e8re relance a \u00e9t\u00e9 assez difficile. J&rsquo;ai essay\u00e9 de m&rsquo;accrocher \u00e0 la deuxi\u00e8me place, mais je n&rsquo;avais clairement pas assez de grip. J&rsquo;ai vraiment tout donn\u00e9, mais c&rsquo;\u00e9tait in\u00e9vitable. Il m&rsquo;a d\u00e9pass\u00e9, mais je n&rsquo;allais pas me laisser faire sans me battre. C&rsquo;est tout de m\u00eame un podium.\u00a0\u00bb<\/p>\n<p>Red Bull \u00e9tait \u00ab\u00a0trop fort\u00a0\u00bb<br \/>\n   <img decoding=\"async\" draggable=\"false\" src=\"https:\/\/www.europesays.com\/fr\/wp-content\/uploads\/2025\/05\/1747628775_420_lando-norris-mclaren.jpg\" alt=\"Lando Norris s'avoue vaincu \u00e0 Imola.\" width=\"1200\" height=\"800\" loading=\"lazy\"\/> <\/p>\n<p class=\"title\">Lando Norris s&rsquo;avoue vaincu \u00e0 Imola.<\/p>\n<p class=\"photographer\">Photo de: Steven Tee \/ LAT Images via Getty Images<\/p>\n<p>En l&rsquo;absence de la moindre consigne chez <a href=\"https:\/\/fr.motorsport.com\/team\/mclaren\/609\/\" target=\"_blank\" rel=\"noopener\">McLaren<\/a>, le pilote australien confirme ainsi qu&rsquo;il a tent\u00e9 de r\u00e9sister jusqu&rsquo;au bout \u00e0 son co\u00e9quipier. Et malgr\u00e9 une d\u00e9ception \u00e9vidente au lendemain de sa pole position, il retient un sixi\u00e8me podium cons\u00e9cutif qui lui permet de conserver la t\u00eate du championnat, quand Lando Norris, lui, grappille quelques moins au m\u00eame titre que Max Verstappen, \u00e0 l&rsquo;issue d&rsquo;une course qu&rsquo;il a trouv\u00e9e \u00ab\u00a0longue\u00a0\u00bb.\u00a0<\/p>\n<p>\u00ab\u00a0Ce n&rsquo;est pas facile de d\u00e9passer, mais on a fait ce qu&rsquo;on a pu\u00a0\u00bb, souligne le Britannique, parti quatri\u00e8me sur la grille. \u00ab\u00a0Max a fait une bonne course, ils \u00e9taient rapides aujourd&rsquo;hui, probablement un peu plus que nous. On ne pouvait pas suivre. On a eu une belle petite bagarre \u00e0 la fin avec Oscar : c&rsquo;est toujours tendu, mais c&rsquo;est aussi plaisant. Finir deuxi\u00e8me et troisi\u00e8me, c&rsquo;est tr\u00e8s bien, m\u00eame si on aurait aim\u00e9 \u00eatre devant et se battre avec Max. Mais ils \u00e9taient trop forts aujourd&rsquo;hui.\u00a0\u00bb<\/p>\n<p>Lire aussi :<\/p>\n<p>Dans cet article<\/p>\n<p>    Basile Davoine\n<\/p>\n<p>    Formule 1\n<\/p>\n<p>    Lando Norris\n<\/p>\n<p>    Oscar Piastri\n<\/p>\n<p>    McLaren\n<\/p>\n<p>Soyez le premier inform\u00e9 et souscrivez aux alertes mails pour recevoir les infos en temps r\u00e9el<\/p>\n<p>    S&rsquo;abonner aux alertes de news<\/p>\n","protected":false},"excerpt":{"rendered":"En prenant la meilleure impulsion \u00e0 l&rsquo;extinction des feux, Oscar Piastri pensait peut-\u00eatre avoir fait le plus dur&hellip;\n","protected":false},"author":2,"featured_media":110891,"comment_status":"","ping_status":"","sticky":false,"template":"","format":"standard","meta":{"footnotes":""},"categories":[2],"tags":[11,1454,1011,27,18197,9935,2243,4475,12,2241,25],"class_list":{"0":"post-110890","1":"post","2":"type-post","3":"status-publish","4":"format-standard","5":"has-post-thumbnail","7":"category-actualites","8":"tag-actualites","9":"tag-formule-1","10":"tag-fr","11":"tag-france","12":"tag-gp-du00c9milie-romagne","13":"tag-imola","14":"tag-lando-norris","15":"tag-mclaren","16":"tag-news","17":"tag-oscar-piastri","18":"tag-republique-francaise"},"share_on_mastodon":{"url":"https:\/\/pubeurope.com\/@fr\/114532606521042087","error":""},"_links":{"self":[{"href":"https:\/\/www.europesays.com\/fr\/wp-json\/wp\/v2\/posts\/110890","targetHints":{"allow":["GET"]}}],"collection":[{"href":"https:\/\/www.europesays.com\/fr\/wp-json\/wp\/v2\/posts"}],"about":[{"href":"https:\/\/www.europesays.com\/fr\/wp-json\/wp\/v2\/types\/post"}],"author":[{"embeddable":true,"href":"https:\/\/www.europesays.com\/fr\/wp-json\/wp\/v2\/users\/2"}],"replies":[{"embeddable":true,"href":"https:\/\/www.europesays.com\/fr\/wp-json\/wp\/v2\/comments?post=110890"}],"version-history":[{"count":0,"href":"https:\/\/www.europesays.com\/fr\/wp-json\/wp\/v2\/posts\/110890\/revisions"}],"wp:featuredmedia":[{"embeddable":true,"href":"https:\/\/www.europesays.com\/fr\/wp-json\/wp\/v2\/media\/110891"}],"wp:attachment":[{"href":"https:\/\/www.europesays.com\/fr\/wp-json\/wp\/v2\/media?parent=110890"}],"wp:term":[{"taxonomy":"category","embeddable":true,"href":"https:\/\/www.europesays.com\/fr\/wp-json\/wp\/v2\/categories?post=110890"},{"taxonomy":"post_tag","embeddable":true,"href":"https:\/\/www.europesays.com\/fr\/wp-json\/wp\/v2\/tags?post=110890"}],"curies":[{"name":"wp","href":"https:\/\/api.w.org\/{rel}","templated":true}]}}