{"id":110896,"date":"2025-05-19T04:33:12","date_gmt":"2025-05-19T04:33:12","guid":{"rendered":"https:\/\/www.europesays.com\/fr\/110896\/"},"modified":"2025-05-19T04:33:12","modified_gmt":"2025-05-19T04:33:12","slug":"quartararo-assume-le-risque-davoir-attaque-comme-un-fou","status":"publish","type":"post","link":"https:\/\/www.europesays.com\/fr\/110896\/","title":{"rendered":"Quartararo assume le risque d&rsquo;avoir \u00ab\u00a0attaqu\u00e9 comme un fou\u00a0\u00bb"},"content":{"rendered":"<p>Le 11 mai 2025 restera dans les m\u00e9moires pour le magnifique victoire de <a href=\"https:\/\/fr.motorsport.com\/driver\/johann-zarco\/96107\/\" target=\"_blank\" rel=\"noopener\">Johann Zarco<\/a> sur ses terres mais avant la course principale, c&rsquo;est l&rsquo;autre Fran\u00e7ais du plateau qui brillait \u00e0 domicile. Auteur de la pole samedi matin et quatri\u00e8me du sprint, <a href=\"https:\/\/fr.motorsport.com\/driver\/fabio-quartararo\/109400\/\" target=\"_blank\" rel=\"noopener\">Fabio Quartararo<\/a> \u00e9tait tr\u00e8s attendu pour cette course qui a bascul\u00e9 avant m\u00eame le d\u00e9part, quand les premi\u00e8res gouttes de pluie sont apparues.<\/p>\n<p>Quartararo a fait partie des pilotes, comme <a href=\"https:\/\/fr.motorsport.com\/driver\/marc-marquez\/92646\/\" target=\"_blank\" rel=\"noopener\">Marc M\u00e1rquez<\/a> et la plupart des leaders, qui ont abandonn\u00e9 leur moto chauss\u00e9e de pneus pluie pour celle \u00e9quip\u00e9e de slicks entre le tour de mise en grille et le tour de formation. Comme le pr\u00e9voit d\u00e9sormais le r\u00e8glement, il devait donc s&rsquo;\u00e9lancer de sa position sur la grille mais recevoir ensuite un double long-lap.<\/p>\n<p>Ce contexte a pouss\u00e9 Quartararo a prendre tous les risques possibles, ce qu&rsquo;il voyait comme sa seule chance de r\u00e9ussir. \u00ab\u00a0Je voulais faire un pari et essayer d&rsquo;attaquer fort d&rsquo;entr\u00e9e\u00a0\u00bb, a confi\u00e9 le pilote Yamaha. \u00ab\u00a0On avait un bon avantage mais malheureusement, on l&rsquo;a perdu assez vite.\u00a0\u00bb<\/p>\n<p>La course de Quartararo a en effet dur\u00e9 moins de quatre tours. Au d\u00e9part, M\u00e1rquez s&rsquo;est empar\u00e9 de la premi\u00e8re place mais le Fran\u00e7ais est repass\u00e9 devant \u00e0 la sortie de la chicane Dunlop, pour se construire une avance d&rsquo;une seconde. Il a \u00e9t\u00e9 l&rsquo;un des premiers \u00e0 effectuer son premier long-lap, puis a gagn\u00e9 des positions quand d&rsquo;autres pilotes en ont fait un \u00e0 leur tour. Il \u00e9tait remont\u00e9 au deuxi\u00e8me rang, en se rapprochant d&rsquo;un M\u00e1rquez qui n&rsquo;avait pas encore pris le chemin de la p\u00e9nalit\u00e9, au moment o\u00f9 il est tomb\u00e9 au dernier virage.<\/p>\n<p>\u00ab\u00a0On savait que c&rsquo;\u00e9tait tr\u00e8s compliqu\u00e9 d&rsquo;avoir le rythme pour gagner ou pour le podium, donc quand il a commenc\u00e9 \u00e0 pleuvoir, j&rsquo;ai voulu attaquer comme un fou dans les premiers tours. J&rsquo;ai fait un long-lap et je restais tr\u00e8s proche de Marc mais il a plu un peu plus et je n&rsquo;ai m\u00eame pas eu d&rsquo;alerte de l&rsquo;arri\u00e8re, j&rsquo;ai juste compl\u00e8tement perdu l&rsquo;avant.\u00a0\u00bb<\/p>\n<p><img decoding=\"async\" class=\"sizer\" draggable=\"false\" src=\"data:image\/png;base64,iVBORw0KGgoAAAANSUhEUgAAABAAAAAJCAYAAAA7KqwyAAAAGXRFWHRTb2Z0d2FyZQBBZG9iZSBJbWFnZVJlYWR5ccllPAAAABpJREFUeNpi\/P\/\/PwMlgImBQjBqwLAwACDAAOVfAw9\/ZDvcAAAAAElFTkSuQmCC\" alt=\"\" loading=\"lazy\"\/><\/p>\n<p class=\"title\">VID\u00c9O &#8211; R\u00c9SUM\u00c9 : Les meilleurs moments de la victoire de Zarco au GP de France<\/p>\n<p>\u00ab\u00a0Il y avait juste un peu plus d&rsquo;eau\u00a0\u00bb, a d\u00e9taill\u00e9 Quartararo. \u00ab\u00a0Je suis rest\u00e9 l\u00e0 trois tours et \u00e0 chaque tour, il y avait une chute de plus. C&rsquo;est dommage.\u00a0\u00bb<\/p>\n<p><strong>MISE \u00c0 JOUR : <a href=\"https:\/\/fr.motorsport.com\/motogp\/news\/quartararo-sanction-desobei-commissaires-bastianini-penalite\/10721897\/\" target=\"_blank\" rel=\"noopener\">Quartararo sanctionn\u00e9 pour avoir d\u00e9sob\u00e9i aux commissaires<\/a><\/strong><\/p>\n<p>Quartararo a \u00e9t\u00e9 pi\u00e9g\u00e9 au virage du Raccordement, o\u00f9 l&rsquo;asphalte semble lim\u00e9 par les passages des prototypes align\u00e9s aux 24 Heures du Mans, ce qui peut facilement pi\u00e9ger les pilotes. <a href=\"https:\/\/fr.motorsport.com\/driver\/miguel-oliveira\/109382\/\" target=\"_blank\" rel=\"noopener\">Miguel Oliveira<\/a> et <a href=\"https:\/\/fr.motorsport.com\/driver\/jack-miller\/96423\/\" target=\"_blank\" rel=\"noopener\">Jack Miller<\/a> sont partis \u00e0 la faute au m\u00eame endroit.<\/p>\n<p>\u00ab\u00a0Il y a comme de petites bosses puis c&rsquo;est plat. Quand il y a un petit changement de d\u00e9nivel\u00e9, on peut perdre [la moto] assez vite et en fait, les trois Yamaha qui sont tomb\u00e9es, c&rsquo;\u00e9tait au m\u00eame virage. C&rsquo;est dommage mais vous savez, je savais que ce serait difficile d&rsquo;\u00eatre sur le podium et je savais qu&rsquo;il fallait attaquer d\u00e8s le d\u00e9but.\u00a0\u00bb<\/p>\n<p>\u00ab\u00a0Changer de moto, avoir deux long-laps&#8230; C&rsquo;\u00e9tait un peu compliqu\u00e9 mais je pense que c&rsquo;\u00e9tait le bon choix de partir avec les slicks parce qu&rsquo;on \u00e9tait assez rapides au d\u00e9but, puis de voir ce qui \u00e9tait possible en course. Mais je suis tomb\u00e9.\u00a0\u00bb<\/p>\n<p>Un week-end malgr\u00e9 tout encourageant<\/p>\n<p>Quartararo pr\u00e9f\u00e8re en effet retenir le fait que la Yamaha lui a encore permis de briller au Mans, deux semaines apr\u00e8s une pole et un podium inattendus \u00e0 Jerez\u00a0: \u00ab\u00a0Vous savez, j&rsquo;ai vraiment appr\u00e9ci\u00e9 le week-end. Je pense qu&rsquo;on a r\u00e9ussi \u00e0 trouver un bon rythme et \u00e0 faire de bons chronos.\u00a0\u00bb<\/p>\n<p>\u00ab\u00a0On a fait de notre mieux, je ne m&rsquo;attendais pas vraiment \u00e0 perdre [la moto] comme \u00e7a, mais \u00e7a arrive, on a fait le maximum ce week-end\u00a0\u00bb, a-t-il insist\u00e9.<\/p>\n<p>   <img decoding=\"async\" draggable=\"false\" src=\"https:\/\/www.europesays.com\/fr\/wp-content\/uploads\/2025\/05\/1747629192_775_fabio-quartararo-yamaha-factor.jpg\" alt=\"Fabio Quartararo, Yamaha Factory Racing, Fermin Aldeguer, Gresini Racing, Marc Marquez, Ducati Team\" width=\"1200\" height=\"800\" loading=\"lazy\"\/> <\/p>\n<p class=\"title\">Fabio Quartararo s&rsquo;est encore battu avec les leaders au Mans.<\/p>\n<p class=\"photographer\">Photo de: Loic Venance \/ AFP via Getty Images<\/p>\n<p>Quartararo veut ainsi croire que ce week-end en annonce d&rsquo;autres au premier plan. \u00ab\u00a0Je l&rsquo;esp\u00e8re\u00a0\u00bb, a-t-il d\u00e9clar\u00e9 au micro de Canal+. \u00ab\u00a0Je pense que, comme je l&rsquo;ai dit, c&rsquo;\u00e9tait un week-end assez bien. On a peut-\u00eatre pouss\u00e9 un petit peu trop dans des conditions comme \u00e7a, mais je savais ce que je voulais, ce que je voulais faire. Malheureusement, le plan n&rsquo;a pas trop march\u00e9 et je pense que c&rsquo;est de l&rsquo;exp\u00e9rience qu&rsquo;on prend aujourd&rsquo;hui.\u00a0\u00bb<\/p>\n<blockquote>\n<p>Je peux imaginer les sensations de Johann et \u00e9videmment, bravo \u00e0 lui.<\/p>\n<\/blockquote>\n<p>Le succ\u00e8s de Zarco contribue \u00e9galement \u00e0 all\u00e9ger la d\u00e9ception pour Quartararo, heureux du second succ\u00e8s de son compatriote dans le meilleur contexte possible.<\/p>\n<p>\u00ab\u00a0Je suis content pour lui aussi. On en parlait ce matin, que c&rsquo;\u00e9tait la premi\u00e8re fois que sa maman venait sur un circuit et il gagne aujourd&rsquo;hui devant le public fran\u00e7ais, donc \u00e7a doit \u00eatre de tr\u00e8s grandes \u00e9motions pour lui et sa famille. Donc vraiment, f\u00e9licitations.\u00a0\u00bb<\/p>\n<p>\u00ab\u00a0Je pense que le public est incroyable\u00a0\u00bb, a soulign\u00e9 Quartararo. \u00ab\u00a0On a vu que c&rsquo;\u00e9tait plein d\u00e8s le premier jour, ils nous ont soutenus et je pense que c&rsquo;est bien pour tout le plateau de voir les supporters fran\u00e7ais, cette ambiance aussi. Malheureusement, je n&rsquo;ai pas gagn\u00e9 mais je peux imaginer les sensations de Johann et \u00e9videmment, bravo \u00e0 lui d&rsquo;avoir gagn\u00e9 cette course.\u00a0\u00bb<\/p>\n<p style=\"text-align: right;\">Avec Fabien Gaillard<\/p>\n<p>Lire aussi :<\/p>\n<p>Dans cet article<\/p>\n<p>    Vincent Lalanne-Sicaud\n<\/p>\n<p>    MotoGP\n<\/p>\n<p>    Fabio Quartararo\n<\/p>\n<p>    Yamaha Factory Racing\n<\/p>\n<p>Soyez le premier inform\u00e9 et souscrivez aux alertes mails pour recevoir les infos en temps r\u00e9el<\/p>\n<p>    S&rsquo;abonner aux alertes de news<\/p>\n","protected":false},"excerpt":{"rendered":"Le 11 mai 2025 restera dans les m\u00e9moires pour le magnifique victoire de Johann Zarco sur ses terres&hellip;\n","protected":false},"author":2,"featured_media":110897,"comment_status":"","ping_status":"","sticky":false,"template":"","format":"standard","meta":{"footnotes":""},"categories":[1413],"tags":[1680,1011,27,15545,15546,1457,1456,1458,60,3796],"class_list":{"0":"post-110896","1":"post","2":"type-post","3":"status-publish","4":"format-standard","5":"has-post-thumbnail","7":"category-moto","8":"tag-fabio-quartararo","9":"tag-fr","10":"tag-france","11":"tag-gp-de-france","12":"tag-le-mans-circuit-bugatti","13":"tag-moto","14":"tag-motocycle","15":"tag-motogp","16":"tag-sports","17":"tag-yamaha-factory-racing"},"share_on_mastodon":{"url":"https:\/\/pubeurope.com\/@fr\/114532634074311813","error":""},"_links":{"self":[{"href":"https:\/\/www.europesays.com\/fr\/wp-json\/wp\/v2\/posts\/110896","targetHints":{"allow":["GET"]}}],"collection":[{"href":"https:\/\/www.europesays.com\/fr\/wp-json\/wp\/v2\/posts"}],"about":[{"href":"https:\/\/www.europesays.com\/fr\/wp-json\/wp\/v2\/types\/post"}],"author":[{"embeddable":true,"href":"https:\/\/www.europesays.com\/fr\/wp-json\/wp\/v2\/users\/2"}],"replies":[{"embeddable":true,"href":"https:\/\/www.europesays.com\/fr\/wp-json\/wp\/v2\/comments?post=110896"}],"version-history":[{"count":0,"href":"https:\/\/www.europesays.com\/fr\/wp-json\/wp\/v2\/posts\/110896\/revisions"}],"wp:featuredmedia":[{"embeddable":true,"href":"https:\/\/www.europesays.com\/fr\/wp-json\/wp\/v2\/media\/110897"}],"wp:attachment":[{"href":"https:\/\/www.europesays.com\/fr\/wp-json\/wp\/v2\/media?parent=110896"}],"wp:term":[{"taxonomy":"category","embeddable":true,"href":"https:\/\/www.europesays.com\/fr\/wp-json\/wp\/v2\/categories?post=110896"},{"taxonomy":"post_tag","embeddable":true,"href":"https:\/\/www.europesays.com\/fr\/wp-json\/wp\/v2\/tags?post=110896"}],"curies":[{"name":"wp","href":"https:\/\/api.w.org\/{rel}","templated":true}]}}