{"id":110898,"date":"2025-05-19T04:34:08","date_gmt":"2025-05-19T04:34:08","guid":{"rendered":"https:\/\/www.europesays.com\/fr\/110898\/"},"modified":"2025-05-19T04:34:08","modified_gmt":"2025-05-19T04:34:08","slug":"les-coups-de-coeur-et-les-coups-de-griffe-du-figaro","status":"publish","type":"post","link":"https:\/\/www.europesays.com\/fr\/110898\/","title":{"rendered":"les coups de c\u0153ur et les coups de griffe du Figaro"},"content":{"rendered":"<p>Apr\u00e8s la cl\u00f4ture de la saison 2024-2025 de Ligue\u00a01, samedi soir, d\u00e9couvrez ce qui a plu\u2026 et d\u00e9plu aux sp\u00e9cialistes football de la r\u00e9daction du Figaro.<\/p>\n<p class=\"fig-paragraph\">NOS COUPS DE C\u0152UR<\/p>\n<p>PSG, magnifique champion<\/p>\n<p class=\"fig-paragraph\">Le PSG champion de France, c\u2019est le train qui arrive \u00e0 l\u2019heure. Et ce m\u00eame si le d\u00e9part de Kylian Mbapp\u00e9 a pu faire croire \u00e0 un recul de l\u2019\u00e9quipe parisienne. Notamment du c\u00f4t\u00e9 de la Canebi\u00e8re, certains ont imagin\u00e9 que ce jeune PSG \u00e9tait d\u00e9sormais prenable, que c\u2019\u00e9tait la bonne ann\u00e9e pour le titiller, voire mieux. Rat\u00e9.\u00a0<a href=\"http:\/\/www.lefigaro.fr\/sports\/football\/ligue-1\/les-notes-de-om-psg-neves-omnipresent-barcola-et-dembele-decisifs-marseille-depasse-20241027\" data-fig-type=\"NewsFlash\" data-gtm-custom-categorie=\"navigation\" data-gtm-custom-action=\"crossclick\" data-gtm-custom-label=\"Contextuel\" data-gtm-event=\"customEventSPE\" data-fig-domain=\"LEFIGARO\" target=\"_blank\" rel=\"noopener\">La balade parisienne au V\u00e9lodrome (victoire 3-0)<\/a>, fin octobre, lors de la 9e\u00a0journ\u00e9e, a rapidement mis fin \u00e0 ce fantasme. Paris a march\u00e9 sur la Ligue\u00a01, touchant m\u00eame du doigt le r\u00eave d\u2019une saison sans la moindre d\u00e9faite\u2026 jusqu\u2019\u00e0\u00a0<a href=\"http:\/\/www.lefigaro.fr\/sports\/football\/ligue-1\/les-notes-de-psg-nice-bulka-superstar-sanson-beni-des-dieux-doue-passe-au-travers-20250425\" data-fig-type=\"NewsFlash\" data-gtm-custom-categorie=\"navigation\" data-gtm-custom-action=\"crossclick\" data-gtm-custom-label=\"Contextuel\" data-gtm-event=\"customEventSPE\" data-fig-domain=\"LEFIGARO\" target=\"_blank\" rel=\"noopener\">Nice (1-3)<\/a>, lors de la 31e\u00a0lev\u00e9e. Luis Enrique a donn\u00e9 un mental \u00e0 cette \u00e9quipe, qui a r\u00e9alis\u00e9 ce cavalier seul sans se retourner. Ses propres objectifs, ses propres standards. Mieux, elle s\u2019en est servie comme rampe de lancement pour la C1, gr\u00e2ce au management du coach espagnol.\u00a0<a href=\"http:\/\/www.lefigaro.fr\/sports\/football\/ligue-1\/ligue-1-le-psg-champion-attendu-et-frais-a-la-fois-20250405\" data-fig-type=\"NewsFlash\" data-gtm-custom-categorie=\"navigation\" data-gtm-custom-action=\"crossclick\" data-gtm-custom-label=\"Contextuel\" data-gtm-event=\"customEventSPE\" data-fig-domain=\"LEFIGARO\" target=\"_blank\" rel=\"noopener\">Le fond et la forme, la performance et le style<\/a>. Tout bon.<\/p>\n<p class=\"fig-body-link\">\n            \u00c0 lire aussi<br \/>\n        <a class=\"fig-body-link__link fig-premium-mark\" href=\"http:\/\/www.lefigaro.fr\/sports\/football\/ligue-1\/psg-auxerre-kvara-voit-double-le-parc-en-feu-paris-fete-son-sacre-avec-la-maniere-20250517\" data-fig-type=\"NewsFlash\" data-gtm-custom-categorie=\"navigation\" data-gtm-custom-action=\"crossclick\" data-gtm-custom-label=\"Contextuel\" data-gtm-event=\"customEventSPE\" data-fig-domain=\"LEFIGARO\" target=\"_blank\" rel=\"noopener\">PSG-Auxerre\u00a0: le Parc en feu, \u00abKvara\u00bb voit double, show sobre mais efficace&#8230; Paris f\u00eate son sacre avec la mani\u00e8re<br \/>\n    <\/a>\n<\/p>\n<p>Une bagarre excitante pour le podium<\/p>\n<p class=\"fig-paragraph\">Certes, le suspense en vue de l\u2019attribution du titre de champion de France a vite \u00e9t\u00e9 \u00e9vent\u00e9\u2026<\/p>\n<p class=\"fig-premium-paywall__infos\">\n        Cet article est r\u00e9serv\u00e9 aux abonn\u00e9s.        Il vous reste 89% \u00e0 d\u00e9couvrir.\n    <\/p>\n<p>                <img  data- alt=\"Le Figaro\" class=\"fig-img--complete fig-img\"\/><\/p>\n<p class=\"fig-premium-paywall__title\">Vente Flash<\/p>\n<p class=\"fig-premium-paywall__subtitle\">4,99\u20ac par mois pendant 12 mois. Sans engagement.<\/p>\n<p class=\"fig-premium-paywall__connect\">\n                D\u00e9j\u00e0 abonn\u00e9\u00a0?                <a class=\"fig-premium-paywall__connect-link\" href=\"https:\/\/connect.lefigaro.fr\/login?client=horizon_web&amp;type=main&amp;redirect_uri=https%3A%2F%2Fwww.lefigaro.fr%2Fsports%2Ffootball%2Fligue-1%2Fligue-1-les-coups-de-coeur-et-les-coups-de-griffe-du-figaro-20250519\" data-js-gtm=\"{&quot;customCategorie&quot;: &quot;conversion&quot;, &quot;customAction&quot;: &quot;before_Landing_Connexion_paywall_auto&quot;, &quot;customLabel&quot;: &quot;bGVmaWdhcm8uZnJfXzFmMDJmM2M1LTJhODItNjBmYS1hODdlLTc3YmExN2IzODhlZV9fTmV3c0ZsYXNo_Ligue\u00a01\u00a0: les coups de c\u0153ur et les coups de griffe du Figaro_93&quot;, &quot;customIDSPE&quot;: &quot;bGVmaWdhcm8uZnJfXzFmMDJmM2M1LTJhODItNjBmYS1hODdlLTc3YmExN2IzODhlZV9fTmV3c0ZsYXNo&quot;, &quot;event&quot;: &quot;customEventSPE&quot;}\" target=\"_blank\" rel=\"noopener\"><br \/>\n                    Connectez-vous<br \/>\n                <\/a>\n            <\/p>\n","protected":false},"excerpt":{"rendered":"Apr\u00e8s la cl\u00f4ture de la saison 2024-2025 de Ligue\u00a01, samedi soir, d\u00e9couvrez ce qui a plu\u2026 et d\u00e9plu&hellip;\n","protected":false},"author":2,"featured_media":110899,"comment_status":"","ping_status":"","sticky":false,"template":"","format":"standard","meta":{"footnotes":""},"categories":[1412],"tags":[525,1981,814,1451,2257,63,1452,1453,1454,1455,1011,27,3309,66,1307,955,17923,1176,978,149,2782,22964,93,3280,1980,60],"class_list":{"0":"post-110898","1":"post","2":"type-post","3":"status-publish","4":"format-standard","5":"has-post-thumbnail","7":"category-f1","8":"tag-calendrier","9":"tag-classement","10":"tag-direct","11":"tag-f1","12":"tag-foot","13":"tag-football","14":"tag-formula-1","15":"tag-formula1","16":"tag-formule-1","17":"tag-formule1","18":"tag-fr","19":"tag-france","20":"tag-l1","21":"tag-ligue-1","22":"tag-lille","23":"tag-match","24":"tag-montpellier-herault-sc","25":"tag-olympique-de-marseille","26":"tag-olympique-lyonnais","27":"tag-om","28":"tag-ousmane-dembele","29":"tag-pablo-longoria","30":"tag-psg","31":"tag-rayan-cherki","32":"tag-resultats","33":"tag-sports"},"share_on_mastodon":{"url":"https:\/\/pubeurope.com\/@fr\/114532638015327280","error":""},"_links":{"self":[{"href":"https:\/\/www.europesays.com\/fr\/wp-json\/wp\/v2\/posts\/110898","targetHints":{"allow":["GET"]}}],"collection":[{"href":"https:\/\/www.europesays.com\/fr\/wp-json\/wp\/v2\/posts"}],"about":[{"href":"https:\/\/www.europesays.com\/fr\/wp-json\/wp\/v2\/types\/post"}],"author":[{"embeddable":true,"href":"https:\/\/www.europesays.com\/fr\/wp-json\/wp\/v2\/users\/2"}],"replies":[{"embeddable":true,"href":"https:\/\/www.europesays.com\/fr\/wp-json\/wp\/v2\/comments?post=110898"}],"version-history":[{"count":0,"href":"https:\/\/www.europesays.com\/fr\/wp-json\/wp\/v2\/posts\/110898\/revisions"}],"wp:featuredmedia":[{"embeddable":true,"href":"https:\/\/www.europesays.com\/fr\/wp-json\/wp\/v2\/media\/110899"}],"wp:attachment":[{"href":"https:\/\/www.europesays.com\/fr\/wp-json\/wp\/v2\/media?parent=110898"}],"wp:term":[{"taxonomy":"category","embeddable":true,"href":"https:\/\/www.europesays.com\/fr\/wp-json\/wp\/v2\/categories?post=110898"},{"taxonomy":"post_tag","embeddable":true,"href":"https:\/\/www.europesays.com\/fr\/wp-json\/wp\/v2\/tags?post=110898"}],"curies":[{"name":"wp","href":"https:\/\/api.w.org\/{rel}","templated":true}]}}