{"id":1109003,"date":"2026-08-05T08:38:41","date_gmt":"2026-08-05T08:38:41","guid":{"rendered":"https:\/\/www.europesays.com\/fr\/1109003\/"},"modified":"2026-08-05T08:38:41","modified_gmt":"2026-08-05T08:38:41","slug":"allemagne-un-objet-volant-non-identifie-perturbe-le-trafic-a-laeroport-de-leipzig","status":"publish","type":"post","link":"https:\/\/www.europesays.com\/fr\/1109003\/","title":{"rendered":"Allemagne\u00a0: un objet volant non identifi\u00e9 perturbe le trafic \u00e0 l\u2019a\u00e9roport de Leipzig"},"content":{"rendered":"<p>La partie nord de l\u2019a\u00e9roport a repris ses activit\u00e9s t\u00f4t dans la matin\u00e9e, tandis que la piste sud, pr\u00e8s de la zone d\u00e9di\u00e9e au fret, est rest\u00e9e ferm\u00e9e afin de permettre la poursuite de l\u2019enqu\u00eate.<\/p>\n<p>L\u2019objet suspect a \u00e9t\u00e9 d\u00e9couvert \u00e0 proximit\u00e9 de la piste sud et examin\u00e9 par la police, qui a d\u00e9ploy\u00e9 un robot de d\u00e9minage.<\/p>\n<p>Les enqu\u00eateurs cherchent \u00e0 d\u00e9terminer si l\u2019objet volant non identifi\u00e9 et l\u2019objet suspect sont li\u00e9s.<\/p>\n","protected":false},"excerpt":{"rendered":"La partie nord de l\u2019a\u00e9roport a repris ses activit\u00e9s t\u00f4t dans la matin\u00e9e, tandis que la piste sud,&hellip;\n","protected":false},"author":2,"featured_media":1109004,"comment_status":"","ping_status":"","sticky":false,"template":"","format":"standard","meta":{"footnotes":"","_share_on_mastodon":"0"},"categories":[1587],"tags":[11,672,1804,1805,1803,1777,674,1801,12,1802],"class_list":["post-1109003","post","type-post","status-publish","format-standard","has-post-thumbnail","category-allemagne","tag-actualites","tag-allemagne","tag-bundesrepublik-deutschland","tag-de","tag-deutschland","tag-eu","tag-europe","tag-germany","tag-news","tag-republique-federale-dallemagne"],"share_on_mastodon":{"url":"https:\/\/pubeurope.com\/@fr\/117042001091860983","error":""},"_links":{"self":[{"href":"https:\/\/www.europesays.com\/fr\/wp-json\/wp\/v2\/posts\/1109003","targetHints":{"allow":["GET"]}}],"collection":[{"href":"https:\/\/www.europesays.com\/fr\/wp-json\/wp\/v2\/posts"}],"about":[{"href":"https:\/\/www.europesays.com\/fr\/wp-json\/wp\/v2\/types\/post"}],"author":[{"embeddable":true,"href":"https:\/\/www.europesays.com\/fr\/wp-json\/wp\/v2\/users\/2"}],"replies":[{"embeddable":true,"href":"https:\/\/www.europesays.com\/fr\/wp-json\/wp\/v2\/comments?post=1109003"}],"version-history":[{"count":0,"href":"https:\/\/www.europesays.com\/fr\/wp-json\/wp\/v2\/posts\/1109003\/revisions"}],"wp:featuredmedia":[{"embeddable":true,"href":"https:\/\/www.europesays.com\/fr\/wp-json\/wp\/v2\/media\/1109004"}],"wp:attachment":[{"href":"https:\/\/www.europesays.com\/fr\/wp-json\/wp\/v2\/media?parent=1109003"}],"wp:term":[{"taxonomy":"category","embeddable":true,"href":"https:\/\/www.europesays.com\/fr\/wp-json\/wp\/v2\/categories?post=1109003"},{"taxonomy":"post_tag","embeddable":true,"href":"https:\/\/www.europesays.com\/fr\/wp-json\/wp\/v2\/tags?post=1109003"}],"curies":[{"name":"wp","href":"https:\/\/api.w.org\/{rel}","templated":true}]}}