{"id":1109007,"date":"2026-08-05T08:41:17","date_gmt":"2026-08-05T08:41:17","guid":{"rendered":"https:\/\/www.europesays.com\/fr\/1109007\/"},"modified":"2026-08-05T08:41:17","modified_gmt":"2026-08-05T08:41:17","slug":"externalisation-des-migrants-leurope-suit-trump-sur-une-pente-dangereuse","status":"publish","type":"post","link":"https:\/\/www.europesays.com\/fr\/1109007\/","title":{"rendered":"Externalisation des migrants\u00a0: \u00ab\u00a0L\u2019Europe suit Trump sur une pente dangereuse\u00a0\u00bb"},"content":{"rendered":"<p class=\"article-paragraph\">Depuis peu, un ph\u00e9nom\u00e8ne inqui\u00e9tant s\u2019impose dans les politiques migratoires occidentales\u00a0: l\u2019externalisation des expulsions. Des \u00c9tats riches, \u00c9tats-Unis en t\u00eate, mais aussi l\u2019Union europ\u00e9enne, cherchent d\u00e9sormais \u00e0 \u00e9loigner non seulement les migrants de leur territoire, mais aussi \u00e0 transf\u00e9rer vers des pays tiers la responsabilit\u00e9 de leur d\u00e9tention.<\/p>\n<p class=\"article-paragraph\">Derri\u00e8re les formules technocratiques <a href=\"https:\/\/www.la-croix.com\/societe\/comment-l-union-europeenne-serre-la-vis-de-sa-politique-migratoire-20260602\" data-tracking=\"inpage_click\" data-tracking-action=\"lire un article\" data-tracking-category=\"recirculation\" rel=\"nofollow noopener\" target=\"_blank\">de \u00ab\u00a0hubs de retour\u00a0\u00bb ou de \u00ab\u00a0pays tiers s\u00fbrs\u00a0\u00bb<\/a> se dessine une r\u00e9alit\u00e9 tr\u00e8s sombre\u00a0: l\u2019\u00e9loignement forc\u00e9 d\u2019\u00eatres humains n\u2019ayant commis aucun crime vers des \u00c9tats dont ils ne sont pas ressortissants, souvent sans attaches, et g\u00e9n\u00e9ralement vers des r\u00e9gimes autoritaires ne respectant pas les droits humains.<\/p>\n<p>Les \u00c9tats-Unis de Donald Trump en pointe<\/p>\n<p class=\"article-paragraph\">Les \u00c9tats-Unis de Donald Trump ont franchi ce seuil. Depuis 2025, l\u2019administration am\u00e9ricaine a d\u00e9velopp\u00e9 des accords permettant l\u2019expulsion de migrants vers des pays africains qui ne sont pas leur pays d\u2019origine. Des migrants ont ainsi \u00e9t\u00e9 envoy\u00e9s vers le Soudan du Sud, l\u2019Eswatini (ex-Swaziland), le Rwanda, le Ghana, l\u2019Ouganda et d\u2019autres <a href=\"https:\/\/www.la-croix.com\/international\/expulses-des-etats-unis-vers-la-rd-congo-le-sort-incertain-de-15-migrants-sud-americains-20260424\" data-tracking=\"inpage_click\" data-tracking-action=\"lire un article\" data-tracking-category=\"recirculation\" rel=\"nofollow noopener\" target=\"_blank\">\u00c9tats africains autoritaires dans le cadre d\u2019accords bilat\u00e9raux opaques<\/a>.<\/p>\n<p class=\"article-paragraph\">En juillet\u00a02025, des migrants originaires du Vietnam, de la Jama\u00efque, du Laos, du Y\u00e9men et de Cuba ont \u00e9t\u00e9 transf\u00e9r\u00e9s vers l\u2019Eswatini, monarchie absolue critiqu\u00e9e pour ses atteintes aux libert\u00e9s fondamentales. D\u2019autres personnes ont \u00e9t\u00e9 envoy\u00e9es au Soudan du Sud ou au Rwanda. Plusieurs centaines de <a href=\"https:\/\/www.la-croix.com\/international\/migrants-expulses-des-etats-unis-avec-la-sierra-leone-washington-continue-les-refoulements-par-ricochet-20260520\" data-tracking=\"inpage_click\" data-tracking-action=\"lire un article\" data-tracking-category=\"recirculation\" rel=\"nofollow noopener\" target=\"_blank\">personnes ont d\u00e9j\u00e0 \u00e9t\u00e9 concern\u00e9es par ces dispositifs<\/a>, et des accords plus vastes pr\u00e9voient prochainement des milliers de transferts.<\/p>\n<p class=\"article-paragraph\">Les conditions de d\u00e9tention de ces migrants sont d\u00e9plorables\u00a0: ceux expuls\u00e9s vers le Soudan du Sud ont \u00e9t\u00e9 maintenus pendant de longs mois incarc\u00e9r\u00e9s, sous surveillance arm\u00e9e, avec un acc\u00e8s quasi nul \u00e0 leurs avocats et \u00e0 leurs proches.<\/p>\n<p>Le suivisme inqui\u00e9tant de l\u2019UE<\/p>\n<p class=\"article-paragraph\">Il est inqui\u00e9tant de voir que l\u2019Union europ\u00e9enne s\u2019engage aujourd\u2019hui dans une direction comparable. Depuis mars\u00a02025, la Commission europ\u00e9enne a propos\u00e9 la cr\u00e9ation de \u00ab\u00a0centres de retour\u00a0\u00bb situ\u00e9s hors du territoire europ\u00e9en. En juin\u00a02026, le <a href=\"https:\/\/www.la-croix.com\/international\/immigration-l-ue-approuve-la-creation-de-centres-a-letranger-ou-renvoyer-les-migrants-illegaux-20260602\" data-tracking=\"inpage_click\" data-tracking-action=\"lire un article\" data-tracking-category=\"recirculation\" rel=\"nofollow noopener\" target=\"_blank\">Parlement europ\u00e9en a approuv\u00e9 une r\u00e9glementation<\/a> ouvrant la voie \u00e0 de tels dispositifs.<\/p>\n<p class=\"article-paragraph\">Ces \u00ab\u00a0hubs de retour\u00a0\u00bb permettraient \u00e0 des \u00c9tats membres d\u2019envoyer des migrants d\u00e9bout\u00e9s du droit d\u2019asile ou en situation irr\u00e9guli\u00e8re vers des pays tiers ayant accept\u00e9 de les accueillir. L\u2019UE ouvre ainsi la voie \u00e0 des transferts de migrants vers des pays tiers, sur le mod\u00e8le du r\u00e9cent accord Italie-Albanie.<\/p>\n<p class=\"article-paragraph\">Parmi les \u00c9tats \u00e9voqu\u00e9s figurent notamment l\u2019Albanie, le Rwanda, la Tunisie ou encore l\u2019Ouzb\u00e9kistan, des r\u00e9gimes autoritaires. Une telle externalisation de la d\u00e9tention des migrants, loin du contr\u00f4le effectif des juridictions europ\u00e9ennes, va \u00e0 l\u2019encontre des droits fondamentaux des personnes concern\u00e9es.<\/p>\n<p class=\"article-paragraph\">Comment garantir effectivement les droits fondamentaux lorsque ces personnes sont transf\u00e9r\u00e9es loin du regard des juridictions europ\u00e9ennes, des m\u00e9dias et de la soci\u00e9t\u00e9 civile\u00a0? Comment v\u00e9rifier leurs conditions de d\u00e9tention\u00a0? Comment s\u2019assurer qu\u2019elles ne seront pas ensuite renvoy\u00e9es vers des pays o\u00f9 elles risquent la pers\u00e9cution, la torture ou des traitements inhumains\u00a0?<\/p>\n<p>Des sinistres souvenirs historiques<\/p>\n<p class=\"article-paragraph\">L\u2019histoire europ\u00e9enne devrait pourtant nous rendre particuli\u00e8rement vigilants face \u00e0 toute politique consistant \u00e0 d\u00e9placer des populations jug\u00e9es ind\u00e9sirables vers des territoires lointains. Avant la mise en \u0153uvre de la \u00ab\u00a0solution finale\u00a0\u00bb, les dirigeants nazis envisag\u00e8rent plusieurs projets d\u2019expulsion massive des Juifs hors d\u2019Europe. Le plus connu fut le\u00a0plan Madagascar de 1940, qui pr\u00e9voyait la d\u00e9portation de millions de Juifs vers <a href=\"https:\/\/www.la-croix.com\/international\/revolte-meurtres-torture-que-s-est-il-passe-en-1947-a-madagascar-20250425\" data-tracking=\"inpage_click\" data-tracking-action=\"lire un article\" data-tracking-category=\"recirculation\" rel=\"nofollow noopener\" target=\"_blank\">cette \u00eele alors colonie fran\u00e7aise<\/a>. D\u2019autres projets d\u2019\u00e9loignement forc\u00e9 vers des territoires lointains furent \u00e9galement \u00e9voqu\u00e9s.<\/p>\n<p class=\"article-paragraph\">L\u2019id\u00e9e centrale \u00e9tait d\u00e9j\u00e0 de soustraire une population au regard de la soci\u00e9t\u00e9 majoritaire en la transf\u00e9rant ailleurs, loin des centres de pouvoir europ\u00e9ens. Le projet ne fut jamais r\u00e9alis\u00e9, mais il rappelle combien les politiques de d\u00e9placement forc\u00e9 de populations peuvent constituer une pente dangereuse lorsqu\u2019elles reposent sur la volont\u00e9 d\u2019\u00e9carter des \u00eatres humains plut\u00f4t que de reconna\u00eetre leur dignit\u00e9.<\/p>\n<p class=\"article-paragraph\">Ce qui est aujourd\u2019hui en jeu n\u2019est pas seulement une question de gestion administrative des fronti\u00e8res. C\u2019est une question de dignit\u00e9 humaine. L\u2019article premier de la D\u00e9claration universelle des droits de l\u2019homme, adopt\u00e9e par l\u2019ONU en 1948, affirme que tous les \u00eatres humains naissent libres et \u00e9gaux en dignit\u00e9 et en droits. L\u2019article\u00a014 reconna\u00eet le droit de chercher asile contre la pers\u00e9cution.<\/p>\n<p class=\"article-paragraph\">Quant \u00e0 la convention internationale sur la protection des droits de tous les travailleurs migrants et des membres de leur famille, adopt\u00e9e par l\u2019ONU en 1990, elle affirme que les personnes migrantes poss\u00e8dent des droits fondamentaux ind\u00e9pendamment de leur statut administratif.<\/p>\n<p>Le risque de miner le droit d\u2019asile<\/p>\n<p class=\"article-paragraph\">Or l\u2019externalisation des expulsions tend pr\u00e9cis\u00e9ment \u00e0 <a href=\"https:\/\/www.la-croix.com\/a-vif\/le-pacte-migratoire-marque-un-recul-de-l-europe-par-rapport-a-ses-propres-valeurs-20260706\" data-tracking=\"inpage_click\" data-tracking-action=\"lire un article\" data-tracking-category=\"recirculation\" rel=\"nofollow noopener\" target=\"_blank\">transformer les migrants en objets<\/a> de n\u00e9gociation diplomatique. Des accords financiers lucratifs, des contreparties \u00e9conomiques ou des avantages politiques deviennent les instruments d\u2019un v\u00e9ritable commerce de l\u2019exil.<\/p>\n<p class=\"article-paragraph\">Le risque est immense\u00a0: cr\u00e9er un syst\u00e8me mondial dans lequel les pays les plus riches d\u00e9l\u00e8guent \u00e0 des \u00c9tats plus pauvres, autoritaires, la prise en charge de populations dont ils ne veulent plus, comme si ces \u00c9tats \u00e9taient un d\u00e9potoir. Cette logique menace de vider progressivement de sa substance le droit d\u2019asile, de banaliser la d\u00e9tention administrative et d\u2019affaiblir les m\u00e9canismes internationaux de protection des droits humains.<\/p>\n<p class=\"article-paragraph\">\u00c0 l\u2019heure o\u00f9 <a href=\"https:\/\/www.la-croix.com\/religion\/immortalite-reve-de-toute-puissance-la-big-tech-a-t-elle-une-spiritualite-cachee-20251121\" data-tracking=\"inpage_click\" data-tracking-action=\"lire un article\" data-tracking-category=\"recirculation\" rel=\"nofollow noopener\" target=\"_blank\">les patrons de la tech et les ultra-riches r\u00eavent de prolonger la vie humaine<\/a> (d\u2019eux et de leurs proches) ind\u00e9finiment gr\u00e2ce aux technologies les plus futuristes, il est choquant de voir comment ces \u00e9lites de l\u2019argent et de la technologie con\u00e7oivent deux poids deux mesures\u00a0: la sant\u00e9, le bien-\u00eatre et la vie augment\u00e9e pour l\u2019\u00e9lite riche et blanche, l\u2019incarc\u00e9ration et l\u2019enfer pour les migrants\u2026 O\u00f9 est l\u2019\u00e9galit\u00e9 de tous les \u00eatres humains\u00a0?<\/p>\n<p>\u00c0 propos des opinions<\/p>\n<p class=\"disclaimer__text\">\n        Ce texte est sign\u00e9 par un <b>auteur invit\u00e9<\/b>. Il exprime son <b>opinion<\/b> et non celle de la r\u00e9daction.<br \/>\n        Notre rubrique \u00c0 vif a pour but de permettre l\u2019expression du <b>pluralisme<\/b> sur des sujets religieux,<br \/>\n        de soci\u00e9t\u00e9 et d\u2019actualit\u00e9, et<br \/>\n        de favoriser le dialogue, selon les crit\u00e8res fix\u00e9s par notre <a href=\"https:\/\/www.la-croix.com\/Debats\/charte-notre-espace-debats-A-vif-2022-04-28-1201212557\" rel=\"nofollow noopener\" target=\"_blank\">charte<br \/>\n            \u00e9ditoriale<\/a>.<br \/>\n        <br \/>Partagez votre opinion en<br \/>\n        commentaire ou en nous \u00e9crivant \u00e0 : <a href=\"https:\/\/www.la-croix.com\/a-vif\/mailto:lecteurs.lacroix@groupebayard.com\" rel=\"nofollow noopener\" target=\"_blank\">lecteurs.lacroix@groupebayard.com<\/a>\n    <\/p>\n","protected":false},"excerpt":{"rendered":"Depuis peu, un ph\u00e9nom\u00e8ne inqui\u00e9tant s\u2019impose dans les politiques migratoires occidentales\u00a0: l\u2019externalisation des expulsions. Des \u00c9tats riches, \u00c9tats-Unis&hellip;\n","protected":false},"author":2,"featured_media":1109008,"comment_status":"","ping_status":"","sticky":false,"template":"","format":"standard","meta":{"footnotes":"","_share_on_mastodon":"0"},"categories":[1586],"tags":[11,1777,674,1779,1011,27,12,25,1778,364],"class_list":["post-1109007","post","type-post","status-publish","format-standard","has-post-thumbnail","category-europe","tag-actualites","tag-eu","tag-europe","tag-european-union","tag-fr","tag-france","tag-news","tag-republique-francaise","tag-ue","tag-union-europeenne"],"share_on_mastodon":{"url":"https:\/\/pubeurope.com\/@fr\/117042013006120716","error":""},"_links":{"self":[{"href":"https:\/\/www.europesays.com\/fr\/wp-json\/wp\/v2\/posts\/1109007","targetHints":{"allow":["GET"]}}],"collection":[{"href":"https:\/\/www.europesays.com\/fr\/wp-json\/wp\/v2\/posts"}],"about":[{"href":"https:\/\/www.europesays.com\/fr\/wp-json\/wp\/v2\/types\/post"}],"author":[{"embeddable":true,"href":"https:\/\/www.europesays.com\/fr\/wp-json\/wp\/v2\/users\/2"}],"replies":[{"embeddable":true,"href":"https:\/\/www.europesays.com\/fr\/wp-json\/wp\/v2\/comments?post=1109007"}],"version-history":[{"count":0,"href":"https:\/\/www.europesays.com\/fr\/wp-json\/wp\/v2\/posts\/1109007\/revisions"}],"wp:featuredmedia":[{"embeddable":true,"href":"https:\/\/www.europesays.com\/fr\/wp-json\/wp\/v2\/media\/1109008"}],"wp:attachment":[{"href":"https:\/\/www.europesays.com\/fr\/wp-json\/wp\/v2\/media?parent=1109007"}],"wp:term":[{"taxonomy":"category","embeddable":true,"href":"https:\/\/www.europesays.com\/fr\/wp-json\/wp\/v2\/categories?post=1109007"},{"taxonomy":"post_tag","embeddable":true,"href":"https:\/\/www.europesays.com\/fr\/wp-json\/wp\/v2\/tags?post=1109007"}],"curies":[{"name":"wp","href":"https:\/\/api.w.org\/{rel}","templated":true}]}}