{"id":1109013,"date":"2026-08-05T08:44:22","date_gmt":"2026-08-05T08:44:22","guid":{"rendered":"https:\/\/www.europesays.com\/fr\/1109013\/"},"modified":"2026-08-05T08:44:22","modified_gmt":"2026-08-05T08:44:22","slug":"marche-gauloise-contre-le-mercosur-il-traverse-la-france-pour-defendre-la-paysannerie-francaise","status":"publish","type":"post","link":"https:\/\/www.europesays.com\/fr\/1109013\/","title":{"rendered":"\u00ab\u00a0Marche gauloise\u00a0\u00bb contre le Mercosur\u00a0: il traverse la France pour d\u00e9fendre la paysannerie fran\u00e7aise"},"content":{"rendered":"<p>\n                                                                Parti de S\u00e8te le 16\u00a0juillet 2026, Charles Salvaing s\u2019est lanc\u00e9 dans une \u00ab\u00a0marche gauloise\u00a0\u00bb jusqu\u2019\u00e0 Bruxelles pour d\u00e9fendre la paysannerie fran\u00e7aise et contre le trait\u00e9 entre l\u2019Union europ\u00e9enne et le Mercosur.\n                            <\/p>\n<p>Avec son chapeau de paille sur la t\u00eate, son b\u00e2ton de p\u00e8lerin en main et un sac \u00e0 dos de 18\u00a0kg, Charles Salvaing, 36 ans, passerait presque inaper\u00e7u au milieu des randonneurs qui font \u00e9tape \u00e0 Florac. D\u2019ailleurs, son itin\u00e9raire suit le chemin de Stevenson jusqu\u2019au Puy-en-Velay.<\/p>\n<p>Des rencontres dans les villages<\/p>\n<p>Ce jeune permaculteur et ol\u00e9iculteur, originaire de B\u00e9ziers, a une mission\u00a0: \u00ab\u00a0Mon but est de faire prendre conscience aux gens des enjeux de ce trait\u00e9 de libre-\u00e9change temporaire, qui devra \u00eatre ratifi\u00e9 ou refus\u00e9 par le parlement europ\u00e9en en mai\u00a02027, car les choses ne sont pas encore pli\u00e9es\u00a0\u00bb.<\/p>\n<p>Une d\u00e9marche militante et politique, pour ce soutien de Jean Lassalle, l\u2019ancien d\u00e9put\u00e9 de la quatri\u00e8me\u00a0circonscription des Pyr\u00e9n\u00e9es-Atlantiques. \u00ab\u00a0J\u2019ai \u00e9t\u00e9 sensible \u00e0 sa po\u00e9sie, et c\u2019est quelqu\u2019un qui incarne le pays r\u00e9el\u00a0\u00bb, explique le trentenaire. Sa d\u00e9marche interpelle. \u00ab\u00a0Je fais des vid\u00e9os o\u00f9 je m\u2019entretiens avec des paysans, des artisans ou des citoyens qui veulent s\u2019exprimer sur le sujet. J\u2019aimerais aussi organiser des rencontres dans les villages\u00a0\u00bb, esp\u00e8re-t-il.<\/p>\n<p>\u00ab\u00a0On peut encore changer les choses\u00a0\u00bb<\/p>\n<p>D\u2019une famille d\u2019ostr\u00e9iculteurs \u00e0 Bouzigues \u00e0 un ancien berger \u00e0 Bassurels, mais aussi \u00e0 la rencontre d\u2019artisans et d\u2019entrepreneurs locaux, Charles Salvaing partage sur les r\u00e9seaux sociaux (1) ses \u00e9changes sur le chemin. Et le jeune homme, qui esp\u00e8re atteindre son objectif dans trois mois, de conclure\u00a0: \u00ab\u00a0La paysannerie, c\u2019est l\u2019\u00e2me de la France. Avec une mobilisation importante, on peut encore changer les choses\u00a0\u00bb.<\/p>\n<p>L\u2019accord de libre-\u00e9change entre l\u2019Union europ\u00e9enne et le Mercosur (Argentine, Br\u00e9sil, Paraguay, Uruguay) sign\u00e9 le 17\u00a0janvier 2026 s\u2019applique \u00ab\u00a0de mani\u00e8re provisoire\u00a0\u00bb\u00a0depuis le 1er\u00a0mai 2026. En cas de ratification, environ 91\u00a0% des droits de douane entre les deux zones \u00e9conomiques seraient supprim\u00e9s. Et des produits agricoles sud-am\u00e9ricains, comme le b\u0153uf et les c\u00e9r\u00e9ales, feraient alors concurrence au march\u00e9 fran\u00e7ais.<\/p>\n<p>1. Ses aventures sont \u00e0 suivre sur Tik Tok, Facebook, Instagram et Youtube <strong>@MarcheGauloise<\/strong><\/p>\n","protected":false},"excerpt":{"rendered":"Parti de S\u00e8te le 16\u00a0juillet 2026, Charles Salvaing s\u2019est lanc\u00e9 dans une \u00ab\u00a0marche gauloise\u00a0\u00bb jusqu\u2019\u00e0 Bruxelles pour d\u00e9fendre&hellip;\n","protected":false},"author":2,"featured_media":1109014,"comment_status":"","ping_status":"","sticky":false,"template":"","format":"standard","meta":{"footnotes":"","_share_on_mastodon":"0"},"categories":[4],"tags":[11,327,33,114001,1011,27,38543,12,25],"class_list":["post-1109013","post","type-post","status-publish","format-standard","has-post-thumbnail","category-france","tag-actualites","tag-agriculture","tag-economie","tag-floractroisrivieres","tag-fr","tag-france","tag-lozere","tag-news","tag-republique-francaise"],"share_on_mastodon":{"url":"https:\/\/pubeurope.com\/@fr\/117042024913349334","error":""},"_links":{"self":[{"href":"https:\/\/www.europesays.com\/fr\/wp-json\/wp\/v2\/posts\/1109013","targetHints":{"allow":["GET"]}}],"collection":[{"href":"https:\/\/www.europesays.com\/fr\/wp-json\/wp\/v2\/posts"}],"about":[{"href":"https:\/\/www.europesays.com\/fr\/wp-json\/wp\/v2\/types\/post"}],"author":[{"embeddable":true,"href":"https:\/\/www.europesays.com\/fr\/wp-json\/wp\/v2\/users\/2"}],"replies":[{"embeddable":true,"href":"https:\/\/www.europesays.com\/fr\/wp-json\/wp\/v2\/comments?post=1109013"}],"version-history":[{"count":0,"href":"https:\/\/www.europesays.com\/fr\/wp-json\/wp\/v2\/posts\/1109013\/revisions"}],"wp:featuredmedia":[{"embeddable":true,"href":"https:\/\/www.europesays.com\/fr\/wp-json\/wp\/v2\/media\/1109014"}],"wp:attachment":[{"href":"https:\/\/www.europesays.com\/fr\/wp-json\/wp\/v2\/media?parent=1109013"}],"wp:term":[{"taxonomy":"category","embeddable":true,"href":"https:\/\/www.europesays.com\/fr\/wp-json\/wp\/v2\/categories?post=1109013"},{"taxonomy":"post_tag","embeddable":true,"href":"https:\/\/www.europesays.com\/fr\/wp-json\/wp\/v2\/tags?post=1109013"}],"curies":[{"name":"wp","href":"https:\/\/api.w.org\/{rel}","templated":true}]}}