{"id":110904,"date":"2025-05-19T04:37:09","date_gmt":"2025-05-19T04:37:09","guid":{"rendered":"https:\/\/www.europesays.com\/fr\/110904\/"},"modified":"2025-05-19T04:37:09","modified_gmt":"2025-05-19T04:37:09","slug":"julianne-moore-eva-longoria-charlotte-gainsbourg-montee-des-marches-glamour-au-festival-de-cannes","status":"publish","type":"post","link":"https:\/\/www.europesays.com\/fr\/110904\/","title":{"rendered":"Julianne Moore, Eva Longoria, Charlotte Gainsbourg\u2026 mont\u00e9e des marches glamour au Festival de Cannes"},"content":{"rendered":"<p>La premi\u00e8re semaine du <a href=\"https:\/\/www.vanityfair.fr\/dossier\/festival-de-cannes\" isautogenerated=\"true\" target=\"_blank\" rel=\"noopener\">Festival de Cannes<\/a> touche \u00e0 sa fin. Dimanche 18 mai, la soir\u00e9e a \u00e9t\u00e9 lanc\u00e9e avec l&rsquo;avant-premi\u00e8re de The Phoenician Scheme, une \u00e9pop\u00e9e d&rsquo;espionnage tout droit sortie des ann\u00e9es 50, r\u00e9alis\u00e9e par <a href=\"https:\/\/www.vanityfair.fr\/dossier\/wes-anderson\" isautogenerated=\"true\" target=\"_blank\" rel=\"noopener\"><strong>Wes Anderson<\/strong><\/a>. Apr\u00e8s Asteroid City, The French Dispatch et Moonrise Kingdom, qui avait fait l&rsquo;ouverture en 2012, le cin\u00e9aste am\u00e9ricain est en lice pour la palme d&rsquo;Or pour la quatri\u00e8me fois de sa carri\u00e8re.<\/p>\n<p>L&rsquo;ensemble du casting s&rsquo;est d\u00e9vers\u00e9 depuis un bus. Puis les t\u00eates d&rsquo;affiche <strong>Benicio<\/strong> <strong>Del<\/strong> <strong>Toro<\/strong> et <strong>Mia Threapleton<\/strong> ont men\u00e9 la traditionnelle arriv\u00e9e sur le tapis rouge sur l&rsquo;air du Carnaval des Animaux de <strong>Saint-Sa\u00ebns<\/strong>. \u00c0 leurs c\u00f4t\u00e9s se trouvaient <strong>Michael Cera<\/strong>, <a href=\"https:\/\/www.vanityfair.fr\/dossier\/bill-murray\" isautogenerated=\"true\" target=\"_blank\" rel=\"noopener\">Bill Murray<\/a> &#8211; visage r\u00e9current des films de Wes Anderson, <a href=\"https:\/\/www.vanityfair.fr\/dossier\/benedict-cumberbatch\" isautogenerated=\"true\" target=\"_blank\" rel=\"noopener\">Benedict Cumberbatch<\/a> ou encore <a href=\"https:\/\/www.vanityfair.fr\/dossier\/charlotte-gainsbourg\" isautogenerated=\"true\" target=\"_blank\" rel=\"noopener\">Charlotte Gainsbourg<\/a> accompagn\u00e9e d&rsquo;<strong>Yvan Attal<\/strong>. Les deux superstars hollywoodiennes <a href=\"https:\/\/www.vanityfair.fr\/dossier\/scarlett-johansson\" isautogenerated=\"true\" target=\"_blank\" rel=\"noopener\">Scarlett Johansson<\/a> et <a href=\"https:\/\/www.vanityfair.fr\/dossier\/tom-hanks\" isautogenerated=\"true\" target=\"_blank\" rel=\"noopener\">Tom Hanks<\/a> manquaient cependant \u00e0 l&rsquo;appel.<\/p>\n<p>Les r\u00e9alisateurs <strong>Costa-Gavras<\/strong> et <strong>Claude Lelouch<\/strong> ont \u00e9galement fait leur apparition aupr\u00e8s de la ministre de la culture, <strong>Rachida Dati.<\/strong> Les membres du jury de cette 78e \u00e9dition du Festival de Cannes, <strong>Halle Berry<\/strong>, <strong>Le\u00efla Slimani<\/strong>, <strong>Alba Rohrwacher<\/strong> ou encore <strong>Jeremy Strong<\/strong>, ont eux aussi gravi les marches tour \u00e0 tour. <a href=\"https:\/\/www.vanityfair.fr\/dossier\/eva-longoria\" isautogenerated=\"true\" target=\"_blank\" rel=\"noopener\">Eva Longoria<\/a> a profit\u00e9 de la soir\u00e9e pour poursuivre son marathon mode cannois, en robe bustier rose p\u00e2le et sandales \u00e0 plateformes. <a href=\"https:\/\/www.vanityfair.fr\/dossier\/julianne-moore\" isautogenerated=\"true\" target=\"_blank\" rel=\"noopener\">Julianne Moore<\/a> et <a href=\"https:\/\/www.vanityfair.fr\/dossier\/carla-bruni\" isautogenerated=\"true\" target=\"_blank\" rel=\"noopener\">Carla Bruni<\/a> avaient sorti leurs robes de soir\u00e9e et Alexander Skarsg\u00e5rd ses cuissardes vernies. <strong>Charlotte Le Bon<\/strong> et sa costar de la s\u00e9rie The White Lotus <strong>Patrick Schwarzenegger<\/strong>, ont \u00e9galement \u00e9t\u00e9 aper\u00e7us, tout comme la japonaise <strong>Mina<\/strong>, chanteuse au sein du groupe sud-cor\u00e9en Twice.<\/p>\n<p>Retrouvez ci-dessous les plus belles images de la mont\u00e9e des marches du 18 mai :<\/p>\n","protected":false},"excerpt":{"rendered":"La premi\u00e8re semaine du Festival de Cannes touche \u00e0 sa fin. Dimanche 18 mai, la soir\u00e9e a \u00e9t\u00e9&hellip;\n","protected":false},"author":2,"featured_media":110905,"comment_status":"","ping_status":"","sticky":false,"template":"","format":"standard","meta":{"footnotes":""},"categories":[1359],"tags":[10498,58,59,6724,5634,1011,27,22965,973],"class_list":{"0":"post-110904","1":"post","2":"type-post","3":"status-publish","4":"format-standard","5":"has-post-thumbnail","7":"category-people","8":"tag-charlotte-gainsbourg","9":"tag-divertissement","10":"tag-entertainment","11":"tag-eva-longoria","12":"tag-festival-de-cannes","13":"tag-fr","14":"tag-france","15":"tag-julianne-moore","16":"tag-people"},"share_on_mastodon":{"url":"https:\/\/pubeurope.com\/@fr\/114532649704398324","error":""},"_links":{"self":[{"href":"https:\/\/www.europesays.com\/fr\/wp-json\/wp\/v2\/posts\/110904","targetHints":{"allow":["GET"]}}],"collection":[{"href":"https:\/\/www.europesays.com\/fr\/wp-json\/wp\/v2\/posts"}],"about":[{"href":"https:\/\/www.europesays.com\/fr\/wp-json\/wp\/v2\/types\/post"}],"author":[{"embeddable":true,"href":"https:\/\/www.europesays.com\/fr\/wp-json\/wp\/v2\/users\/2"}],"replies":[{"embeddable":true,"href":"https:\/\/www.europesays.com\/fr\/wp-json\/wp\/v2\/comments?post=110904"}],"version-history":[{"count":0,"href":"https:\/\/www.europesays.com\/fr\/wp-json\/wp\/v2\/posts\/110904\/revisions"}],"wp:featuredmedia":[{"embeddable":true,"href":"https:\/\/www.europesays.com\/fr\/wp-json\/wp\/v2\/media\/110905"}],"wp:attachment":[{"href":"https:\/\/www.europesays.com\/fr\/wp-json\/wp\/v2\/media?parent=110904"}],"wp:term":[{"taxonomy":"category","embeddable":true,"href":"https:\/\/www.europesays.com\/fr\/wp-json\/wp\/v2\/categories?post=110904"},{"taxonomy":"post_tag","embeddable":true,"href":"https:\/\/www.europesays.com\/fr\/wp-json\/wp\/v2\/tags?post=110904"}],"curies":[{"name":"wp","href":"https:\/\/api.w.org\/{rel}","templated":true}]}}