{"id":110908,"date":"2025-05-19T04:40:10","date_gmt":"2025-05-19T04:40:10","guid":{"rendered":"https:\/\/www.europesays.com\/fr\/110908\/"},"modified":"2025-05-19T04:40:10","modified_gmt":"2025-05-19T04:40:10","slug":"refus-dobtemperer-bruno-retailleau-annonce-sur-tf1-la-poursuite-des-vehicules-en-fuite","status":"publish","type":"post","link":"https:\/\/www.europesays.com\/fr\/110908\/","title":{"rendered":"Refus d&rsquo;obtemp\u00e9rer : Bruno Retailleau annonce sur TF1 la poursuite des v\u00e9hicules en fuite"},"content":{"rendered":"<p>Sur TF1, le nouveau pr\u00e9sident des R\u00e9publicains et ministre de l&rsquo;Int\u00e9rieur a annonc\u00e9 ce dimanche soir qu&rsquo;il allait faire \u00e9voluer les r\u00e8gles d&rsquo;intervention des forces de l&rsquo;ordre en cas de refus d&rsquo;obtemp\u00e9rer.D\u00e9sormais, la poursuite des v\u00e9hicules en fuite sera syst\u00e9matique sur l&rsquo;ensemble du territoire.Bruno Retailleau a adress\u00e9 une instruction aux pr\u00e9fets en ce sens, que TF1 a pu consulter.<\/p>\n<p data-module=\"article-paragraph\" class=\"jsx-362436225 Paragraph Paragraph__End\">\u00ab\u00a0Dans 48 heures, j&rsquo;enverrai \u00e0 toutes nos forces de l&rsquo;ordre une nouvelle instruction qui va leur permettre de poursuivre ces personnes qui (&#8230;) mettent en danger la vie de beaucoup de Fran\u00e7ais\u00a0\u00bb, a d\u00e9clar\u00e9 Bruno Retailleau, ce dimanche au 20H de TF1. Le ministre de l&rsquo;Int\u00e9rieur, <a href=\"https:\/\/www.tf1info.fr\/politique\/bruno-retailleau-tres-largement-elu-president-des-republicains-2371566.html\" target=\"_blank\" rel=\"noopener\">qui vient d&rsquo;\u00eatre \u00e9lu pr\u00e9sident des R\u00e9publicains<\/a>, a d\u00e9cid\u00e9 de durcir la r\u00e8gle en mati\u00e8re d&rsquo;intervention des forces de l&rsquo;ordre lors d&rsquo;un refus d&rsquo;obtemp\u00e9rer. Une d\u00e9cision qui survient deux jours apr\u00e8s qu&rsquo;un gendarme a \u00e9t\u00e9 <a href=\"https:\/\/www.tf1info.fr\/justice-faits-divers\/video-tf1-gendarme-blesse-lors-d-un-rodeo-urbain-pres-de-nancy-ce-que-l-on-sait-2371422.html\" target=\"_blank\" rel=\"noopener\">percut\u00e9 par un motard lors d&rsquo;un rod\u00e9o urbain en Meurthe-et-Moselle.<\/a><\/p>\n<p data-module=\"article-paragraph\" class=\"jsx-362436225 Paragraph Paragraph__End\">Dans une instruction adress\u00e9e aux pr\u00e9fets, que TF1\/LCI a pu consulter, Bruno Retailleau dit souhaiter que chaque refus d&rsquo;obtemp\u00e9rer donne lieu \u00e0 une poursuite du v\u00e9hicule en fuite, ce qui n&rsquo;\u00e9tait pas la r\u00e8gle g\u00e9n\u00e9rale sur la majeure partie du territoire. Cette instruction a pour but \u00ab\u00a0d&rsquo;harmoniser la prise en compte op\u00e9rationnelle de ces infractions sur l&rsquo;ensemble du territoire\u00a0\u00bb, souligne Bruno Retailleau.<\/p>\n<p>Un territoire \u00e0 deux vitesses<\/p>\n<p data-module=\"article-paragraph\" class=\"jsx-362436225 Paragraph Paragraph__End\">En effet, il existait jusqu&rsquo;alors une diff\u00e9rence de r\u00e8gle entre l&rsquo;\u00cele-de-France et le reste du territoire fran\u00e7ais. \u00c0 Paris, depuis quelques ann\u00e9es, les courses-poursuites \u00e9taient autoris\u00e9es. Ailleurs en France, en revanche, elles devaient se concentrer sur \u00ab\u00a0des faits d&rsquo;une grande gravit\u00e9 comme la fuite ou l&rsquo;\u00e9vasion d&rsquo;un individu dangereux, ou encore la traque d&rsquo;un auteur d&rsquo;un crime de sang\u00a0\u00bb, selon la note 89 de la S\u00e9curit\u00e9 Publique.\u00a0<\/p>\n<p data-module=\"article-paragraph\" class=\"jsx-362436225 Paragraph Paragraph__End\">Avec la nouvelle instruction de Bruno Retailleau, l&rsquo;ensemble des forces de l&rsquo;ordre est donc appel\u00e9e \u00e0 appliquer \u00ab\u00a0par principe\u00a0\u00bb la \u00ab\u00a0poursuite des v\u00e9hicules en fuite et refusant d&rsquo;obtemp\u00e9rer aux injonction de s&rsquo;arr\u00eater.\u00a0\u00bb Et ce, \u00ab\u00a0aux fins d&rsquo;interception des v\u00e9hicules et d&rsquo;interpellation des auteurs\u00a0\u00bb.<\/p>\n<ul class=\"jsx-3657663356 ReadMoreArticle__List flex flex-column\">\n<li class=\"jsx-3657663356\"><a href=\"https:\/\/www.tf1info.fr\/justice-faits-divers\/refus-d-obtemperer-une-tres-legere-baisse-constatee-en-2024-en-france-selon-un-rapport-2368101.html\" rel=\"noopener\" class=\"jsx-4233824444 Link flex\" target=\"_blank\"><img decoding=\"async\" src=\"https:\/\/www.europesays.com\/fr\/wp-content\/uploads\/2025\/05\/refus-d-obtemperer-police-controle-a1294f-0@1x.jpeg\" alt=\"Lire aussi\" loading=\"lazy\" importance=\"low\" fetchpriority=\"low\" class=\"\"\/>\n<p class=\"jsx-3657663356 ReadMoreArticle__Title\">Lire aussi<\/p>\n<p class=\"jsx-3657663356\">Refus d&rsquo;obtemp\u00e9rer : une tr\u00e8s l\u00e9g\u00e8re baisse constat\u00e9e en 2024, selon un rapport<\/p>\n<p><\/a><\/li>\n<\/ul>\n<p data-module=\"article-paragraph\" class=\"jsx-362436225 Paragraph\">\u00ab\u00a0Les refus d&rsquo;obtemp\u00e9rer constituent une menace pour l&rsquo;ordre public et un danger pour nos forces de l&rsquo;ordre ainsi que pour les tiers\u00a0\u00bb, justifie Bruno Retailleau dans sa note aux pr\u00e9fets.\u00a0En 2024, les forces de s\u00e9curit\u00e9 ont recens\u00e9 24.900 refus lors de contr\u00f4les routiers, d&rsquo;apr\u00e8s un rapport du service statistique minist\u00e9riel de la s\u00e9curit\u00e9 int\u00e9rieure (SSMSI).<\/p>\n<p data-module=\"article-paragraph\" class=\"jsx-362436225 Paragraph Paragraph__End\">Attention, il n&rsquo;est pas question d&rsquo;aller aussi loin que nos voisins britanniques, souvent cit\u00e9s en exemple pour s&rsquo;attaquer \u00e0 ce probl\u00e8me. Depuis 2017, certains de leurs policiers sont autoris\u00e9s \u00e0 percuter un deux-roues par l&rsquo;arri\u00e8re afin de l&rsquo;arr\u00eater dans sa course ou de faire chuter son conducteur. Mais cette technique dite du \u00ab\u00a0contact tactique\u00a0\u00bb n&rsquo;est en vigueur qu&rsquo;\u00e0 Londres, et a \u00e9t\u00e9 prise \u00e0 l&rsquo;\u00e9poque pour r\u00e9duire les vols \u00e0 l&rsquo;arrach\u00e9e.\u00a0<\/p>\n<p>Isabelle MISSIAEN avec le service politique de TF1 et LCI<\/p>\n","protected":false},"excerpt":{"rendered":"Sur TF1, le nouveau pr\u00e9sident des R\u00e9publicains et ministre de l&rsquo;Int\u00e9rieur a annonc\u00e9 ce dimanche soir qu&rsquo;il allait&hellip;\n","protected":false},"author":2,"featured_media":110909,"comment_status":"","ping_status":"","sticky":false,"template":"","format":"standard","meta":{"footnotes":""},"categories":[1356],"tags":[1111,11,1921,1013,58,59,1011,27,3381,1922,1072,252,1364,133,4530],"class_list":{"0":"post-110908","1":"post","2":"type-post","3":"status-publish","4":"format-standard","5":"has-post-thumbnail","7":"category-television","8":"tag-actu","9":"tag-actualites","10":"tag-article-video","11":"tag-bruno-retailleau","12":"tag-divertissement","13":"tag-entertainment","14":"tag-fr","15":"tag-france","16":"tag-gendarmerie","17":"tag-info","18":"tag-police","19":"tag-television","20":"tag-tv","21":"tag-video","22":"tag-video-politique"},"share_on_mastodon":{"url":"https:\/\/pubeurope.com\/@fr\/114532661628459768","error":""},"_links":{"self":[{"href":"https:\/\/www.europesays.com\/fr\/wp-json\/wp\/v2\/posts\/110908","targetHints":{"allow":["GET"]}}],"collection":[{"href":"https:\/\/www.europesays.com\/fr\/wp-json\/wp\/v2\/posts"}],"about":[{"href":"https:\/\/www.europesays.com\/fr\/wp-json\/wp\/v2\/types\/post"}],"author":[{"embeddable":true,"href":"https:\/\/www.europesays.com\/fr\/wp-json\/wp\/v2\/users\/2"}],"replies":[{"embeddable":true,"href":"https:\/\/www.europesays.com\/fr\/wp-json\/wp\/v2\/comments?post=110908"}],"version-history":[{"count":0,"href":"https:\/\/www.europesays.com\/fr\/wp-json\/wp\/v2\/posts\/110908\/revisions"}],"wp:featuredmedia":[{"embeddable":true,"href":"https:\/\/www.europesays.com\/fr\/wp-json\/wp\/v2\/media\/110909"}],"wp:attachment":[{"href":"https:\/\/www.europesays.com\/fr\/wp-json\/wp\/v2\/media?parent=110908"}],"wp:term":[{"taxonomy":"category","embeddable":true,"href":"https:\/\/www.europesays.com\/fr\/wp-json\/wp\/v2\/categories?post=110908"},{"taxonomy":"post_tag","embeddable":true,"href":"https:\/\/www.europesays.com\/fr\/wp-json\/wp\/v2\/tags?post=110908"}],"curies":[{"name":"wp","href":"https:\/\/api.w.org\/{rel}","templated":true}]}}