{"id":1109111,"date":"2026-08-05T09:49:14","date_gmt":"2026-08-05T09:49:14","guid":{"rendered":"https:\/\/www.europesays.com\/fr\/1109111\/"},"modified":"2026-08-05T09:49:14","modified_gmt":"2026-08-05T09:49:14","slug":"le-paris-fc-devoile-son-maillot-domicile-2026-27","status":"publish","type":"post","link":"https:\/\/www.europesays.com\/fr\/1109111\/","title":{"rendered":"Le Paris FC d\u00e9voile son maillot domicile 2026-27"},"content":{"rendered":"<p>Le <a href=\"https:\/\/www.footmercato.net\/club\/paris-fc\/\" rel=\"nofollow noopener\" target=\"_blank\">Paris FC<\/a> et adidas ont pr\u00e9sent\u00e9 le nouveau maillot domicile pour la saison 2026-2027. Fid\u00e8le au bleu marine historique du club, cette tunique rend hommage aux origines de la capitale \u00e0 travers plusieurs symboles forts, notamment la Seine, le bateau figurant sur le blason de Paris et la devise \u00ab Fluctuat Nec Mergitur \u00bb, inscrite \u00e0 l\u2019arri\u00e8re du col. Les motifs ondul\u00e9s pr\u00e9sents sur le col, les manches et le short \u00e9voquent quant \u00e0 eux les courbes du fleuve et l\u2019h\u00e9ritage des marchands qui ont fa\u00e7onn\u00e9 la ville.<\/p>\n<p>            La suite apr\u00e8s cette publicit\u00e9<\/p>\n<p>        <img loading=\"lazy\" decoding=\"async\" src=\"data:image\/svg+xml,%3Csvg%20xmlns=\" http:=\"\" data-src=\"https:\/\/www.europesays.com\/fr\/wp-content\/uploads\/2026\/08\/immobile-solo4.jpg\" alt=\"defaultAltAttribute\" width=\"640\" height=\"800\"\/><\/p>\n<p>        <img loading=\"lazy\" decoding=\"async\" src=\"data:image\/svg+xml,%3Csvg%20xmlns=\" http:=\"\" data-src=\"https:\/\/www.europesays.com\/fr\/wp-content\/uploads\/2026\/08\/ho8c8ztxsaas06d.jpg\" alt=\"defaultAltAttribute\" width=\"640\" height=\"800\"\/><\/p>\n<p>Pour accompagner ce lancement, le Paris FC a confi\u00e9 sa campagne de pr\u00e9sentation au photographe Fifou. R\u00e9alis\u00e9s dans un d\u00e9cor inspir\u00e9 des quais de Seine, les visuels mettent en avant un Paris authentique et populaire, en coh\u00e9rence avec l\u2019identit\u00e9 que le club souhaite incarner \u00e0 travers ce nouveau maillot, pens\u00e9 comme un hommage \u00e0 son histoire et \u00e0 ses racines.<\/p>\n<p><a href=\"https:\/\/www.foot.fr\/recherche?s=paris%20fc&amp;alQueryID=342949d05a552019ee28079299d28bb4\" rel=\"nofollow noopener\" target=\"_blank\">Les nouveaux maillots domicile ext\u00e9rieur 2026-27 du Paris FC bient\u00f4t disponibles \u00e0 la vente sur FOOT.FR.<\/a><\/p>\n<p>\n    Pub. le 05\/08\/2026 11:41<br \/>\n            &#8211; MAJ le 05\/08\/2026 11:42\n    <\/p>\n","protected":false},"excerpt":{"rendered":"Le Paris FC et adidas ont pr\u00e9sent\u00e9 le nouveau maillot domicile pour la saison 2026-2027. Fid\u00e8le au bleu&hellip;\n","protected":false},"author":2,"featured_media":1109112,"comment_status":"","ping_status":"","sticky":false,"template":"","format":"standard","meta":{"footnotes":"","_share_on_mastodon":"0"},"categories":[1888],"tags":[11,1777,674,1011,27,12,626,25],"class_list":["post-1109111","post","type-post","status-publish","format-standard","has-post-thumbnail","category-paris","tag-actualites","tag-eu","tag-europe","tag-fr","tag-france","tag-news","tag-paris","tag-republique-francaise"],"share_on_mastodon":{"url":"https:\/\/pubeurope.com\/@fr\/117042280972576434","error":""},"_links":{"self":[{"href":"https:\/\/www.europesays.com\/fr\/wp-json\/wp\/v2\/posts\/1109111","targetHints":{"allow":["GET"]}}],"collection":[{"href":"https:\/\/www.europesays.com\/fr\/wp-json\/wp\/v2\/posts"}],"about":[{"href":"https:\/\/www.europesays.com\/fr\/wp-json\/wp\/v2\/types\/post"}],"author":[{"embeddable":true,"href":"https:\/\/www.europesays.com\/fr\/wp-json\/wp\/v2\/users\/2"}],"replies":[{"embeddable":true,"href":"https:\/\/www.europesays.com\/fr\/wp-json\/wp\/v2\/comments?post=1109111"}],"version-history":[{"count":0,"href":"https:\/\/www.europesays.com\/fr\/wp-json\/wp\/v2\/posts\/1109111\/revisions"}],"wp:featuredmedia":[{"embeddable":true,"href":"https:\/\/www.europesays.com\/fr\/wp-json\/wp\/v2\/media\/1109112"}],"wp:attachment":[{"href":"https:\/\/www.europesays.com\/fr\/wp-json\/wp\/v2\/media?parent=1109111"}],"wp:term":[{"taxonomy":"category","embeddable":true,"href":"https:\/\/www.europesays.com\/fr\/wp-json\/wp\/v2\/categories?post=1109111"},{"taxonomy":"post_tag","embeddable":true,"href":"https:\/\/www.europesays.com\/fr\/wp-json\/wp\/v2\/tags?post=1109111"}],"curies":[{"name":"wp","href":"https:\/\/api.w.org\/{rel}","templated":true}]}}