{"id":1109123,"date":"2026-08-05T09:55:22","date_gmt":"2026-08-05T09:55:22","guid":{"rendered":"https:\/\/www.europesays.com\/fr\/1109123\/"},"modified":"2026-08-05T09:55:22","modified_gmt":"2026-08-05T09:55:22","slug":"pourquoi-la-psytrance-attire-un-nouveau-public-en-europe-en-bref","status":"publish","type":"post","link":"https:\/\/www.europesays.com\/fr\/1109123\/","title":{"rendered":"Pourquoi la psytrance attire un nouveau public en Europe &#8211; En bref"},"content":{"rendered":"<p>Cette dynamique s&rsquo;observe d&rsquo;abord du c\u00f4t\u00e9 des festivals. Des rendez-vous comme <a href=\"https:\/\/2026.ozorafestival.eu\/news\/a-circle-closed-a-spiral-spins-the-journey-ends-a-new-begins\/\" rel=\"nofollow noopener\" target=\"_blank\">Ozora<\/a> en Hongrie, <a href=\"https:\/\/www.boomfestival.org\/2027\" rel=\"nofollow noopener\" target=\"_blank\">Boom Festival<\/a> au Portugal, <a href=\"https:\/\/hadratrancefestival.net\/\" rel=\"nofollow noopener\" target=\"_blank\">Hadra Trance Festival<\/a> en France, <a href=\"https:\/\/www.ownspiritfestival.org\/\" rel=\"nofollow noopener\" target=\"_blank\">Own Spirit<\/a> en Espagne ou <a href=\"https:\/\/antaris-project.de\/\" rel=\"nofollow noopener\" target=\"_blank\">Antaris Project<\/a> en Allemagne continuent de rassembler des dizaines de milliers de festivaliers chaque \u00e9t\u00e9. \u00c0 leurs c\u00f4t\u00e9s, une nouvelle g\u00e9n\u00e9ration de festivals plus modestes, souvent port\u00e9s par des collectifs ind\u00e9pendants, contribue \u00e0 renouveler la sc\u00e8ne en proposant des formats plus intimistes et une programmation qui d\u00e9passe la seule psytrance.<\/p>\n<p>Contrairement \u00e0 d&rsquo;autres courants \u00e9lectroniques davantage centr\u00e9s sur les t\u00eates d&rsquo;affiche, la psytrance continue de mettre l&rsquo;accent sur l&rsquo;exp\u00e9rience globale. Les d\u00e9cors, les installations artistiques, les performances, les ateliers ou encore l&rsquo;environnement naturel font partie int\u00e9grante du festival. Beaucoup de ces \u00e9v\u00e9nements se vivent comme des espaces de vie temporaires, o\u00f9 la musique n&rsquo;est qu&rsquo;un \u00e9l\u00e9ment d&rsquo;un projet culturel plus large.<\/p>\n<p>Cette approche s\u00e9duit une partie d&rsquo;une nouvelle g\u00e9n\u00e9ration de ravers en qu\u00eate d&rsquo;exp\u00e9riences diff\u00e9rentes. Face \u00e0 la standardisation de certains grands festivals \u00e9lectroniques, les \u00e9v\u00e9nements psytrance offrent souvent des jauges plus humaines, une forte implication des b\u00e9n\u00e9voles et une identit\u00e9 visuelle tr\u00e8s marqu\u00e9e. Le sentiment de communaut\u00e9 y reste particuli\u00e8rement pr\u00e9sent, port\u00e9 par des collectifs qui organisent \u00e9galement des open airs et des soir\u00e9es tout au long de l&rsquo;ann\u00e9e.<\/p>\n<p>L&rsquo;\u00e9volution musicale joue \u00e9galement un r\u00f4le. Depuis quelques ann\u00e9es, les fronti\u00e8res entre les genres deviennent de plus en plus poreuses. Certains artistes techno explorent des textures psych\u00e9d\u00e9liques, des rythmiques plus tribales ou des mont\u00e9es inspir\u00e9es de la psytrance, tandis que plusieurs producteurs issus de la sc\u00e8ne trance int\u00e8grent des influences hard groove, progressive ou acid. Sans brouiller totalement les identit\u00e9s, ces passerelles rendent la psytrance plus accessible \u00e0 un public qui ne la fr\u00e9quentait pas forc\u00e9ment auparavant.<\/p>\n<p>Les r\u00e9seaux sociaux ont \u00e9galement chang\u00e9 la donne. L\u00e0 o\u00f9 la sc\u00e8ne s&rsquo;est longtemps d\u00e9velopp\u00e9e par le bouche-\u00e0-oreille, les festivals et les collectifs disposent aujourd&rsquo;hui d&rsquo;une visibilit\u00e9 internationale. Des vid\u00e9os d&rsquo;installations monumentales, de dancefloors en pleine for\u00eat ou de sc\u00e9nographies immersives circulent largement sur Instagram ou TikTok, suscitant la curiosit\u00e9 bien au-del\u00e0 du cercle des initi\u00e9s.<\/p>\n<p>Pour autant, la sc\u00e8ne reste attach\u00e9e \u00e0 une certaine ind\u00e9pendance. Beaucoup de festivals fonctionnent encore gr\u00e2ce \u00e0 des associations, des b\u00e9n\u00e9voles ou des collectifs qui privil\u00e9gient une identit\u00e9 artistique forte plut\u00f4t qu&rsquo;une logique commerciale. C&rsquo;est peut-\u00eatre ce qui explique leur capacit\u00e9 \u00e0 fid\u00e9liser un public dans un paysage festivalier de plus en plus concurrentiel.<\/p>\n<p>La psytrance ne cherche sans doute plus \u00e0 devenir un courant dominant. Mais en continuant \u00e0 d\u00e9fendre une approche o\u00f9 le lieu, la communaut\u00e9 et l&rsquo;exp\u00e9rience comptent autant que la programmation, elle rappelle qu&rsquo;une autre mani\u00e8re de vivre les festivals \u00e9lectroniques existe encore. Et c&rsquo;est peut-\u00eatre pr\u00e9cis\u00e9ment ce qui explique pourquoi elle attire aujourd&rsquo;hui un public bien plus large que celui des seuls initi\u00e9s.<\/p>\n","protected":false},"excerpt":{"rendered":"Cette dynamique s&rsquo;observe d&rsquo;abord du c\u00f4t\u00e9 des festivals. Des rendez-vous comme Ozora en Hongrie, Boom Festival au Portugal,&hellip;\n","protected":false},"author":2,"featured_media":1109124,"comment_status":"","ping_status":"","sticky":false,"template":"","format":"standard","meta":{"footnotes":"","_share_on_mastodon":"0"},"categories":[1586],"tags":[11,1777,674,1011,27,12,25],"class_list":["post-1109123","post","type-post","status-publish","format-standard","has-post-thumbnail","category-europe","tag-actualites","tag-eu","tag-europe","tag-fr","tag-france","tag-news","tag-republique-francaise"],"share_on_mastodon":{"url":"https:\/\/pubeurope.com\/@fr\/117042303945482360","error":""},"_links":{"self":[{"href":"https:\/\/www.europesays.com\/fr\/wp-json\/wp\/v2\/posts\/1109123","targetHints":{"allow":["GET"]}}],"collection":[{"href":"https:\/\/www.europesays.com\/fr\/wp-json\/wp\/v2\/posts"}],"about":[{"href":"https:\/\/www.europesays.com\/fr\/wp-json\/wp\/v2\/types\/post"}],"author":[{"embeddable":true,"href":"https:\/\/www.europesays.com\/fr\/wp-json\/wp\/v2\/users\/2"}],"replies":[{"embeddable":true,"href":"https:\/\/www.europesays.com\/fr\/wp-json\/wp\/v2\/comments?post=1109123"}],"version-history":[{"count":0,"href":"https:\/\/www.europesays.com\/fr\/wp-json\/wp\/v2\/posts\/1109123\/revisions"}],"wp:featuredmedia":[{"embeddable":true,"href":"https:\/\/www.europesays.com\/fr\/wp-json\/wp\/v2\/media\/1109124"}],"wp:attachment":[{"href":"https:\/\/www.europesays.com\/fr\/wp-json\/wp\/v2\/media?parent=1109123"}],"wp:term":[{"taxonomy":"category","embeddable":true,"href":"https:\/\/www.europesays.com\/fr\/wp-json\/wp\/v2\/categories?post=1109123"},{"taxonomy":"post_tag","embeddable":true,"href":"https:\/\/www.europesays.com\/fr\/wp-json\/wp\/v2\/tags?post=1109123"}],"curies":[{"name":"wp","href":"https:\/\/api.w.org\/{rel}","templated":true}]}}