{"id":1109127,"date":"2026-08-05T09:57:16","date_gmt":"2026-08-05T09:57:16","guid":{"rendered":"https:\/\/www.europesays.com\/fr\/1109127\/"},"modified":"2026-08-05T09:57:16","modified_gmt":"2026-08-05T09:57:16","slug":"jai-perdu-espoir-de-retrouver-ma-fille-en-vie-lappel-de-la-mere-de-manon-relandeau-a-emmanuel-macron-pour-faire-avancer-la-cooperation-avec-la","status":"publish","type":"post","link":"https:\/\/www.europesays.com\/fr\/1109127\/","title":{"rendered":"\u00ab\u00a0J\u2019ai perdu espoir de retrouver ma fille en vie\u00a0\u00bb\u00a0: l\u2019appel de la m\u00e8re de Manon Relandeau \u00e0 Emmanuel Macron pour faire avancer la coop\u00e9ration avec l\u2019Alg\u00e9rie"},"content":{"rendered":"<p>\n    <strong>EXCLUSIF<\/strong> &#8211; Plus de quatre mois apr\u00e8s la disparition de l\u2019\u00e9leveuse de Loire-Atlantique, son mari, principal suspect, est d\u00e9tenu en Alg\u00e9rie, sans que les enqu\u00eateurs fran\u00e7ais ne puissent l\u2019interroger.<\/p>\n<p class=\"fig-paragraph\">Un cri du c\u0153ur doubl\u00e9 d\u2019un appel solennel. Plus de quatre mois apr\u00e8s\u00a0<a href=\"http:\/\/www.lefigaro.fr\/nantes\/elle-etait-joviale-et-petillante-saint-etienne-de-montluc-sous-le-choc-apres-la-disparition-de-manon-et-de-son-bebe-20260421\" target=\"_blank\" data-fig-type=\"NewsFlash\" rel=\"noopener nofollow\" data-gtm-custom-categorie=\"navigation\" data-gtm-custom-action=\"crossclick\" data-gtm-custom-label=\"Contextuel\" data-gtm-event=\"customEventSPE\" data-fig-domain=\"LEFIGARO\">la disparition de Manon Relandeau<\/a>, sa m\u00e8re, Nathalie Rousseau, prend la parole dans l\u2019espoir de faire sauter les obstacles qui entravent le travail de la justice. Aper\u00e7ue pour la derni\u00e8re fois le 27 mars, \u00e0 son domicile de Saint-\u00c9tienne-de-Montluc, pr\u00e8s de Nantes, l\u2019\u00e9leveuse de 31 ans est au c\u0153ur\u00a0<a href=\"http:\/\/www.lefigaro.fr\/nantes\/une-enquete-ouverte-pour-meurtre-apres-la-disparition-d-une-femme-son-conjoint-parti-en-algerie-avec-leur-fille-20260420\" target=\"_blank\" data-fig-type=\"NewsFlash\" rel=\"noopener nofollow\" data-gtm-custom-categorie=\"navigation\" data-gtm-custom-action=\"crossclick\" data-gtm-custom-label=\"Contextuel\" data-gtm-event=\"customEventSPE\" data-fig-domain=\"LEFIGARO\">d\u2019une enqu\u00eate ouverte le 7 avril pour meurtre et enl\u00e8vement d\u2019enfant<\/a>. Le suspect principal et \u00e9poux de l\u2019agricultrice, Karim Boukhari, a \u00e9t\u00e9 interpell\u00e9 fin avril en Alg\u00e9rie, o\u00f9 il avait pris la fuite avec Inaya, la fille du couple, alors \u00e2g\u00e9e de 15 mois. Aujourd\u2019hui, les enqu\u00eateurs fran\u00e7ais n\u2019ont toujours pas acc\u00e8s \u00e0 cet individu cl\u00e9 du dossier, le plus \u00e0 m\u00eame de d\u00e9tenir la v\u00e9rit\u00e9 sur ce qu\u2019il est advenu de Manon Relandeau. Une incertitude qui broie sa famille.<\/p>\n<p class=\"fig-paragraph\">\u00abJe supplie monsieur\u00a0<a href=\"http:\/\/www.lefigaro.fr\/politique\/il-deteste-qu-on-parle-des-dernieres-fois-le-14-juillet-debut-du-clap-de-fin-pour-emmanuel-macron-20260713\" target=\"_blank\" data-fig-type=\"Article\" rel=\"noopener nofollow\" data-gtm-custom-categorie=\"navigation\" data-gtm-custom-action=\"crossclick\" data-gtm-custom-label=\"Contextuel\" data-gtm-event=\"customEventSPE\" data-fig-domain=\"LEFIGARO\">le pr\u00e9sident de la R\u00e9publique<\/a> \u00a0de m\u2019aider \u00e0 faire avancer le dossier relatif \u00e0 la disparition de ma fille Manon aupr\u00e8s des autorit\u00e9s alg\u00e9riennes\u00bb, fait\u2026<\/p>\n<p class=\"fig-premium-paywall__infos\">\n        Cet article est r\u00e9serv\u00e9 aux abonn\u00e9s.        Il vous reste 77% \u00e0 d\u00e9couvrir.\n    <\/p>\n<p>                <img  data- alt=\"Le Figaro\" class=\"fig-img--complete fig-img\"\/><\/p>\n<p class=\"fig-premium-paywall__title\">Vous avez envie de lire la suite ?<\/p>\n<p class=\"fig-premium-paywall__subtitle\">D\u00e9bloquez tous les articles imm\u00e9diatement.<\/p>\n<p class=\"fig-premium-paywall__connect\">\n                D\u00e9j\u00e0 abonn\u00e9\u00a0?                <a class=\"fig-premium-paywall__connect-link\" href=\"https:\/\/connect.lefigaro.fr\/login?client=horizon_web&amp;type=main&amp;redirect_uri=https%3A%2F%2Fwww.lefigaro.fr%2Fnantes%2Fj-ai-perdu-espoir-de-retrouver-ma-fille-en-vie-l-appel-de-la-mere-de-manon-relandeau-a-emmanuel-macron-pour-faire-avancer-la-cooperation-avec-l-algerie-20260805\" data-js-gtm=\"{&quot;event&quot;:&quot;customEventGA4&quot;,&quot;eventName&quot;:&quot;click_action&quot;,&quot;feature&quot;:&quot;paywall&quot;,&quot;location&quot;:&quot;paywall&quot;,&quot;button_action&quot;:&quot;connect&quot;,&quot;click_text&quot;:&quot;Connectez-vous&quot;}\" rel=\"nofollow noopener\" target=\"_blank\"><br \/>\n                    Connectez-vous<br \/>\n                <\/a>\n            <\/p>\n","protected":false},"excerpt":{"rendered":"EXCLUSIF &#8211; Plus de quatre mois apr\u00e8s la disparition de l\u2019\u00e9leveuse de Loire-Atlantique, son mari, principal suspect, est&hellip;\n","protected":false},"author":2,"featured_media":1109128,"comment_status":"","ping_status":"","sticky":false,"template":"","format":"standard","meta":{"footnotes":"","_share_on_mastodon":"0"},"categories":[2],"tags":[11,2715,1011,27,12,25],"class_list":["post-1109127","post","type-post","status-publish","format-standard","has-post-thumbnail","category-actualites","tag-actualites","tag-disparition","tag-fr","tag-france","tag-news","tag-republique-francaise"],"share_on_mastodon":{"url":"https:\/\/pubeurope.com\/@fr\/117042311918524068","error":""},"_links":{"self":[{"href":"https:\/\/www.europesays.com\/fr\/wp-json\/wp\/v2\/posts\/1109127","targetHints":{"allow":["GET"]}}],"collection":[{"href":"https:\/\/www.europesays.com\/fr\/wp-json\/wp\/v2\/posts"}],"about":[{"href":"https:\/\/www.europesays.com\/fr\/wp-json\/wp\/v2\/types\/post"}],"author":[{"embeddable":true,"href":"https:\/\/www.europesays.com\/fr\/wp-json\/wp\/v2\/users\/2"}],"replies":[{"embeddable":true,"href":"https:\/\/www.europesays.com\/fr\/wp-json\/wp\/v2\/comments?post=1109127"}],"version-history":[{"count":0,"href":"https:\/\/www.europesays.com\/fr\/wp-json\/wp\/v2\/posts\/1109127\/revisions"}],"wp:featuredmedia":[{"embeddable":true,"href":"https:\/\/www.europesays.com\/fr\/wp-json\/wp\/v2\/media\/1109128"}],"wp:attachment":[{"href":"https:\/\/www.europesays.com\/fr\/wp-json\/wp\/v2\/media?parent=1109127"}],"wp:term":[{"taxonomy":"category","embeddable":true,"href":"https:\/\/www.europesays.com\/fr\/wp-json\/wp\/v2\/categories?post=1109127"},{"taxonomy":"post_tag","embeddable":true,"href":"https:\/\/www.europesays.com\/fr\/wp-json\/wp\/v2\/tags?post=1109127"}],"curies":[{"name":"wp","href":"https:\/\/api.w.org\/{rel}","templated":true}]}}