{"id":1109131,"date":"2026-08-05T09:59:27","date_gmt":"2026-08-05T09:59:27","guid":{"rendered":"https:\/\/www.europesays.com\/fr\/1109131\/"},"modified":"2026-08-05T09:59:27","modified_gmt":"2026-08-05T09:59:27","slug":"retour-de-la-chaleur-ce-week-end-se-dirige-t-on-vers-une-cinquieme-vague-de-chaleur-en-france","status":"publish","type":"post","link":"https:\/\/www.europesays.com\/fr\/1109131\/","title":{"rendered":"Retour de la chaleur ce week-end : se dirige-t-on vers une cinqui\u00e8me vague de chaleur en France ?"},"content":{"rendered":"<p><strong>Un court r\u00e9pit de 48 heures entre jeudi et vendredi<\/strong><\/p>\n<p>Ce mercredi, de l&rsquo;air plus oc\u00e9anique en flux d&rsquo;ouest arrive en France, avec une baisse des temp\u00e9ratures sur les 3\/4 du pays. Elles vont rejoindre les normales de saison jusqu&rsquo;\u00e0 vendredi, surtout au nord et \u00e0 l&rsquo;ouest. Au sud-est, les tr\u00e8s fortes chaleurs restent d&rsquo;actualit\u00e9 avec une<a target=\"_blank\" rel=\"noopener noreferrer nofollow\" href=\"https:\/\/actualite.lachainemeteo.com\/actualite-meteo\/2026-08-03\/vague-de-chaleur-bientot-la-fin-91026\"> chaleur durable sur le pourtour m\u00e9diterran\u00e9en<\/a> : pas de r\u00e9pit en Provence, Languedoc-Roussillon et en Corse.<\/p>\n<p>\n            <img loading=\"lazy\" decoding=\"async\" class=\"lazyload js-lightbox-media\" bad-src=\"data:image\/png;base64,R0lGODlhAQABAAD\/ACwAAAAAAQABAAACADs=\" src=\"https:\/\/static1.mclcm.net\/iod\/images\/v2\/69\/photo\/463285\/658x370_80_300_000000x30x0.jpg?ts=20260804172427\"  data-lightbox-src=\"https:\/\/www.europesays.com\/fr\/wp-content\/uploads\/2026\/08\/1785923960_149_2000x1126_80_300_000000x30x0.jpg\"  width=\"658\" height=\"370\"\/><br \/>\n                Vers un r\u00e9pit temporaire au nord avec l&rsquo;arriv\u00e9e d&rsquo;une masse d&rsquo;air plus fra\u00eeche en flux d&rsquo;ouest \u00a9 La Cha\u00eene M\u00e9t\u00e9o \/ M\u00e9t\u00e9o Consult<\/p>\n<p>Mais rapidement, une nouvelle hausse des temp\u00e9ratures se profile d\u00e9j\u00e0 sur la France. D\u00e8s samedi, les fortes chaleurs devraient regagner la majeure partie du pays sous l&rsquo;effet d&rsquo;une remont\u00e9e rapide d&rsquo;une masse d&rsquo;air tr\u00e8s chaud en provenance de la p\u00e9ninsule ib\u00e9rique et d&rsquo;Afrique du Nord, v\u00e9hicul\u00e9e par un flux de sud \u00e0 sud-ouest.<\/p>\n<p>\n            <img loading=\"lazy\" decoding=\"async\" class=\"lazyload js-lightbox-media\" bad-src=\"data:image\/png;base64,R0lGODlhAQABAAD\/ACwAAAAAAQABAAACADs=\" src=\"https:\/\/static1.mclcm.net\/iod\/images\/v2\/69\/photo\/463283\/658x370_80_300_000000x30x0.jpg?ts=20260804172149\"  data-lightbox-src=\"https:\/\/www.europesays.com\/fr\/wp-content\/uploads\/2026\/08\/1785923963_210_2000x1126_80_300_000000x30x0.jpg\"  width=\"658\" height=\"370\"\/><br \/>\n                Une masse d&rsquo;air plus chaude revient en France \u00a9 La Cha\u00eene M\u00e9t\u00e9o \/ M\u00e9t\u00e9o Consult<\/p>\n<p><strong>Retour de fortes chaleurs et poursuite d&rsquo;un temps durablement sec en France<\/strong><\/p>\n<p>Cette \u00e9volution est li\u00e9e au retour de l&rsquo;anticyclone sur le nord de l&rsquo;Europe. Les perturbations atlantiques seront repouss\u00e9es vers les \u00eeles Britanniques et la Scandinavie, alors que le temps restera durablement sec en France. <\/p>\n<p>C\u00f4t\u00e9 temp\u00e9ratures, elles repartiront nettement \u00e0 la hausse d\u00e8s le week-end, avec 30 \u00e0 35\u00b0C sur une grande partie du territoire et plus de 35\u00b0C dans le sud, avant une possible accentuation de la chaleur en d\u00e9but de semaine prochaine.<\/p>\n<p>\n            <img loading=\"lazy\" decoding=\"async\" class=\"lazyload js-lightbox-media\" bad-src=\"data:image\/png;base64,R0lGODlhAQABAAD\/ACwAAAAAAQABAAACADs=\" src=\"https:\/\/static1.mclcm.net\/iod\/images\/v2\/69\/photo\/463282\/658x370_80_300_000000x30x0.jpg?ts=20260804172100\"  data-lightbox-src=\"https:\/\/www.europesays.com\/fr\/wp-content\/uploads\/2026\/08\/1785923965_50_2000x1126_80_300_000000x30x0.jpg\"  width=\"658\" height=\"370\"\/><br \/>\n                Hausse des temp\u00e9ratures pour le week-end \u00a9 La Cha\u00eene M\u00e9t\u00e9o \/ M\u00e9t\u00e9o Consult<\/p>\n<p><strong>Peut-on parler d&rsquo;une nouvelle vague de chaleur ?<\/strong><\/p>\n<p>\u00c0 moyen terme, les mod\u00e8les convergent vers la poursuite d&rsquo;un temps majoritairement chaud et sec, notamment pour la semaine prochaine. N\u00e9anmoins, l&rsquo;intensit\u00e9 exacte de la chaleur sur le pays reste \u00e0 pr\u00e9ciser, m\u00eame si plusieurs sc\u00e9narios envisagent la mise en place d&rsquo;une cinqui\u00e8me vague de chaleur. <\/p>\n<p>\n            <img loading=\"lazy\" decoding=\"async\" class=\"lazyload js-lightbox-media\" bad-src=\"data:image\/png;base64,R0lGODlhAQABAAD\/ACwAAAAAAQABAAACADs=\" src=\"https:\/\/static1.mclcm.net\/iod\/images\/v2\/69\/photo\/463281\/658x370_80_300_000000x30x0.jpg?ts=20260804171854\"  data-lightbox-src=\"https:\/\/www.europesays.com\/fr\/wp-content\/uploads\/2026\/08\/1785923967_59_2000x1126_80_300_000000x30x0.jpg\"  width=\"658\" height=\"370\"\/><br \/>\n                Vers le retour de fortes chaleurs la semaine prochaine \u00a9 La Cha\u00eene M\u00e9t\u00e9o \/ M\u00e9t\u00e9o Consult<\/p>\n<p>Les temp\u00e9ratures resteraient \u00e9lev\u00e9es durant une bonne partie de la semaine, avec entre 30 et 35\u00b0C au nord comme au sud. Dans certaines r\u00e9gions, les temp\u00e9ratures resteraient durablement sup\u00e9rieures aux normales, localement 8 \u00e0 10\u00b0C au-dessus des normales de saison, et, bien que quelques orages pourraient \u00e9clater, les pluies significatives devraient rester rares. Cette configuration continuerait d&rsquo;aggraver <a target=\"_blank\" rel=\"noopener noreferrer nofollow\" href=\"https:\/\/actualite.lachainemeteo.com\/actualite-meteo\/2026-08-03\/secheresse-historique-pourquoi-la-situation-va-encore-s-aggraver-jusqu-a-la-mi-aout-91007\">la s\u00e9cheresse des sols<\/a> et de maintenir un risque \u00e9lev\u00e9 d&rsquo;incendies sur une grande partie du territoire.<\/p>\n","protected":false},"excerpt":{"rendered":"Un court r\u00e9pit de 48 heures entre jeudi et vendredi Ce mercredi, de l&rsquo;air plus oc\u00e9anique en flux&hellip;\n","protected":false},"author":2,"featured_media":1109132,"comment_status":"","ping_status":"","sticky":false,"template":"","format":"standard","meta":{"footnotes":"","_share_on_mastodon":"0"},"categories":[4],"tags":[11,1011,27,12,25],"class_list":["post-1109131","post","type-post","status-publish","format-standard","has-post-thumbnail","category-france","tag-actualites","tag-fr","tag-france","tag-news","tag-republique-francaise"],"share_on_mastodon":{"url":"https:\/\/pubeurope.com\/@fr\/117042322534818498","error":""},"_links":{"self":[{"href":"https:\/\/www.europesays.com\/fr\/wp-json\/wp\/v2\/posts\/1109131","targetHints":{"allow":["GET"]}}],"collection":[{"href":"https:\/\/www.europesays.com\/fr\/wp-json\/wp\/v2\/posts"}],"about":[{"href":"https:\/\/www.europesays.com\/fr\/wp-json\/wp\/v2\/types\/post"}],"author":[{"embeddable":true,"href":"https:\/\/www.europesays.com\/fr\/wp-json\/wp\/v2\/users\/2"}],"replies":[{"embeddable":true,"href":"https:\/\/www.europesays.com\/fr\/wp-json\/wp\/v2\/comments?post=1109131"}],"version-history":[{"count":0,"href":"https:\/\/www.europesays.com\/fr\/wp-json\/wp\/v2\/posts\/1109131\/revisions"}],"wp:featuredmedia":[{"embeddable":true,"href":"https:\/\/www.europesays.com\/fr\/wp-json\/wp\/v2\/media\/1109132"}],"wp:attachment":[{"href":"https:\/\/www.europesays.com\/fr\/wp-json\/wp\/v2\/media?parent=1109131"}],"wp:term":[{"taxonomy":"category","embeddable":true,"href":"https:\/\/www.europesays.com\/fr\/wp-json\/wp\/v2\/categories?post=1109131"},{"taxonomy":"post_tag","embeddable":true,"href":"https:\/\/www.europesays.com\/fr\/wp-json\/wp\/v2\/tags?post=1109131"}],"curies":[{"name":"wp","href":"https:\/\/api.w.org\/{rel}","templated":true}]}}