{"id":110920,"date":"2025-05-19T04:47:11","date_gmt":"2025-05-19T04:47:11","guid":{"rendered":"https:\/\/www.europesays.com\/fr\/110920\/"},"modified":"2025-05-19T04:47:11","modified_gmt":"2025-05-19T04:47:11","slug":"le-megaprojet-de-loi-de-trump-en-bonne-voie-au-congres-assure-un-chef-republicain-actualites","status":"publish","type":"post","link":"https:\/\/www.europesays.com\/fr\/110920\/","title":{"rendered":"Le m\u00e9gaprojet de loi de Trump \u00ab\u00a0en bonne voie\u00a0\u00bb au Congr\u00e8s, assure un chef r\u00e9publicain : Actualit\u00e9s"},"content":{"rendered":"<p class=\"lead \">Le colossal projet de loi budg\u00e9taire vivement souhait\u00e9 par Donald Trump est \u00ab\u00a0en bonne voie\u00a0\u00bb pour \u00eatre adopt\u00e9 au Congr\u00e8s, a affirm\u00e9 dimanche le chef r\u00e9publicain Mike Johnson, malgr\u00e9 le malaise voire la col\u00e8re de certains \u00e9lus de son camp.<\/p>\n<p class=\"lead \">Le plan est de voir le texte arriver dans l&rsquo;h\u00e9micycle \u00ab\u00a0d&rsquo;ici la fin de la semaine\u00a0\u00bb, a ainsi affirm\u00e9 le pr\u00e9sident de la Chambre des repr\u00e9sentants \u00e0 l&rsquo;\u00e9mission Fox News Sunday.<\/p>\n<p class=\"lead \">Donald Trump pousse les parlementaires \u00e0 faire vite pour adopter cette \u00ab\u00a0grande et belle loi\u00a0\u00bb, comme il la d\u00e9crit, surtout afin de concr\u00e9tiser l&rsquo;extension des cr\u00e9dits d&rsquo;imp\u00f4t de son premier mandat, qui arrivent \u00e0 expiration \u00e0 la fin de l&rsquo;ann\u00e9e.<\/p>\n<p class=\"lead \">Selon une commission ind\u00e9pendante du Congr\u00e8s, une telle extension accompagn\u00e9e d&rsquo;autres mesures fiscales entra\u00eenerait une hausse de plus de 4.800 milliards de dollars du d\u00e9ficit de l&rsquo;Etat f\u00e9d\u00e9ral au cours de la prochaine d\u00e9cennie.<\/p>\n<p class=\"lead \">Pour la compenser en partie, les r\u00e9publicains comptent effectuer des coupes claires dans certaines d\u00e9penses, en particulier Medicaid, l&rsquo;assurance sant\u00e9 dont plus de 70 millions d&rsquo;Am\u00e9ricains aux revenus modestes d\u00e9pendent.<\/p>\n<p class=\"lead \">Mais dans le camp r\u00e9publicain, pourtant majoritaire dans les deux chambres du Congr\u00e8s, le conflit ouvert entre diff\u00e9rentes factions menace de retarder le processus.<\/p>\n<p class=\"lead \">Du c\u00f4t\u00e9 de l&rsquo;aile mod\u00e9r\u00e9e, on craint que d&rsquo;importantes coupes dans Medicaid fassent peser un risque \u00e9lectoral trop \u00e9lev\u00e9 avant les \u00e9lections l\u00e9gislatives de mi-mandat, en novembre 2026.<\/p>\n<p class=\"lead \">Pour une partie de l&rsquo;aile ultraconservatrice, qui pr\u00f4ne une r\u00e9duction du d\u00e9ficit, ces coupes au contraire ne vont pas assez loin.<\/p>\n<p class=\"lead \">Plusieurs \u00e9lus conservateurs ont r\u00e9ussi \u00e0 faire d\u00e9railler temporairement le processus vendredi en votant contre le texte lors de l&rsquo;examen devant la commission du budget.<\/p>\n<p class=\"lead \">\u00ab\u00a0Nous n&rsquo;aimons pas les \u00e9crans de fum\u00e9e, nous voulons de vraies coupes\u00a0\u00bb, a lanc\u00e9 devant la presse l&rsquo;un d&rsquo;entre eux, l&rsquo;\u00e9lu r\u00e9publicain Ralph Norman.<\/p>\n<p class=\"lead \">Le \u00ab\u00a0speaker\u00a0\u00bb Mike Johnson tente depuis de convaincre les \u00e9lus r\u00e9fractaires.<\/p>\n<p class=\"lead \">\u00ab\u00a0C&rsquo;est la plus grande r\u00e9duction des d\u00e9penses de ces trois derni\u00e8res d\u00e9cennies\u00a0\u00bb, a-t-il encore argument\u00e9 sur Fox dimanche.<\/p>\n<p class=\"lead \">La commission doit d\u00e9battre \u00e0 nouveau du texte dimanche tard dans la soir\u00e9e, avec l&rsquo;espoir \u00e0 droite qu&rsquo;il sera cette fois-ci adopt\u00e9. <\/p>\n<p class=\"lead \">M\u00eame s&rsquo;il passe ce premier \u00e9cueil, la bataille sera loin d&rsquo;\u00eatre termin\u00e9e puisque les s\u00e9nateurs r\u00e9publicains ont d\u00e9j\u00e0 fait part de leur volont\u00e9 d&rsquo;effectuer des changements majeurs quand le projet atteindra la chambre haute.<\/p>\n<p class=\"lead \">Au grand dam de Donald Trump, qui voit la perspective d&rsquo;une victoire l\u00e9gislative de prestige s&rsquo;\u00e9loigner \u00e0 court terme.<\/p>\n<p class=\"small font-weight-bold text-gray3 \"> publi\u00e9 le 18 mai \u00e0 18h03, AFP<\/p>\n<p>                             Partager<\/p>\n","protected":false},"excerpt":{"rendered":"Le colossal projet de loi budg\u00e9taire vivement souhait\u00e9 par Donald Trump est \u00ab\u00a0en bonne voie\u00a0\u00bb pour \u00eatre adopt\u00e9&hellip;\n","protected":false},"author":2,"featured_media":110921,"comment_status":"","ping_status":"","sticky":false,"template":"","format":"standard","meta":{"footnotes":""},"categories":[6],"tags":[1003,35,33,34,590,4608,1011,27,1050,316,308],"class_list":{"0":"post-110920","1":"post","2":"type-post","3":"status-publish","4":"format-standard","5":"has-post-thumbnail","7":"category-economie","8":"tag-budget","9":"tag-business","10":"tag-economie","11":"tag-economy","12":"tag-finance","13":"tag-fiscalit","14":"tag-fr","15":"tag-france","16":"tag-parlement","17":"tag-politique","18":"tag-usa"},"share_on_mastodon":{"url":"https:\/\/pubeurope.com\/@fr\/114532689099261472","error":""},"_links":{"self":[{"href":"https:\/\/www.europesays.com\/fr\/wp-json\/wp\/v2\/posts\/110920","targetHints":{"allow":["GET"]}}],"collection":[{"href":"https:\/\/www.europesays.com\/fr\/wp-json\/wp\/v2\/posts"}],"about":[{"href":"https:\/\/www.europesays.com\/fr\/wp-json\/wp\/v2\/types\/post"}],"author":[{"embeddable":true,"href":"https:\/\/www.europesays.com\/fr\/wp-json\/wp\/v2\/users\/2"}],"replies":[{"embeddable":true,"href":"https:\/\/www.europesays.com\/fr\/wp-json\/wp\/v2\/comments?post=110920"}],"version-history":[{"count":0,"href":"https:\/\/www.europesays.com\/fr\/wp-json\/wp\/v2\/posts\/110920\/revisions"}],"wp:featuredmedia":[{"embeddable":true,"href":"https:\/\/www.europesays.com\/fr\/wp-json\/wp\/v2\/media\/110921"}],"wp:attachment":[{"href":"https:\/\/www.europesays.com\/fr\/wp-json\/wp\/v2\/media?parent=110920"}],"wp:term":[{"taxonomy":"category","embeddable":true,"href":"https:\/\/www.europesays.com\/fr\/wp-json\/wp\/v2\/categories?post=110920"},{"taxonomy":"post_tag","embeddable":true,"href":"https:\/\/www.europesays.com\/fr\/wp-json\/wp\/v2\/tags?post=110920"}],"curies":[{"name":"wp","href":"https:\/\/api.w.org\/{rel}","templated":true}]}}