{"id":110922,"date":"2025-05-19T04:48:13","date_gmt":"2025-05-19T04:48:13","guid":{"rendered":"https:\/\/www.europesays.com\/fr\/110922\/"},"modified":"2025-05-19T04:48:13","modified_gmt":"2025-05-19T04:48:13","slug":"victimes-origine-de-laccident-temoignages-ce-que-lon-sait-du-voilier-qui-a-percute-le-pont-de-brooklyn-a-new-york","status":"publish","type":"post","link":"https:\/\/www.europesays.com\/fr\/110922\/","title":{"rendered":"Victimes, origine de l&rsquo;accident, t\u00e9moignages&#8230; Ce que l&rsquo;on sait du voilier qui a percut\u00e9 le pont de Brooklyn \u00e0 New York"},"content":{"rendered":"<p class=\"article-p mdl\">Les trois m\u00e2ts d&rsquo;un voilier appartenant \u00e0 la marine mexicaine se sont fracass\u00e9s sur le mythique pont de Brooklyn, samedi soir \u00e0 New York. \u00c0 la suite de\u00a0<a class=\"link\" href=\"https:\/\/www.rtl.fr\/actu\/international\/un-voilier-de-la-marine-mexicaine-heurte-le-pont-de-brooklyn-a-new-york-7900506275\" target=\"_blank\" rel=\"noopener\">ce choc impressionnant<\/a>, <strong>deux personnes <\/strong>appartenant \u00e0 l&rsquo;<strong>\u00e9quipage sont d\u00e9c\u00e9d\u00e9es<\/strong> parmi les 277 passagers qui \u00e9taient pr\u00e9sents sur ce navire-\u00e9cole.\u00a0<br \/><strong\/><br \/><strong>Au moins 22\u00a0personnes sont encore bless\u00e9es<\/strong> dont onze se retrouvant dans un \u00ab\u00a0\u00e9tat critique\u00a0\u00bb, a pr\u00e9cis\u00e9 dimanche le\u00a0<a class=\"link\" href=\"https:\/\/www.nytimes.com\/2025\/05\/17\/nyregion\/brooklyn-bridge-ship-crash-nyc.html\" target=\"_blank\" rel=\"noopener\">New York Times<\/a>.<\/p>\n<p class=\"article-p mdl\">Le voilier de la marine mexicaine, nomm\u00e9 <strong>Cuauht\u00e9moc <\/strong>et dont la hauteur atteint plus de 48 m\u00e8tres, s&rsquo;est heurt\u00e9 au pont de Brooklyn dans la baie de New York samedi soir, sous les yeux des passants qui profitaient d&rsquo;une soir\u00e9e printani\u00e8re au bord de<strong> l&rsquo;East River<\/strong>. Le navire se dirigeait toutes voiles d\u00e9ploy\u00e9es et lumi\u00e8res allum\u00e9es vers la structure m\u00e9tallique, sans que le choc puisse \u00eatre stopp\u00e9.<\/p>\n<p>            \u00ab\u00a0La panique sur le bateau\u00a0\u00bb<\/p>\n<p class=\"article-p mdl\">Alors que le capitaine man\u0153uvrait, ce navire construit en 1982 faisant route vers l&rsquo;Islande a perdu de la puissance, le for\u00e7ant \u00e0 se diriger vers la cul\u00e9e du pont du c\u00f4t\u00e9 de Brooklyn,selon Wilson Aramboles, chef des op\u00e9rations sp\u00e9ciales de la police de New York, lors d&rsquo;une conf\u00e9rence de presse. Plusieurs marins qui se trouvaient sur la partie sup\u00e9rieure du navire ont \u00e9t\u00e9 bless\u00e9s lorsque celui-ci a percut\u00e9 le pont, a-t-il ajout\u00e9. Il n&rsquo;a pas pr\u00e9cis\u00e9 si ces marins figurent parmi les personnes d\u00e9c\u00e9d\u00e9es<\/p>\n<p class=\"article-p mdl\">Aucune personne \u00e0 bord \u00ab\u00a0n&rsquo;est tomb\u00e9e \u00e0 l&rsquo;eau, ce qui fait qu&rsquo;il n&rsquo;a pas \u00e9t\u00e9 n\u00e9cessaire d&rsquo;activer des op\u00e9rations de secours\u00a0\u00bb, a indiqu\u00e9 la marine dans un communiqu\u00e9. Elle a confirm\u00e9 que le Cuauht\u00e9moc a subi des dommages lors de \u00ab\u00a0l&rsquo;incident\u00a0\u00bb. \u00ab\u00a0Le minist\u00e8re de la Marine r\u00e9affirme son engagement envers la s\u00e9curit\u00e9 de son personnel, la transparence de ses op\u00e9rations et l&rsquo;excellence dans la formation des futurs officiers\u00a0\u00bb, pr\u00e9cise \u00e9galement le communiqu\u00e9.<\/p>\n<p class=\"article-p mdl\">\u00ab\u00a0Aucun dommage structurel\u00a0n&rsquo;a \u00e9t\u00e9 constat\u00e9 sur le pont de Brooklyn\u00a0\u00bb, a indiqu\u00e9 le d\u00e9partement des transports new-yorkais sur X. Apr\u00e8s l&rsquo;accident, le navire a \u00e9t\u00e9 d\u00e9plac\u00e9 \u00e0 proximit\u00e9 du pont de Manhattan, a constat\u00e9 un journaliste de l&rsquo;AFP. La police de New York a conseill\u00e9 aux habitants, via X, d&rsquo;\u00e9viter le secteur en raison d&rsquo;une \u00ab\u00a0circulation dense\u00a0\u00bb et d&rsquo;une \u00ab\u00a0importante pr\u00e9sence de v\u00e9hicules d&rsquo;urgence\u00a0\u00bb.<\/p>\n<p class=\"article-p mdl\">\u00a0\u00ab\u00a0C&rsquo;\u00e9tait la panique sur le bateau\u00a0\u00bb, a racont\u00e9 aupr\u00e8s de l&rsquo;AFP Nick Corso, 23 ans, habitant de Brooklyn, qui se tenait pr\u00e8s de l&rsquo;East River. Il s&rsquo;appr\u00eatait \u00e0 prendre une photo, mais lorsqu&rsquo;il a r\u00e9alis\u00e9 l&rsquo;accident qui se pr\u00e9parait, il est pass\u00e9 \u00e0 la vid\u00e9o. \u00ab\u00a0La chose qui m&rsquo;a surtout frapp\u00e9e, pr\u00e9cise-t-il, c&rsquo;est la panique qui r\u00e9gnait sur le bateau. Il y avait un homme \u00e0 l&rsquo;arri\u00e8re qui faisait signe aux gens de s&rsquo;\u00e9loigner de la passerelle o\u00f9 nous nous trouvions\u00a0\u00bb.<\/p>\n<p>            Deux membres de l&rsquo;\u00e9quipage sont morts<\/p>\n<p class=\"article-p mdl\"><strong>Arturo Acatitla<\/strong>, un habitant de 37 ans, a \u00e9galement racont\u00e9 \u00e0 l&rsquo;AFP l&rsquo;incident : \u00ab\u00a0Nous avons soudainement vu les lumi\u00e8res, la collision avec le pont, et les marins qui sont tous tomb\u00e9s\u00a0\u00bb, d\u00e9crit-il alors que le bateau venait du quitter le quai.<\/p>\n<p class=\"article-p mdl\">\u00ab\u00a0Nous sommes profond\u00e9ment attrist\u00e9s par le d\u00e9c\u00e8s de deux membres de l\u2019\u00e9quipage du navire-\u00e9cole Cuauht\u00e9moc, qui ont perdu la vie dans le malheureux accident survenu dans le port de New York\u00a0\u00bb, a partag\u00e9 sur X la pr\u00e9sidente du Mexique<strong>\u00a0Claudia Sheinbaum.\u00a0<\/strong><\/p>\n<p class=\"article-p mdl\">\u00ab\u00a0Notre solidarit\u00e9 et notre soutien aux familles. La Marine, avec le soutien des autorit\u00e9s locales, soigne actuellement les bless\u00e9s. L&rsquo;ambassadeur du Mexique aux \u00c9tats-Unis et le personnel du consulat g\u00e9n\u00e9ral du Mexique \u00e0 New York soutiennent la\u00a0Marine\u00a0\u00bb, a-t-elle ajout\u00e9.<\/p>\n<p>    La r\u00e9daction vous recommande<\/p>\n<p class=\"s-newsletter__title\">\n                L\u2019actualit\u00e9 par la r\u00e9daction de RTL dans votre bo\u00eete mail.\n            <\/p>\n<p class=\"s-newsletter__subtitle\">\n                Gr\u00e2ce \u00e0 votre compte RTL abonnez-vous \u00e0 la newsletter RTL info pour suivre toute l&rsquo;actualit\u00e9 au quotidien\n            <\/p>\n<p>\n                                    Lire la suite\n                                <\/p>\n","protected":false},"excerpt":{"rendered":"Les trois m\u00e2ts d&rsquo;un voilier appartenant \u00e0 la marine mexicaine se sont fracass\u00e9s sur le mythique pont de&hellip;\n","protected":false},"author":2,"featured_media":110923,"comment_status":"","ping_status":"","sticky":false,"template":"","format":"standard","meta":{"footnotes":""},"categories":[5],"tags":[119,11,5160,3348,107,1011,27,14,5697,5184,415,12,28],"class_list":{"0":"post-110922","1":"post","2":"type-post","3":"status-publish","4":"format-standard","5":"has-post-thumbnail","7":"category-international","8":"tag-accident","9":"tag-actualites","10":"tag-bateau","11":"tag-drame","12":"tag-fil-info","13":"tag-fr","14":"tag-france","15":"tag-international","16":"tag-mexique","17":"tag-morts","18":"tag-new-york","19":"tag-news","20":"tag-world"},"share_on_mastodon":{"url":"https:\/\/pubeurope.com\/@fr\/114532693012882799","error":""},"_links":{"self":[{"href":"https:\/\/www.europesays.com\/fr\/wp-json\/wp\/v2\/posts\/110922","targetHints":{"allow":["GET"]}}],"collection":[{"href":"https:\/\/www.europesays.com\/fr\/wp-json\/wp\/v2\/posts"}],"about":[{"href":"https:\/\/www.europesays.com\/fr\/wp-json\/wp\/v2\/types\/post"}],"author":[{"embeddable":true,"href":"https:\/\/www.europesays.com\/fr\/wp-json\/wp\/v2\/users\/2"}],"replies":[{"embeddable":true,"href":"https:\/\/www.europesays.com\/fr\/wp-json\/wp\/v2\/comments?post=110922"}],"version-history":[{"count":0,"href":"https:\/\/www.europesays.com\/fr\/wp-json\/wp\/v2\/posts\/110922\/revisions"}],"wp:featuredmedia":[{"embeddable":true,"href":"https:\/\/www.europesays.com\/fr\/wp-json\/wp\/v2\/media\/110923"}],"wp:attachment":[{"href":"https:\/\/www.europesays.com\/fr\/wp-json\/wp\/v2\/media?parent=110922"}],"wp:term":[{"taxonomy":"category","embeddable":true,"href":"https:\/\/www.europesays.com\/fr\/wp-json\/wp\/v2\/categories?post=110922"},{"taxonomy":"post_tag","embeddable":true,"href":"https:\/\/www.europesays.com\/fr\/wp-json\/wp\/v2\/tags?post=110922"}],"curies":[{"name":"wp","href":"https:\/\/api.w.org\/{rel}","templated":true}]}}