{"id":110927,"date":"2025-05-19T04:51:09","date_gmt":"2025-05-19T04:51:09","guid":{"rendered":"https:\/\/www.europesays.com\/fr\/110927\/"},"modified":"2025-05-19T04:51:09","modified_gmt":"2025-05-19T04:51:09","slug":"le-chambon-feugerolles-un-million-deuros-pour-redorer-les-berges-de-londaine-et-du-cotatay","status":"publish","type":"post","link":"https:\/\/www.europesays.com\/fr\/110927\/","title":{"rendered":"Le Chambon-Feugerolles. Un million d\u2019euros pour redorer les berges de l\u2019Ondaine et du Cotatay"},"content":{"rendered":"<p>Dans les prochains jours, des engins de chantier vont progressivement investir l\u2019entr\u00e9e est du Chambon-Feugerolles. Juste apr\u00e8s le giratoire du puits du Marais, \u00e0 la confluence du Cotatay et de l\u2019Ondaine, le paysage va progressivement changer dans les mois \u00e0 venir. D\u2019importants travaux vont \u00eatre men\u00e9s au droit de la rue James-Jackson lorsqu\u2019on descend vers Le Chambon, au moins jusqu\u2019\u00e0 la fin de l\u2019ann\u00e9e.<\/p>\n<p>L\u2019objectif est triple\u00a0: restaurer des habitats favorables au d\u00e9veloppement de la faune et la flore sur les berges et dans le lit de l\u2019Ondaine, faciliter la remont\u00e9e des poissons dans les deux cours d\u2019eau et am\u00e9liorer la gestion du risque inondation en rive droite de l\u2019affluent de la Loire.<\/p>\n<p>\u00c9largir pour limiter les d\u00e9bordements<\/p>\n<p>\u00ab\u00a0Le but est de redonner de l\u2019espace \u00e0 la rivi\u00e8re pour limiter les d\u00e9bordements, au-del\u00e0 de tous les enjeux de restauration et stabilisation \u00e9cologique, admet Fran\u00e7ois Delorme, responsable du service rivi\u00e8res et gestion des crues \u00e0 Saint-\u00c9tienne M\u00e9tropole, qui m\u00e8ne&#8230;<\/p>\n","protected":false},"excerpt":{"rendered":"Dans les prochains jours, des engins de chantier vont progressivement investir l\u2019entr\u00e9e est du Chambon-Feugerolles. Juste apr\u00e8s le&hellip;\n","protected":false},"author":2,"featured_media":110928,"comment_status":"","ping_status":"","sticky":false,"template":"","format":"standard","meta":{"footnotes":""},"categories":[9653],"tags":[1111,11,1867,2430,12162,7539,436,1777,674,1011,27,12161,12,5140,25,4001,104],"class_list":{"0":"post-110927","1":"post","2":"type-post","3":"status-publish","4":"format-standard","5":"has-post-thumbnail","7":"category-saint-etienne","8":"tag-actu","9":"tag-actualites","10":"tag-animaux","11":"tag-auvergne-rhone-alpes","12":"tag-chambon-feugerolles-ville","13":"tag-edition-loire-sud","14":"tag-environnement","15":"tag-eu","16":"tag-europe","17":"tag-fr","18":"tag-france","19":"tag-le-chambon-feugerolles","20":"tag-news","21":"tag-rechauffement-climatique","22":"tag-republique-francaise","23":"tag-saint-etienne","24":"tag-societe"},"share_on_mastodon":{"url":"https:\/\/pubeurope.com\/@fr\/114532704795435073","error":""},"_links":{"self":[{"href":"https:\/\/www.europesays.com\/fr\/wp-json\/wp\/v2\/posts\/110927","targetHints":{"allow":["GET"]}}],"collection":[{"href":"https:\/\/www.europesays.com\/fr\/wp-json\/wp\/v2\/posts"}],"about":[{"href":"https:\/\/www.europesays.com\/fr\/wp-json\/wp\/v2\/types\/post"}],"author":[{"embeddable":true,"href":"https:\/\/www.europesays.com\/fr\/wp-json\/wp\/v2\/users\/2"}],"replies":[{"embeddable":true,"href":"https:\/\/www.europesays.com\/fr\/wp-json\/wp\/v2\/comments?post=110927"}],"version-history":[{"count":0,"href":"https:\/\/www.europesays.com\/fr\/wp-json\/wp\/v2\/posts\/110927\/revisions"}],"wp:featuredmedia":[{"embeddable":true,"href":"https:\/\/www.europesays.com\/fr\/wp-json\/wp\/v2\/media\/110928"}],"wp:attachment":[{"href":"https:\/\/www.europesays.com\/fr\/wp-json\/wp\/v2\/media?parent=110927"}],"wp:term":[{"taxonomy":"category","embeddable":true,"href":"https:\/\/www.europesays.com\/fr\/wp-json\/wp\/v2\/categories?post=110927"},{"taxonomy":"post_tag","embeddable":true,"href":"https:\/\/www.europesays.com\/fr\/wp-json\/wp\/v2\/tags?post=110927"}],"curies":[{"name":"wp","href":"https:\/\/api.w.org\/{rel}","templated":true}]}}