{"id":110933,"date":"2025-05-19T04:54:10","date_gmt":"2025-05-19T04:54:10","guid":{"rendered":"https:\/\/www.europesays.com\/fr\/110933\/"},"modified":"2025-05-19T04:54:10","modified_gmt":"2025-05-19T04:54:10","slug":"villers-les-nancy-philippe-brun-des-tables-etoilees-au-clos-jeannon-pour-un-nouveau-defi-2","status":"publish","type":"post","link":"https:\/\/www.europesays.com\/fr\/110933\/","title":{"rendered":"Villers-l\u00e8s-Nancy. Philippe Brun, des tables \u00e9toil\u00e9es au Clos Jeannon pour un nouveau d\u00e9fi"},"content":{"rendered":"<p>L\u2019homme est discret. Efficace. Pr\u00e9cis. Passionn\u00e9. La perp\u00e9tuelle remise en question fait partie de son ADN. V\u00e9ritable \u00e9ponge, il se nourrit de l\u2019excellence de ses illustres pairs. Et \u00e0 la question, qu\u2019ont en commun <a href=\"https:\/\/www.estrepublicain.fr\/p\/anne-sophie-pic\" target=\"_blank\" rel=\"noopener\">Anne-Sophie Pic<\/a>, <a href=\"https:\/\/www.estrepublicain.fr\/p\/alain-ducasse\" target=\"_blank\" rel=\"noopener\">Alain Ducasse<\/a>, Fred Anton, <a href=\"https:\/\/www.estrepublicain.fr\/p\/pierre-gagnaire\" target=\"_blank\" rel=\"noopener\">Pierre Gagnaire<\/a>, Michel Gu\u00e9rard ou encore Jean-Denis Rieubland ? La r\u00e9ponse tient en un patronyme : cette incroyable constellation gastronomique a accueilli, au sein de ses cuisines, Philippe Brun.<\/p>\n<p>\u00c0 43 ans, le Nanc\u00e9ien, n\u00e9 \u00e0 Laxou et ayant grandi \u00e0 Velaine-en-Haye, revient dans sa r\u00e9gion natale apr\u00e8s un incroyable p\u00e9riple professionnel. D\u00e9sormais aux fourneaux du <a href=\"https:\/\/www.estrepublicain.fr\/edition-de-nancy-agglomeration\/2018\/01\/11\/second-souffle-pour-le-clos-jeannon-a-villers-les-nancy\" target=\"_blank\" rel=\"noopener\">Clos Jeannon, \u00e0 Villers-l\u00e8s-Nancy<\/a> , ce chef exigeant a donc fait ses classes en tutoyant les \u00e9toiles.<\/p>\n<p>De Fred Anton \u00e0 Michel Gu\u00e9rard<\/p>\n<p>\u00ab J\u2019ai fait mon apprentissage chez Recouvreur, pour la p\u00e2tisserie, puis au Capucin Gourmand, avec Herv\u00e9 Fourri\u00e8re, pour la cuisine. \u00bb Un ma\u00eetre d\u2019apprentissage qui l\u2019envoie, en 2001, dans les cuisines de Fred Anton o\u00f9&#8230;<\/p>\n","protected":false},"excerpt":{"rendered":"L\u2019homme est discret. Efficace. Pr\u00e9cis. Passionn\u00e9. La perp\u00e9tuelle remise en question fait partie de son ADN. V\u00e9ritable \u00e9ponge,&hellip;\n","protected":false},"author":2,"featured_media":110932,"comment_status":"","ping_status":"","sticky":false,"template":"","format":"standard","meta":{"footnotes":""},"categories":[9635],"tags":[1111,11,1704,1777,674,1011,27,775,6016,10262,3457,1702,12,3456,25,10261],"class_list":{"0":"post-110933","1":"post","2":"type-post","3":"status-publish","4":"format-standard","5":"has-post-thumbnail","7":"category-nancy","8":"tag-actu","9":"tag-actualites","10":"tag-edition-nancy-et-agglomeration","11":"tag-eu","12":"tag-europe","13":"tag-fr","14":"tag-france","15":"tag-grand-est","16":"tag-magazine-cuisine-et-vins","17":"tag-metropole-du-grand-nancy-54b5","18":"tag-meurthe-et-moselle","19":"tag-nancy","20":"tag-news","21":"tag-region-lorraine","22":"tag-republique-francaise","23":"tag-villers-les-nancy"},"share_on_mastodon":{"url":"https:\/\/pubeurope.com\/@fr\/114532716699337900","error":""},"_links":{"self":[{"href":"https:\/\/www.europesays.com\/fr\/wp-json\/wp\/v2\/posts\/110933","targetHints":{"allow":["GET"]}}],"collection":[{"href":"https:\/\/www.europesays.com\/fr\/wp-json\/wp\/v2\/posts"}],"about":[{"href":"https:\/\/www.europesays.com\/fr\/wp-json\/wp\/v2\/types\/post"}],"author":[{"embeddable":true,"href":"https:\/\/www.europesays.com\/fr\/wp-json\/wp\/v2\/users\/2"}],"replies":[{"embeddable":true,"href":"https:\/\/www.europesays.com\/fr\/wp-json\/wp\/v2\/comments?post=110933"}],"version-history":[{"count":0,"href":"https:\/\/www.europesays.com\/fr\/wp-json\/wp\/v2\/posts\/110933\/revisions"}],"wp:featuredmedia":[{"embeddable":true,"href":"https:\/\/www.europesays.com\/fr\/wp-json\/wp\/v2\/media\/110932"}],"wp:attachment":[{"href":"https:\/\/www.europesays.com\/fr\/wp-json\/wp\/v2\/media?parent=110933"}],"wp:term":[{"taxonomy":"category","embeddable":true,"href":"https:\/\/www.europesays.com\/fr\/wp-json\/wp\/v2\/categories?post=110933"},{"taxonomy":"post_tag","embeddable":true,"href":"https:\/\/www.europesays.com\/fr\/wp-json\/wp\/v2\/tags?post=110933"}],"curies":[{"name":"wp","href":"https:\/\/api.w.org\/{rel}","templated":true}]}}