{"id":110934,"date":"2025-05-19T04:55:10","date_gmt":"2025-05-19T04:55:10","guid":{"rendered":"https:\/\/www.europesays.com\/fr\/110934\/"},"modified":"2025-05-19T04:55:10","modified_gmt":"2025-05-19T04:55:10","slug":"toulon-paralysee-par-les-taxis-en-colere-ce-lundi-matin-galere-en-vue-pour-entrer-et-sortir-de-la-ville-en-voiture","status":"publish","type":"post","link":"https:\/\/www.europesays.com\/fr\/110934\/","title":{"rendered":"Toulon paralys\u00e9e par les taxis en col\u00e8re ce lundi matin: gal\u00e8re en vue pour entrer et sortir de la ville en voiture"},"content":{"rendered":"<p>Gal\u00e8re en vue pour entrer et sortir de Toulon ce lundi. <a href=\"https:\/\/www.varmatin.com\/vie-locale\/les-taxis-du-var-mobilises-lundi-a-toulon-grosse-galere-a-prevoir-pour-circuler-986198\" target=\"_blank\" rel=\"noopener\">En col\u00e8re et en gr\u00e8ve, les taxis ont pr\u00e9vu de manifester<\/a> et de mener <strong>des op\u00e9rations escargot sur l\u2019A50, l\u2019A57 et l\u2019A8 ainsi que dans le centre-ville de Toulon<\/strong>.<\/p>\n<p>Les cort\u00e8ges ont pr\u00e9vu de se rassembler <strong>d\u00e8s 5h30<\/strong> au centre commercial d\u2019Ollioules et sur l\u2019aire d\u2019autoroute de La Garde pour <strong>un d\u00e9part d\u00e8s 6h<\/strong>, annonce la pr\u00e9fecture du Var.<\/p>\n<blockquote class=\"twitter-tweet\">\n<p lang=\"fr\" dir=\"ltr\"><a href=\"https:\/\/twitter.com\/hashtag\/Manifestations?src=hash&amp;ref_src=twsrc%5Etfw\" target=\"_blank\" rel=\"noopener\">#Manifestations<\/a> | \u26a0\ufe0f Dans la matin\u00e9e du lundi 19 mai, des op\u00e9rations escargot de taxis sont attendues sur l\u2019A50, A57 et A8 ainsi que dans le centre-ville de <a href=\"https:\/\/twitter.com\/hashtag\/Toulon?src=hash&amp;ref_src=twsrc%5Etfw\" target=\"_blank\" rel=\"noopener\">#Toulon<\/a>.<br \/>\u27a1\ufe0f Les cort\u00e8ges ont pr\u00e9vu de se rassembler d\u00e8s 5h30 au centre commercial d\u2019Ollioules et sur l\u2019aire d\u2019autoroute de\u2026 <a href=\"https:\/\/t.co\/1Q1uESOT1h\">pic.twitter.com\/1Q1uESOT1h<\/a><\/p>\n<p>\u2014 Pr\u00e9fet du Var (@Prefet83) <a href=\"https:\/\/twitter.com\/Prefet83\/status\/1924123750087196787?ref_src=twsrc%5Etfw\" target=\"_blank\" rel=\"noopener\">May 18, 2025<\/a><\/p><\/blockquote>\n<p>Les convois se dirigeront ensuite vers le centre-ville de Toulon et les h\u00f4pitaux, cliniques et centres de soins de l\u2019agglom\u00e9ration, la caisse primaire d\u2019assurance maladie et la pr\u00e9fecture. <strong>Des op\u00e9rations de tractage pourraient \u00eatre organis\u00e9es aux abords des p\u00e9ages<\/strong>.<\/p>\n<p><strong>\u00ab\u00a0Il est conseill\u00e9 d\u2019\u00e9viter ces secteurs et de reporter ses d\u00e9placements\u00a0\u00bb<\/strong>, conclut la pr\u00e9fecture du Var dans un communiqu\u00e9.<\/p>\n<p>&gt;Infos \u00e0 suivre en temps r\u00e9el sur varmatin.com<\/p>\n<p>                                                                                                                                        <script async src=\"https:\/\/platform.twitter.com\/widgets.js\" charset=\"utf-8\"><\/script><\/p>\n","protected":false},"excerpt":{"rendered":"Gal\u00e8re en vue pour entrer et sortir de Toulon ce lundi. En col\u00e8re et en gr\u00e8ve, les taxis&hellip;\n","protected":false},"author":2,"featured_media":110935,"comment_status":"","ping_status":"","sticky":false,"template":"","format":"standard","meta":{"footnotes":""},"categories":[9619],"tags":[1111,11,1777,674,1011,27,803,12,882,25,801,2310,3366],"class_list":{"0":"post-110934","1":"post","2":"type-post","3":"status-publish","4":"format-standard","5":"has-post-thumbnail","7":"category-toulon","8":"tag-actu","9":"tag-actualites","10":"tag-eu","11":"tag-europe","12":"tag-fr","13":"tag-france","14":"tag-info-trafic","15":"tag-news","16":"tag-provence-alpes-cote-dazur","17":"tag-republique-francaise","18":"tag-social","19":"tag-toulon","20":"tag-vie-locale"},"share_on_mastodon":{"url":"https:\/\/pubeurope.com\/@fr\/114532720576534040","error":""},"_links":{"self":[{"href":"https:\/\/www.europesays.com\/fr\/wp-json\/wp\/v2\/posts\/110934","targetHints":{"allow":["GET"]}}],"collection":[{"href":"https:\/\/www.europesays.com\/fr\/wp-json\/wp\/v2\/posts"}],"about":[{"href":"https:\/\/www.europesays.com\/fr\/wp-json\/wp\/v2\/types\/post"}],"author":[{"embeddable":true,"href":"https:\/\/www.europesays.com\/fr\/wp-json\/wp\/v2\/users\/2"}],"replies":[{"embeddable":true,"href":"https:\/\/www.europesays.com\/fr\/wp-json\/wp\/v2\/comments?post=110934"}],"version-history":[{"count":0,"href":"https:\/\/www.europesays.com\/fr\/wp-json\/wp\/v2\/posts\/110934\/revisions"}],"wp:featuredmedia":[{"embeddable":true,"href":"https:\/\/www.europesays.com\/fr\/wp-json\/wp\/v2\/media\/110935"}],"wp:attachment":[{"href":"https:\/\/www.europesays.com\/fr\/wp-json\/wp\/v2\/media?parent=110934"}],"wp:term":[{"taxonomy":"category","embeddable":true,"href":"https:\/\/www.europesays.com\/fr\/wp-json\/wp\/v2\/categories?post=110934"},{"taxonomy":"post_tag","embeddable":true,"href":"https:\/\/www.europesays.com\/fr\/wp-json\/wp\/v2\/tags?post=110934"}],"curies":[{"name":"wp","href":"https:\/\/api.w.org\/{rel}","templated":true}]}}